{"id":6419,"date":"2015-08-17T18:10:42","date_gmt":"2015-08-17T21:10:42","guid":{"rendered":"http:\/\/catolicanet.net\/wp-cnet\/regional-centro-oeste-organiza-2o-forum-das-pastorais-sociais\/"},"modified":"2017-04-11T11:05:52","modified_gmt":"2017-04-11T14:05:52","slug":"regional-centro-oeste-organiza-2o-forum-das-pastorais-sociais","status":"publish","type":"post","link":"https:\/\/catolicanet.net\/wp-cnet\/regional-centro-oeste-organiza-2o-forum-das-pastorais-sociais\/","title":{"rendered":"Regional Centro-Oeste organiza 2\u00ba F\u00f3rum das Pastorais Sociais"},"content":{"rendered":"<p style=\"text-align: justify;\"><img decoding=\"async\" src=\"http:\/\/www.catolicanet.com.br\/images\/stories\/pastorais_sociais_2_forum 1 370x208.jpg\" border=\"0\" align=\"left\" \/>&#8220;Doutrina Social da Igreja, pol\u00edticas p\u00fablicas e controle social&#8221; ser\u00e1 tema do 2\u00ba Semin\u00e1rio das Pastorais Sociais do regional Centro-Oeste da Confer\u00eancia Nacional dos Bispos do Brasil (CNBB), que ocorrer\u00e1 nos dias 29 e 30 de agosto, no Instituto S\u00e3o Francisco, em Goi\u00e2nia.<\/p>\n<p> A Comiss\u00e3o organizadora espera receber para o encontro coordenadores das pastorais e movimentos sociais das dioceses do regional Centro-Oeste. No \u00faltimo dia 12, durante reuni\u00e3o, foi definida a programa\u00e7\u00e3o do Semin\u00e1rio.<\/p>\n<p>\u201cEstamos preparando os \u00faltimos detalhes do semin\u00e1rio que ser\u00e1 promovido no sentido de aprofundar e formar os agentes das pastorais sociais, especialmente, na fundamenta\u00e7\u00e3o da Doutrina Social da Igreja\u201d, explicou o bispo de Ipameri (GO) e presidente da Comiss\u00e3o Episcopal Pastoral para o Servi\u00e7o da\u00a0 Caridade, da Justi\u00e7a e da Paz, dom Guilherme Werlang.<\/p>\n<p>Tamb\u00e9m s\u00e3o convidados para o evento membros da Confer\u00eancia dos Religiosos do Brasil (CRB), se\u00e7\u00f5es Goi\u00e1s e Bras\u00edlia, al\u00e9m de lideran\u00e7as que atuam em sintonia com as pastorais sociais nas dioceses.<\/p>\n<p style=\"text-align: justify;\">Fonte: CNBB<\/p>\n","protected":false},"excerpt":{"rendered":"<p>&#8220;Doutrina Social da Igreja, pol\u00edticas p\u00fablicas e controle social&#8221; ser\u00e1 tema do 2\u00ba Semin\u00e1rio das Pastorais Sociais do regional Centro-Oeste da Confer\u00eancia Nacional dos Bispos do Brasil (CNBB), que ocorrer\u00e1 nos dias 29 e 30 de agosto, no Instituto S\u00e3o Francisco, em Goi\u00e2nia. A Comiss\u00e3o organizadora espera receber para o encontro coordenadores das pastorais e [&hellip;]<\/p>\n","protected":false},"author":1,"featured_media":6418,"comment_status":"closed","ping_status":"closed","sticky":false,"template":"","format":"standard","meta":{"footnotes":""},"categories":[7],"tags":[],"class_list":["post-6419","post","type-post","status-publish","format-standard","has-post-thumbnail","hentry","category-cnbb"],"_links":{"self":[{"href":"https:\/\/catolicanet.net\/wp-cnet\/wp-json\/wp\/v2\/posts\/6419","targetHints":{"allow":["GET"]}}],"collection":[{"href":"https:\/\/catolicanet.net\/wp-cnet\/wp-json\/wp\/v2\/posts"}],"about":[{"href":"https:\/\/catolicanet.net\/wp-cnet\/wp-json\/wp\/v2\/types\/post"}],"author":[{"embeddable":true,"href":"https:\/\/catolicanet.net\/wp-cnet\/wp-json\/wp\/v2\/users\/1"}],"replies":[{"embeddable":true,"href":"https:\/\/catolicanet.net\/wp-cnet\/wp-json\/wp\/v2\/comments?post=6419"}],"version-history":[{"count":1,"href":"https:\/\/catolicanet.net\/wp-cnet\/wp-json\/wp\/v2\/posts\/6419\/revisions"}],"predecessor-version":[{"id":11275,"href":"https:\/\/catolicanet.net\/wp-cnet\/wp-json\/wp\/v2\/posts\/6419\/revisions\/11275"}],"wp:featuredmedia":[{"embeddable":true,"href":"https:\/\/catolicanet.net\/wp-cnet\/wp-json\/wp\/v2\/media\/6418"}],"wp:attachment":[{"href":"https:\/\/catolicanet.net\/wp-cnet\/wp-json\/wp\/v2\/media?parent=6419"}],"wp:term":[{"taxonomy":"category","embeddable":true,"href":"https:\/\/catolicanet.net\/wp-cnet\/wp-json\/wp\/v2\/categories?post=6419"},{"taxonomy":"post_tag","embeddable":true,"href":"https:\/\/catolicanet.net\/wp-cnet\/wp-json\/wp\/v2\/tags?post=6419"}],"curies":[{"name":"wp","href":"https:\/\/api.w.org\/{rel}","templated":true}]}}