{"id":64173,"date":"2020-11-09T08:11:08","date_gmt":"2020-11-09T11:11:08","guid":{"rendered":"https:\/\/catolicanet.net\/wp-cnet\/?p=64173"},"modified":"2020-11-09T08:11:08","modified_gmt":"2020-11-09T11:11:08","slug":"politicos-com-prazo-de-validade","status":"publish","type":"post","link":"https:\/\/catolicanet.net\/wp-cnet\/politicos-com-prazo-de-validade\/","title":{"rendered":"POL\u00cdTICOS COM PRAZO DE VALIDADE"},"content":{"rendered":"<p style=\"text-align: center;\">Padre Di Lascio<\/p>\n<p style=\"text-align: justify;\">Surpreendente: eis uma verdade que nos cala e nos move em dire\u00e7\u00e3o ao \u00f3bvio. Qualquer semelhan\u00e7a com uma situa\u00e7\u00e3o an\u00e1loga \u00e9 mera coincid\u00eancia. Uma par\u00e1bola torna compreens\u00edvel certa verdade que se esconde por de tr\u00e1s das m\u00e1scaras do sarcasmo, das fraudes e mentiras.<\/p>\n<p style=\"text-align: justify;\">Assim, os produtos s\u00e3o garantidos quanto \u00e0 sua qualidade e efic\u00e1cia, atrav\u00e9s do r\u00f3tulo indicativo de seu prazo de validade. Uma vez vencido esse prazo, o produto \u00e9 desqualificado e, por se tornar uma amea\u00e7a \u00e0 vida e \u00e0 sa\u00fade dos consumidores, deve ser retirado de circula\u00e7\u00e3o e incinerado.<\/p>\n<p style=\"text-align: justify;\">Transportemos agora essa abordagem para o mundo pol\u00edtico. Estamos em \u00e9poca de elei\u00e7\u00f5es, que est\u00e3o a\u00ed, nesse pr\u00f3ximo m\u00eas de novembro. \u00c9 desanimador observar e constatar o pouco caso com que a maioria dos eleitores encara esse nobre exerc\u00edcio de cidadania: o direito de votar.<\/p>\n<p style=\"text-align: justify;\">Votar \u00e9 mais que escolher um candidato e assim ajudar na luta por um pa\u00eds a \u00a0ser governado por cidad\u00e3os com compet\u00eancia, justi\u00e7a e \u00e9tica. Pa\u00eds de mulheres e homens ilibados, comprometidos com a causa do povo, dispostos at\u00e9 ao sacrif\u00edcio de suas pr\u00f3prias vidas.<\/p>\n<p style=\"text-align: justify;\">Uma pergunta que est\u00e1 na mente dos eleitores brasileiros \u00e9: como avaliar um candidato sabendo se ele \u00e9 bom, digno de ser\u00a0 eleito, ou n\u00e3o? Na prolifera\u00e7\u00e3o das <em>fakenews<\/em> e sob o crescente dom\u00ednio do monop\u00f3lio das redes midi\u00e1ticas por certos grupos de comunica\u00e7\u00e3o&#8230; Profissionais treinados e muito bem remunerados, cujo mister \u00e9 distorcer fatos e espalhar not\u00edcias falsas, criando um clima de intrigas. Capazes de rastrear minuciosamente nas malhas da informa\u00e7\u00e3o a privacidade dos candidatos concorrentes, buscando assim \u00a0elimin\u00e1-los, tal como se procede naquela aberra\u00e7\u00e3o ideol\u00f3gica e pervertida do <em>Big Brother.\u00a0\u00a0 <\/em><\/p>\n<p style=\"text-align: justify;\">Que tal colocar em pr\u00e1tica a averigua\u00e7\u00e3o do Prazo de Validade para os pol\u00edticos? Isso \u00e9 simples e f\u00e1cil de se \u00a0fazer. Tendo em vista a an\u00e1lise e conclus\u00e3o de que o tempo ideal m\u00e1ximo de um politico no exerc\u00edcio de seu mandato deveria ser de 8 anos, pergunta-se: ser\u00e1 que tal ou qual candidato que se apresenta nestas elei\u00e7\u00f5es j\u00e1 adquiriu uma cadeira parlamentar cativa? Assim, corroborando a m\u00e1xima da estupidez politica: <em>Daqui eu n\u00e3o saio, daqui ningu\u00e9m me tira.?<\/em><\/p>\n<p style=\"text-align: justify;\">H\u00e1 quanto tempo ele se mant\u00e9m no cargo?\u00a0 Seu mandato j\u00e1 vem se estendendo h\u00e1 \u00a0quantos anos; 10, 15, 20 \u00a0ou 30 anos? Vem se tornando j\u00e1 um fator que atravanca e impede que for\u00e7as novas deem sua contribui\u00e7\u00e3o, um eficaz servi\u00e7o \u00e0 sua cidade, seu estado, seu pa\u00eds?<\/p>\n<p style=\"text-align: justify;\">Um politico com prazo de validade vencida \u00e9 uma bact\u00e9ria mal\u00e9fica e mortal que atua no tecido social e nas estruturas da sociedade, favorecendo e legitimando a corrup\u00e7\u00e3o, o legado do apadrinhamento, o trafico de influ\u00eancia, a riqueza il\u00edcita, a legitima\u00e7\u00e3o do trafico de armas, de drogas, da prostitui\u00e7\u00e3o, do retalhamento e negocia\u00e7\u00f5es das riquezas naturais, do analfabetismo, da manuten\u00e7\u00e3o da ind\u00fastria da mis\u00e9ria e do aumento do abismo que se abre\u00a0 entre a vergonha pecaminosa dos poderosos e a imensa legi\u00e3o dos empobrecidos. \u00c9 um v\u00edrus cancerino que, proliferando, vai corroendo as pessoas e os cidad\u00e3os atrav\u00e9s dos v\u00edcios l\u00edcitos e il\u00edcitos, e que toma conta das consci\u00eancias inoculando nelas o del\u00edrio dos sonhos perdidos, cujo destino \u00e9 o suic\u00eddio coletivo, irrevers\u00edvel. .<\/p>\n<p style=\"text-align: justify;\">Quando o povo percebe que foi ludibriado e n\u00e3o h\u00e1 \u00a0mais tempo de voltar atr\u00e1s, o politico j\u00e1 est\u00e1 vivendo numa outra classe social com seus carr\u00f5es blindados, em seus condom\u00ednios fechados&#8230; Ostentando um aparato de seguran\u00e7a inviol\u00e1vel, fomenta festas bilion\u00e1rias custeadas atrav\u00e9s de falcatruas e desvios de dinheiro, trapa\u00e7as articuladas pelos c\u00e9rebros com a intelig\u00eancia do Maligno.<\/p>\n<p style=\"text-align: justify;\">A perpetua\u00e7\u00e3o no cargo enseja ao politico uma mudan\u00e7a de lugar no estrato social. De sua condi\u00e7\u00e3o, limitada pela origem humilde e popular, \u00a0passa para o grupo dos produtores de empobrecidos, de marginalizados e esquecidos, que, ludibriados, acabam caindo \u00a0no conto de fadas dos espertalh\u00f5es e oportunistas.<\/p>\n<p style=\"text-align: justify;\">Na pol\u00edtica suja da compra de votos, trocados por adere\u00e7os, bugigangas, bijuterias e bagatelas, favores pessoais, vantagens, resta deformada e profanada a sagrada consci\u00eancia do cidad\u00e3o, corro\u00edda no seu processo de pensar, refletir e decidir por uma plena liberdade, livre escolha.<\/p>\n<p style=\"text-align: justify;\">Diante dessa mil\u00edcia de parlamentares desonestos fica a triste conclus\u00e3o: \u00a0a leviandade de se julgar a todos por esse mesmo par\u00e2metro, denegrindo os bons pol\u00edticos, aqueles realmente vocacionados, juntando-os todos como, \u2013 no dizer do povo \u2013 \u201cfarinha do mesmo saco\u201d.<\/p>\n<p style=\"text-align: justify;\">Os marqueteiros a servi\u00e7o da cultura do il\u00edcito agem como aves de rapina, na calada da noite. Alteram os produtos vencidos, o seu prazo de validade, com a substitui\u00e7\u00e3o da embalagem. D\u00e3o um novo nome ao produto repaginado, enganando assim o consumidor. Com a ganancia do lucro e imbu\u00eddos da filosofia popular do \u201cnada a perder\u201d, est\u00e3o pouco ligando para os efeitos colaterais dessa barganha diab\u00f3lica. Quantas enfermidades o povo adquire ao consumir produtos vencidos! Que grav\u00edssimas sequelas v\u00eam se manifestando\u00a0\u00a0 \u00a0ao longo dos anos, se n\u00e3o para o resto de suas vidas!&#8230;<\/p>\n<p style=\"text-align: justify;\">Isso ocorre com os pol\u00edticos que. fazem de tudo para permanecer em seus tronos. Trocam de partido, mudam o discurso e a cor da gravata, repaginam seus visuais, contratam <em>personal stile<\/em>, (fazem transplante de cabelo), colocam botoques, adquirem corpos sarados, implantes dent\u00e1rios, <em>foto shop<\/em>, corrigem cacoetes&#8230; Aparecem nas redes sociais sempre sorrindo, e com um ar de quem se satisfaz com a desgra\u00e7a do povo. Est\u00e3o sempre cercados por oportunistas coniventes com essa falsidade toda.<\/p>\n<p style=\"text-align: justify;\">Durante quatro anos esses pol\u00edticos traidores da P\u00e1tria Amada, hibernam nos seus escrit\u00f3rios de fachada, \u00a0e, justo \u00a0na \u00e9poca das elei\u00e7\u00f5es eles ressurgem, sustentados pelos assessores e os empreendedores da campanha, que passa a ser um movimento para impedir e bloquear a entrada de candidatos novatos, sangue novo, nova safra que vem para somar e contribuir com vistas ao Bem desta na\u00e7\u00e3o.<\/p>\n<p style=\"text-align: justify;\">Cabe ao pol\u00edtico assumir com consci\u00eancia a Verdade de seu C\u00f3digo de \u00c9tica, e levar a s\u00e9rio o juramento que proferiu no dia da sua posse. Que ele se lembre e aceite que tamb\u00e9m pol\u00edticos t\u00eam prazo de validade.<\/p>\n<p style=\"text-align: justify;\">\u00c9 o momento de se fazer constar nos regulamentos do PROCON, uma cl\u00e1usula que contemple sobre a fiscaliza\u00e7\u00e3o dos pol\u00edticos, com a lista de seus nomes. Isso daria ao eleitor mais seguran\u00e7a, e \u00e0 pol\u00edtica brasileira, maior credibilidade.<\/p>\n<p style=\"text-align: justify;\">Estamos nessa luta! \u00c9 Davi contra Golias! Mas, Davi tinha as pedras no seu alforje, e \u00a0o povo&#8230; o voto em suas m\u00e3os.<\/p>\n<p style=\"text-align: justify;\">\n<p style=\"text-align: justify;\"><em>Pe. Luiz Roberto Teixeira Di Lascio<\/em><\/p>\n<p style=\"text-align: justify;\"><em>Arquidiocese de Campinas &#8211; SP <\/em><\/p>\n<p style=\"text-align: justify;\"><em>Vig\u00e1rio Paroquial na Bas\u00edlica Nossa Senhora do Carmo <\/em><\/p>\n<p style=\"text-align: justify;\"><em>E-mail: <\/em><a href=\"mailto:padredilascio@uol.com.br\"><em>padredilascio@uol.com.br<\/em><\/a><em>\u00a0 <\/em><\/p>\n<p style=\"text-align: justify;\"><em>Fone (19) 99704-7070<\/em><\/p>\n<p style=\"text-align: justify;\"><em>\u00a0<\/em><\/p>\n","protected":false},"excerpt":{"rendered":"<p>Padre Di Lascio Surpreendente: eis uma verdade que nos cala e nos move em dire\u00e7\u00e3o ao \u00f3bvio. Qualquer semelhan\u00e7a com uma situa\u00e7\u00e3o an\u00e1loga \u00e9 mera coincid\u00eancia. Uma par\u00e1bola torna compreens\u00edvel certa verdade que se esconde por de tr\u00e1s das m\u00e1scaras do sarcasmo, das fraudes e mentiras. Assim, os produtos s\u00e3o garantidos quanto \u00e0 sua qualidade [&hellip;]<\/p>\n","protected":false},"author":1,"featured_media":62656,"comment_status":"open","ping_status":"closed","sticky":false,"template":"","format":"standard","meta":{"footnotes":""},"categories":[4,13],"tags":[],"class_list":["post-64173","post","type-post","status-publish","format-standard","has-post-thumbnail","hentry","category-cotidiano","category-featured"],"_links":{"self":[{"href":"https:\/\/catolicanet.net\/wp-cnet\/wp-json\/wp\/v2\/posts\/64173","targetHints":{"allow":["GET"]}}],"collection":[{"href":"https:\/\/catolicanet.net\/wp-cnet\/wp-json\/wp\/v2\/posts"}],"about":[{"href":"https:\/\/catolicanet.net\/wp-cnet\/wp-json\/wp\/v2\/types\/post"}],"author":[{"embeddable":true,"href":"https:\/\/catolicanet.net\/wp-cnet\/wp-json\/wp\/v2\/users\/1"}],"replies":[{"embeddable":true,"href":"https:\/\/catolicanet.net\/wp-cnet\/wp-json\/wp\/v2\/comments?post=64173"}],"version-history":[{"count":1,"href":"https:\/\/catolicanet.net\/wp-cnet\/wp-json\/wp\/v2\/posts\/64173\/revisions"}],"predecessor-version":[{"id":64174,"href":"https:\/\/catolicanet.net\/wp-cnet\/wp-json\/wp\/v2\/posts\/64173\/revisions\/64174"}],"wp:featuredmedia":[{"embeddable":true,"href":"https:\/\/catolicanet.net\/wp-cnet\/wp-json\/wp\/v2\/media\/62656"}],"wp:attachment":[{"href":"https:\/\/catolicanet.net\/wp-cnet\/wp-json\/wp\/v2\/media?parent=64173"}],"wp:term":[{"taxonomy":"category","embeddable":true,"href":"https:\/\/catolicanet.net\/wp-cnet\/wp-json\/wp\/v2\/categories?post=64173"},{"taxonomy":"post_tag","embeddable":true,"href":"https:\/\/catolicanet.net\/wp-cnet\/wp-json\/wp\/v2\/tags?post=64173"}],"curies":[{"name":"wp","href":"https:\/\/api.w.org\/{rel}","templated":true}]}}