{"id":64111,"date":"2020-11-06T09:28:48","date_gmt":"2020-11-06T12:28:48","guid":{"rendered":"https:\/\/catolicanet.net\/wp-cnet\/?p=64111"},"modified":"2020-11-06T15:41:21","modified_gmt":"2020-11-06T18:41:21","slug":"1o-episodio-da-serie-e-tempo-de-cuidar-da-evangelizacao-permite-conhecer-as-acoes-solidarias-da-igreja-no-brasil","status":"publish","type":"post","link":"https:\/\/catolicanet.net\/wp-cnet\/1o-episodio-da-serie-e-tempo-de-cuidar-da-evangelizacao-permite-conhecer-as-acoes-solidarias-da-igreja-no-brasil\/","title":{"rendered":"1\u00ba EPIS\u00d3DIO DA S\u00c9RIE \u201c\u00c9 TEMPO DE CUIDAR DA EVANGELIZA\u00c7\u00c3O\u201d PERMITE CONHECER AS A\u00c7\u00d5ES SOLID\u00c1RIAS DA IGREJA NO BRASIL"},"content":{"rendered":"<div class=\"elementor-element elementor-element-3a087bd2 elementor-widget elementor-widget-theme-post-content\" data-id=\"3a087bd2\" data-element_type=\"widget\" data-widget_type=\"theme-post-content.default\">\n<div class=\"elementor-widget-container\">\n<blockquote><p><strong>\u201cSomos Igreja: cuidamos da vida, cuidamos do an\u00fancio da Palavra e cuidamos dos pobres\u201d. A campanha \u00e9 motivada pelo vers\u00edculo b\u00edblico: \u201cConheceis a generosidade de Cristo.\u201d (2 Cor 8,9).<\/strong><\/p><\/blockquote>\n<p style=\"text-align: justify;\">A partir deste lema a Confer\u00eancia Nacional dos Bispos do Brasil (CNBB) elaborou para este m\u00eas de novembro a campanha\u00a0<strong>\u201c\u00c9 Tempo de Cuidar da Evangeliza\u00e7\u00e3o 2020\u201d<\/strong>, a ser realizada pela Igreja no Brasil, tendo na solenidade de Cristo Rei, dia 22, seu momento forte com a realiza\u00e7\u00e3o do grande gesto concreto: a\u00a0<strong>Coleta do Bem.<\/strong><\/p>\n<p style=\"text-align: justify;\">Desde o dia 3 de novembro, est\u00e3o sendo veiculados materiais que trazem a ess\u00eancia, sensibilizam e mostram a import\u00e2ncia da campanha e do engajamento dos crist\u00e3os cat\u00f3licos para que ela seja um sucesso e possa ajudar na manuten\u00e7\u00e3o da a\u00e7\u00e3o pastoral da Igreja no Brasil e dos projetos sociais por ela financiados.<\/p>\n<p style=\"text-align: justify;\">O podcast \u00e9 um deles. No primeiro epis\u00f3dio da s\u00e9rie\u00a0<strong>\u201c\u00c9 Tempo de Cuidar da Evangeliza\u00e7\u00e3o 2020\u201d<\/strong>, conversamos com o secret\u00e1rio executivo de campanhas da CNBB, padre Patriky Samuel Batista, que refor\u00e7a que a campanha \u00e9 uma oportunidade para que todos conhe\u00e7am as a\u00e7\u00f5es de solidariedade desenvolvidas pela Igreja no Brasil.<\/p>\n<figure id=\"attachment_239007\" class=\"wp-caption alignleft\" style=\"text-align: justify;\" aria-describedby=\"caption-attachment-239007\"><img loading=\"lazy\" decoding=\"async\" class=\"wp-image-239007  ls-is-cached lazyloaded\" src=\"https:\/\/eadn-wc02-718006.nxedge.io\/cdn\/wp-content\/uploads\/2020\/05\/Patriky-300x191.jpeg\" sizes=\"auto, (max-width: 316px) 100vw, 316px\" srcset=\"https:\/\/eadn-wc02-718006.nxedge.io\/cdn\/wp-content\/uploads\/2020\/05\/Patriky-300x191.jpeg 300w, https:\/\/eadn-wc02-718006.nxedge.io\/cdn\/wp-content\/uploads\/2020\/05\/Patriky-1024x650.jpeg 1024w, https:\/\/eadn-wc02-718006.nxedge.io\/cdn\/wp-content\/uploads\/2020\/05\/Patriky-768x488.jpeg 768w, https:\/\/eadn-wc02-718006.nxedge.io\/cdn\/wp-content\/uploads\/2020\/05\/Patriky-500x318.jpeg 500w, https:\/\/eadn-wc02-718006.nxedge.io\/cdn\/wp-content\/uploads\/2020\/05\/Patriky.jpeg 1200w\" alt=\"\" width=\"316\" height=\"201\" data-srcset=\"https:\/\/eadn-wc02-718006.nxedge.io\/cdn\/wp-content\/uploads\/2020\/05\/Patriky-300x191.jpeg 300w, https:\/\/eadn-wc02-718006.nxedge.io\/cdn\/wp-content\/uploads\/2020\/05\/Patriky-1024x650.jpeg 1024w, https:\/\/eadn-wc02-718006.nxedge.io\/cdn\/wp-content\/uploads\/2020\/05\/Patriky-768x488.jpeg 768w, https:\/\/eadn-wc02-718006.nxedge.io\/cdn\/wp-content\/uploads\/2020\/05\/Patriky-500x318.jpeg 500w, https:\/\/eadn-wc02-718006.nxedge.io\/cdn\/wp-content\/uploads\/2020\/05\/Patriky.jpeg 1200w\" data-src=\"https:\/\/eadn-wc02-718006.nxedge.io\/cdn\/wp-content\/uploads\/2020\/05\/Patriky-300x191.jpeg\" data-sizes=\"(max-width: 316px) 100vw, 316px\" \/><figcaption id=\"caption-attachment-239007\" class=\"wp-caption-text\"><em>Padre Patriky Samuel Batista. Foto: CNBB<\/em><\/figcaption><\/figure>\n<p style=\"text-align: justify;\"><em>\u201cAmar \u00e9 fazer o bem. Conheceis a generosidade de Cristo, eis o lema que nos inspira para viver essa coleta, nos convidando a agir generosamente contribuindo com as a\u00e7\u00f5es de solidariedade e evangeliza\u00e7\u00e3o da Igreja Cat\u00f3lica no Brasil. Com esses recursos \u00e9 poss\u00edvel dar continuidade a diversas a\u00e7\u00f5es de cuidados, sobretudo com os mais pobres e vulner\u00e1veis. Ent\u00e3o, \u00e9 muito importante que a gente possa conhecer, participar e se envolver. Com a sua ajuda, n\u00f3s iniciamos processos de vida nova, um caminho em que n\u00f3s vamos viver, de fato, a alegria do evangelho cuidando do pr\u00f3ximo\u201d<\/em>, destaca padre Patriky no podcast.<\/p>\n<p style=\"text-align: justify;\">Para saber mais sobre as a\u00e7\u00f5es e produtos da campanha\u00a0<strong>\u201c\u00c9 Tempo de Cuidar da Evangeliza\u00e7\u00e3o 2020\u201d<\/strong>\u00a0acesse o site\u00a0<a href=\"https:\/\/campanhas.cnbb.org.br\/\">campanhas.cnbb.org.br<\/a>. Nesta p\u00e1gina, tamb\u00e9m s\u00e3o disponibilizados, semanalmente, v\u00eddeos e cards para redes sociais, VTs para as TVs de inspira\u00e7\u00e3o cat\u00f3lica do Brasil e spots para R\u00e1dios Cat\u00f3licas.<\/p>\n<h3 style=\"text-align: justify;\"><strong>CNBB Podcast:<\/strong><\/h3>\n<p style=\"text-align: justify;\">O primeiro epis\u00f3dio do Podcast da campanha pode ser acessado\u00a0<a href=\"https:\/\/soundcloud.com\/cnbbnacional\/cnbb-podcast-episodio-1-especial-coleta-do-bem\"><strong>aqui<\/strong><\/a>\u00a0no canal da CNBB no Soundcloud<\/p>\n<h3 style=\"text-align: justify;\">1\u00ba v\u00eddeo da campanha:<\/h3>\n<div class=\"ast-oembed-container\">\n<div>\n<div>\n<p><iframe loading=\"lazy\" title=\"E\u0301 Tempo de Cuidar da Evangelizac\u0327a\u0303o - A Campanha\" width=\"696\" height=\"392\" src=\"https:\/\/www.youtube.com\/embed\/Ks-4_RCsrPU?feature=oembed\" frameborder=\"0\" allow=\"accelerometer; autoplay; clipboard-write; encrypted-media; gyroscope; picture-in-picture\" allowfullscreen><\/iframe><\/p>\n<\/div>\n<\/div>\n<\/div>\n<\/div>\n<\/div>\n","protected":false},"excerpt":{"rendered":"<p>\u201cSomos Igreja: cuidamos da vida, cuidamos do an\u00fancio da Palavra e cuidamos dos pobres\u201d. A campanha \u00e9 motivada pelo vers\u00edculo b\u00edblico: \u201cConheceis a generosidade de Cristo.\u201d (2 Cor 8,9). A partir deste lema a Confer\u00eancia Nacional dos Bispos do Brasil (CNBB) elaborou para este m\u00eas de novembro a campanha\u00a0\u201c\u00c9 Tempo de Cuidar da Evangeliza\u00e7\u00e3o 2020\u201d, [&hellip;]<\/p>\n","protected":false},"author":1,"featured_media":64112,"comment_status":"open","ping_status":"closed","sticky":false,"template":"","format":"standard","meta":{"footnotes":""},"categories":[7],"tags":[],"class_list":["post-64111","post","type-post","status-publish","format-standard","has-post-thumbnail","hentry","category-cnbb"],"_links":{"self":[{"href":"https:\/\/catolicanet.net\/wp-cnet\/wp-json\/wp\/v2\/posts\/64111","targetHints":{"allow":["GET"]}}],"collection":[{"href":"https:\/\/catolicanet.net\/wp-cnet\/wp-json\/wp\/v2\/posts"}],"about":[{"href":"https:\/\/catolicanet.net\/wp-cnet\/wp-json\/wp\/v2\/types\/post"}],"author":[{"embeddable":true,"href":"https:\/\/catolicanet.net\/wp-cnet\/wp-json\/wp\/v2\/users\/1"}],"replies":[{"embeddable":true,"href":"https:\/\/catolicanet.net\/wp-cnet\/wp-json\/wp\/v2\/comments?post=64111"}],"version-history":[{"count":1,"href":"https:\/\/catolicanet.net\/wp-cnet\/wp-json\/wp\/v2\/posts\/64111\/revisions"}],"predecessor-version":[{"id":64113,"href":"https:\/\/catolicanet.net\/wp-cnet\/wp-json\/wp\/v2\/posts\/64111\/revisions\/64113"}],"wp:featuredmedia":[{"embeddable":true,"href":"https:\/\/catolicanet.net\/wp-cnet\/wp-json\/wp\/v2\/media\/64112"}],"wp:attachment":[{"href":"https:\/\/catolicanet.net\/wp-cnet\/wp-json\/wp\/v2\/media?parent=64111"}],"wp:term":[{"taxonomy":"category","embeddable":true,"href":"https:\/\/catolicanet.net\/wp-cnet\/wp-json\/wp\/v2\/categories?post=64111"},{"taxonomy":"post_tag","embeddable":true,"href":"https:\/\/catolicanet.net\/wp-cnet\/wp-json\/wp\/v2\/tags?post=64111"}],"curies":[{"name":"wp","href":"https:\/\/api.w.org\/{rel}","templated":true}]}}