{"id":64102,"date":"2020-11-06T09:19:54","date_gmt":"2020-11-06T12:19:54","guid":{"rendered":"https:\/\/catolicanet.net\/wp-cnet\/?p=64102"},"modified":"2020-11-06T15:21:24","modified_gmt":"2020-11-06T18:21:24","slug":"cristaos-e-hinduistas-positividade-e-esperanca-durante-e-depois-da-covid-19","status":"publish","type":"post","link":"https:\/\/catolicanet.net\/wp-cnet\/cristaos-e-hinduistas-positividade-e-esperanca-durante-e-depois-da-covid-19\/","title":{"rendered":"Crist\u00e3os e hindu\u00edstas: positividade e esperan\u00e7a durante e depois da Covid-19"},"content":{"rendered":"<div class=\"article__subTitle\" style=\"text-align: justify;\">Este ano, a mensagem do Pontif\u00edcio Conselho para o Di\u00e1logo Inter-religioso, enviada aos hindu\u00edstas por ocasi\u00e3o da festa do Deepavali, convida crist\u00e3os e hindu\u00edstas \u201ca se unirem a todas as pessoas de boa vontade para construir uma cultura de positividade e esperan\u00e7a no cora\u00e7\u00e3o de nossas sociedades, n\u00e3o apenas nestes dias dif\u00edceis, mas tamb\u00e9m no futuro que est\u00e1 por vir\u201d.<\/div>\n<div class=\"title__separator\" style=\"text-align: justify;\"><\/div>\n<div class=\"article__text \">\n<p style=\"text-align: justify;\"><b>Mariangela Jaguraba &#8211; Vatican News<\/b><\/p>\n<p style=\"text-align: justify;\">\u201cEm meio \u00e0s dificuldades da pandemia da Covid-19, que esta festa significativa possa remover as nuvens do medo, da ansiedade e de todo receio e encher as mentes e os cora\u00e7\u00f5es com a luz da amizade, da generosidade e da solidariedade.\u201d<\/p>\n<div style=\"text-align: justify;\">\n<div class=\"article__embed article__embed--unwrap article__embed--dark\">\n<div class=\"article__innerTitle\">Ou\u00e7a e compartilhe<\/div>\n<div>\n<!--[if lt IE 9]><script>document.createElement('audio');<\/script><![endif]-->\n<audio class=\"wp-audio-shortcode\" id=\"audio-64102-1\" preload=\"none\" style=\"width: 100%;\" controls=\"controls\"><source type=\"audio\/mpeg\" src=\"https:\/\/media.vaticannews.va\/media\/audio\/s1\/2020\/11\/06\/11\/135778190_F135778190.mp3?_=1\" \/><a href=\"https:\/\/media.vaticannews.va\/media\/audio\/s1\/2020\/11\/06\/11\/135778190_F135778190.mp3\">https:\/\/media.vaticannews.va\/media\/audio\/s1\/2020\/11\/06\/11\/135778190_F135778190.mp3<\/a><\/audio>\n<\/div>\n<\/div>\n<\/div>\n<p style=\"text-align: justify;\">Este \u00e9 um trecho da mensagem do Pontif\u00edcio Conselho para o Di\u00e1logo Inter-religioso, enviada aos hindu\u00edstas por ocasi\u00e3o da festa do Deepavali, assinada pelo presidente do organismo vaticano, cardeal Miguel \u00c1ngel Ayuso Guixot, e pelo secret\u00e1rio, mons. Indunil Kodithuwakku Janakaratne Kankanamalage.<\/p>\n<p style=\"text-align: justify;\">\u201cCrist\u00e3os e hindu\u00edstas: reacendamos um clima positivo e de esperan\u00e7a durante a pandemia da Covid-19 e depois dela\u201d \u00e9 o tema da 25\u00aa mensagem para a festa do Deepavali, que este ano ser\u00e1 celebrada em 14 de novembro. Deepavali significa literalmente \u201cfileira de l\u00e2mpadas de \u00f3leo\u201d e recorda, segundo a tradi\u00e7\u00e3o, a vit\u00f3ria da luz sobre as trevas, da verdade sobre a mentira, da vida sobre a morte e do bem sobre o mal.<\/p>\n<h2 style=\"text-align: justify;\">Colabora\u00e7\u00e3o para o bem de toda a humanidade<\/h2>\n<p style=\"text-align: justify;\">Segundo o Pontif\u00edcio Conselho para o Di\u00e1logo Inter-religioso, essas mensagens \u201cvisam reconhecer, preservar e cultivar as coisas boas presentes nas duas tradi\u00e7\u00f5es religiosas e em nossos patrim\u00f4nios espirituais. Embora este seja apenas um pequeno passo em dire\u00e7\u00e3o ao respeito e \u00e0 coopera\u00e7\u00e3o inter-religiosa, ao longo dos anos estas mensagens contribu\u00edram para a promo\u00e7\u00e3o do di\u00e1logo e da harmonia hindu\u00edsta e crist\u00e3 em v\u00e1rios n\u00edveis. Continuamos esta nobre tradi\u00e7\u00e3o com a inten\u00e7\u00e3o de moldar, incentivar e aprofundar as rela\u00e7\u00f5es rec\u00edprocas entre hindu\u00edstas e crist\u00e3os como instrumento de colabora\u00e7\u00e3o para o nosso bem e o de toda a humanidade\u201d.<\/p>\n<p style=\"text-align: justify;\">\u201cEste ano, na esteira da pandemia da Covid-19, queremos partilhar com voc\u00eas algumas reflex\u00f5es sobre a necessidade de encorajar um esp\u00edrito positivo e esperan\u00e7a para o futuro, mesmo diante de obst\u00e1culos aparentemente intranspon\u00edveis, desafios socioecon\u00f4micos, pol\u00edticos e espirituais, e ansiedade, incerteza e medo generalizados. Os nossos esfor\u00e7os neste sentido se baseiam na convic\u00e7\u00e3o de que Deus, que nos criou e nos sustenta, n\u00e3o nos abandonar\u00e1. Mas um incentivo ao otimismo pode parecer pouco realista para aqueles que perderam entes queridos, ou seus empregos, ou ambos.\u201d<\/p>\n<h2 style=\"text-align: justify;\">Esperan\u00e7a e o sentido de positividade<\/h2>\n<p style=\"text-align: justify;\">\u201cA esperan\u00e7a e o sentido de positividade mais ousados \u200b\u200bcorrem o risco de se dissipar nas situa\u00e7\u00f5es tr\u00e1gicas causadas pela atual pandemia e suas graves consequ\u00eancias na vida cotidiana, na economia, na sa\u00fade, na educa\u00e7\u00e3o e nas pr\u00e1ticas religiosas. Por\u00e9m, \u00e9 a confian\u00e7a na Provid\u00eancia Divina que nos inspira otimismo e vontade de trabalhar para reacender a esperan\u00e7a em nossas sociedades\u201d, ressalta ainda a mensagem do organismo vaticano.<\/p>\n<p style=\"text-align: justify;\">Segundo o Pontif\u00edcio Conselho para o Di\u00e1logo Inter-religioso, \u201ca pandemia trouxe numerosas mudan\u00e7as positivas em nossa maneira de pensar e viver, embora no mundo inteiro tenha causado sofrimento e confinamento que alteraram o curso normal da vida. Experi\u00eancias de sofrimento e um senso de responsabilidade rec\u00edproca uniram as nossas comunidades na solidariedade e preocupa\u00e7\u00e3o, em atos de gentileza e compaix\u00e3o para com os que sofrem e passam necessidade. Estes sinais de solidariedade nos fizeram apreciar mais profundamente a import\u00e2ncia da coexist\u00eancia, a perten\u00e7a rec\u00edproca e a necessidade que temos uns dos outros para o bem-estar de todos e de nossa Casa comum. Como o Papa Francisco observou, \u00aba solidariedade hoje \u00e9 o caminho para um mundo p\u00f3s-pandemia, para a cura de nossas doen\u00e7as interpessoais e sociais\u00bb. \u00c9 \u00abuma estrada para sairmos melhores da crise\u00bb\u201d.<\/p>\n<h2 style=\"text-align: justify;\">Difundir \u00abo cont\u00e1gio da esperan\u00e7a\u00bb<\/h2>\n<p style=\"text-align: justify;\">O organismo vaticano afirma que \u201cas nossas respectivas tradi\u00e7\u00f5es religiosas nos ensinam a permanecer numa atitude positiva e esperan\u00e7osa mesmo na adversidade. Prestando aten\u00e7\u00e3o \u00e0s tradi\u00e7\u00f5es e aos ensinamentos religiosos, podemos lutar em meio \u00e0 crise global para difundir o que o Papa Francisco gosta de chamar de \u00abo cont\u00e1gio da esperan\u00e7a\u00bb com gestos de cuidado, afeto, gentileza e compaix\u00e3o, que s\u00e3o mais contagiosos do que o pr\u00f3prio coronav\u00edrus\u201d.<\/p>\n<p style=\"text-align: justify;\">A mensagem se conclui, convidando crist\u00e3os e hindu\u00edstas \u201ca se unirem a todas as pessoas de boa vontade para construir uma cultura de positividade e esperan\u00e7a no cora\u00e7\u00e3o de nossas sociedades, n\u00e3o apenas nestes dias dif\u00edceis, mas tamb\u00e9m no futuro que est\u00e1 por vir\u201d.<\/p>\n<\/div>\n","protected":false},"excerpt":{"rendered":"<p>Este ano, a mensagem do Pontif\u00edcio Conselho para o Di\u00e1logo Inter-religioso, enviada aos hindu\u00edstas por ocasi\u00e3o da festa do Deepavali, convida crist\u00e3os e hindu\u00edstas \u201ca se unirem a todas as pessoas de boa vontade para construir uma cultura de positividade e esperan\u00e7a no cora\u00e7\u00e3o de nossas sociedades, n\u00e3o apenas nestes dias dif\u00edceis, mas tamb\u00e9m no [&hellip;]<\/p>\n","protected":false},"author":1,"featured_media":64103,"comment_status":"open","ping_status":"closed","sticky":false,"template":"","format":"standard","meta":{"footnotes":""},"categories":[3],"tags":[],"class_list":["post-64102","post","type-post","status-publish","format-standard","has-post-thumbnail","hentry","category-vaticano"],"_links":{"self":[{"href":"https:\/\/catolicanet.net\/wp-cnet\/wp-json\/wp\/v2\/posts\/64102","targetHints":{"allow":["GET"]}}],"collection":[{"href":"https:\/\/catolicanet.net\/wp-cnet\/wp-json\/wp\/v2\/posts"}],"about":[{"href":"https:\/\/catolicanet.net\/wp-cnet\/wp-json\/wp\/v2\/types\/post"}],"author":[{"embeddable":true,"href":"https:\/\/catolicanet.net\/wp-cnet\/wp-json\/wp\/v2\/users\/1"}],"replies":[{"embeddable":true,"href":"https:\/\/catolicanet.net\/wp-cnet\/wp-json\/wp\/v2\/comments?post=64102"}],"version-history":[{"count":1,"href":"https:\/\/catolicanet.net\/wp-cnet\/wp-json\/wp\/v2\/posts\/64102\/revisions"}],"predecessor-version":[{"id":64104,"href":"https:\/\/catolicanet.net\/wp-cnet\/wp-json\/wp\/v2\/posts\/64102\/revisions\/64104"}],"wp:featuredmedia":[{"embeddable":true,"href":"https:\/\/catolicanet.net\/wp-cnet\/wp-json\/wp\/v2\/media\/64103"}],"wp:attachment":[{"href":"https:\/\/catolicanet.net\/wp-cnet\/wp-json\/wp\/v2\/media?parent=64102"}],"wp:term":[{"taxonomy":"category","embeddable":true,"href":"https:\/\/catolicanet.net\/wp-cnet\/wp-json\/wp\/v2\/categories?post=64102"},{"taxonomy":"post_tag","embeddable":true,"href":"https:\/\/catolicanet.net\/wp-cnet\/wp-json\/wp\/v2\/tags?post=64102"}],"curies":[{"name":"wp","href":"https:\/\/api.w.org\/{rel}","templated":true}]}}