{"id":64099,"date":"2020-11-06T09:13:36","date_gmt":"2020-11-06T12:13:36","guid":{"rendered":"https:\/\/catolicanet.net\/wp-cnet\/?p=64099"},"modified":"2020-11-06T15:18:40","modified_gmt":"2020-11-06T18:18:40","slug":"papa-doa-uma-cruz-peitoral-a-museu-internacional-do-crucifixo-na-italia","status":"publish","type":"post","link":"https:\/\/catolicanet.net\/wp-cnet\/papa-doa-uma-cruz-peitoral-a-museu-internacional-do-crucifixo-na-italia\/","title":{"rendered":"Papa doa uma cruz peitoral a Museu Internacional do Crucifixo na It\u00e1lia"},"content":{"rendered":"<div class=\"article__subTitle\">O presente do Pont\u00edfice ser\u00e1 entregue nesta sexta-feira (6) por dom Calogero Peri, a quem \u00e9 inclusive dedicado o espa\u00e7o de exposi\u00e7\u00e3o. O museu foi inaugurado em setembro deste ano, junto ao complexo do Santu\u00e1rio do Sant\u00edssimo Crucifixo do Socorro na cidade italiana de Caltagirone, na regi\u00e3o da Sic\u00edlia.<\/div>\n<div class=\"title__separator\"><\/div>\n<div class=\"article__text \">\n<p><b>Andressa Collet \u2013 Vatican News<\/b><\/p>\n<div>\n<div class=\"article__embed article__embed--unwrap article__embed--dark\">\n<div class=\"article__innerTitle\">Ou\u00e7a a reportagem e compartilhe<\/div>\n<div>\n<!--[if lt IE 9]><script>document.createElement('audio');<\/script><![endif]-->\n<audio class=\"wp-audio-shortcode\" id=\"audio-64099-1\" preload=\"none\" style=\"width: 100%;\" controls=\"controls\"><source type=\"audio\/mpeg\" src=\"https:\/\/media.vaticannews.va\/media\/audio\/s1\/2020\/11\/06\/11\/135778195_F135778195.mp3?_=1\" \/><a href=\"https:\/\/media.vaticannews.va\/media\/audio\/s1\/2020\/11\/06\/11\/135778195_F135778195.mp3\">https:\/\/media.vaticannews.va\/media\/audio\/s1\/2020\/11\/06\/11\/135778195_F135778195.mp3<\/a><\/audio>\n<\/div>\n<\/div>\n<\/div>\n<p>O Papa Francisco presenteou o Museu Internacional do Crucifixo da cidade de Caltagirone, na regi\u00e3o da Sic\u00edlia, com uma cruz peitoral. A doa\u00e7\u00e3o ser\u00e1 entregue nesta sexta-feira (6) pelo bispo local, dom Calogero Peri, a quem \u00e9 inclusive dedicado o espa\u00e7o de exposi\u00e7\u00e3o, inaugurado em setembro deste ano, junto ao complexo do Santu\u00e1rio do Sant\u00edssimo Crucifixo do Socorro.<\/p>\n<div>\n<div class=\"article__embed article__embed--unwrap\">\n<figure><picture><img decoding=\"async\" class=\"loaded\" src=\"https:\/\/www.vaticannews.va\/content\/dam\/vaticannews\/multimedia\/2020\/11\/04\/16.jpg\/_jcr_content\/renditions\/cq5dam.thumbnail.cropped.750.422.jpeg\" alt=\"Este \u00e9 o presente doado pelo Papa Francisco\" data-original=\"\/content\/dam\/vaticannews\/multimedia\/2020\/11\/04\/16.jpg\/_jcr_content\/renditions\/cq5dam.thumbnail.cropped.750.422.jpeg\" data-was-processed=\"true\" \/><\/picture><\/figure>\n<div class=\"photo_embed--Title\">Este \u00e9 o presente doado pelo Papa Francisco<\/div>\n<\/div>\n<\/div>\n<p>&nbsp;<\/p>\n<p>A cruz do Pont\u00edfice ser\u00e1 oficialmente entregue pelo bispo da diocese, ap\u00f3s presidir a missa do final da tarde, ao reitor do santu\u00e1rio, Pe. Enzo Mangano, idealizador e promotor do museu. Durante a Quaresma deste ano, refletindo sobre a crise sanit\u00e1ria da Covid-19 e as consequ\u00eancias da pandemia, o reitor lan\u00e7ou o objetivo de se conhecer melhor a espiritualidade do Crucifixo, ao criar salas de exposi\u00e7\u00e3o e pedindo a amigos e artistas que doassem obras de arte, objetos ou rel\u00edquias sobre a Paix\u00e3o.<\/p>\n<h2>As doa\u00e7\u00f5es do Papa e de dom Peri<\/h2>\n<p>Ao apelo de Pe. Enzo respondeu inclusive o Papa Francisco que, atrav\u00e9s de uma carta do substituto da Secretaria de Estado, Monsenhor Edgar Pe\u00f1a Parra, &#8220;encoraja os fi\u00e9is e os peregrinos do antigo Santu\u00e1rio da Paix\u00e3o a aderir cada vez mais intensamente ao Caminho, \u00e0 Verdade e \u00e0 Vida de Cristo&#8221;.<\/p>\n<p>O Museu Internacional do Crucifixo de Caltagirone, anexo ao santu\u00e1rio de mesmo nome, \u00e9, ent\u00e3o, dedicado a dom Peri porque foi um dos primeiros a doar um crucifixo. Trata-se de uma pequena reprodu\u00e7\u00e3o daquele de S\u00e3o Dami\u00e3o que estava no quarto do hospital onde o bispo diocesano ficou internado por cerca de um m\u00eas, por causa do coronav\u00edrus. Esse crucifixo, nos dias da doen\u00e7a, foi um ponto de refer\u00eancia ao prelado, contou dom Peri, e suscitou questionamentos e ora\u00e7\u00f5es. Assim que recebeu alta, o bispo pediu para lev\u00e1-lo consigo. Ent\u00e3o, decidiu do\u00e1-lo ao museu como sinal de gratid\u00e3o a Deus por ter sido curado.<\/p>\n<p>Agora, a cruz peitoral do Papa Francisco vem a somar \u00e0quela doa\u00e7\u00e3o feita por dom Peri e a mais de 150 obras que j\u00e1 est\u00e3o em exposi\u00e7\u00e3o no Museu Internacional do Crucifixo, pe\u00e7as que est\u00e3o sendo particularmente apreciadas pelos fi\u00e9is e visitantes.<\/p>\n<p><i>Vatican News Service &#8211; TC<\/i><\/p>\n<\/div>\n<div class=\"article__embed article__embed--out article__embed--dark article__embed--photogallery\">\n<div class=\"article__embed article__embed--out article__embed--dark article__embed--photogallery\">\n<div class=\"article__innerTitle\">Galeria de fotos do Museu Internacional do Crucifixo de Caltagirone:<\/div>\n<\/div>\n<div class=\"embed-gallery flickity-enabled is-draggable\" tabindex=\"0\" data-pswp-uid=\"1\">\n<div class=\"flickity-viewport\">\n<div class=\"flickity-slider\">\n<figure class=\"embed-gallery__item is-selected\"><a title=\"A cole\u00e7\u00e3o do museu\" href=\"https:\/\/www.vaticannews.va\/content\/dam\/vaticannews\/multimedia\/2020\/11\/04\/13.jpg\/_jcr_content\/renditions\/cq5dam.thumbnail.cropped.1000.563.jpeg\" data-href-large=\"\/content\/dam\/vaticannews\/multimedia\/2020\/11\/04\/13.jpg\/_jcr_content\/renditions\/cq5dam.thumbnail.cropped.1500.844.jpeg\" data-size=\"1000x563\" data-size-large=\"1500x844\" aria-label=\"A cole\u00e7\u00e3o do museu\"><picture><img decoding=\"async\" class=\"embed-gallery__img loaded\" title=\"A cole\u00e7\u00e3o do museu\" src=\"https:\/\/www.vaticannews.va\/content\/dam\/vaticannews\/multimedia\/2020\/11\/04\/13.jpg\/_jcr_content\/renditions\/cq5dam.thumbnail.cropped.750.422.jpeg\" alt=\"A cole\u00e7\u00e3o do museu\" data-original=\"\/content\/dam\/vaticannews\/multimedia\/2020\/11\/04\/13.jpg\/_jcr_content\/renditions\/cq5dam.thumbnail.cropped.750.422.jpeg\" data-was-processed=\"true\" \/><\/picture><\/a><figcaption><\/figcaption><a title=\"A cole\u00e7\u00e3o do museu\" href=\"https:\/\/www.vaticannews.va\/content\/dam\/vaticannews\/multimedia\/2020\/11\/04\/10.jpg\/_jcr_content\/renditions\/cq5dam.thumbnail.cropped.1000.563.jpeg\" data-href-large=\"\/content\/dam\/vaticannews\/multimedia\/2020\/11\/04\/10.jpg\/_jcr_content\/renditions\/cq5dam.thumbnail.cropped.1500.844.jpeg\" data-size=\"1000x563\" data-size-large=\"1500x844\" aria-label=\"A cole\u00e7\u00e3o do museu\"><picture><img decoding=\"async\" class=\"embed-gallery__img loaded\" title=\"A cole\u00e7\u00e3o do museu\" src=\"https:\/\/www.vaticannews.va\/content\/dam\/vaticannews\/multimedia\/2020\/11\/04\/10.jpg\/_jcr_content\/renditions\/cq5dam.thumbnail.cropped.750.422.jpeg\" alt=\"A cole\u00e7\u00e3o do museu\" data-original=\"\/content\/dam\/vaticannews\/multimedia\/2020\/11\/04\/10.jpg\/_jcr_content\/renditions\/cq5dam.thumbnail.cropped.750.422.jpeg\" data-was-processed=\"true\" \/><\/picture><\/a><\/figure>\n<figure class=\"embed-gallery__item\"><figcaption><\/figcaption><a title=\"A cole\u00e7\u00e3o do museu\" href=\"https:\/\/www.vaticannews.va\/content\/dam\/vaticannews\/multimedia\/2020\/11\/04\/111.jpg\/_jcr_content\/renditions\/cq5dam.thumbnail.cropped.1000.563.jpeg\" data-href-large=\"\/content\/dam\/vaticannews\/multimedia\/2020\/11\/04\/111.jpg\/_jcr_content\/renditions\/cq5dam.thumbnail.cropped.1500.844.jpeg\" data-size=\"1000x563\" data-size-large=\"1500x844\" aria-label=\"A cole\u00e7\u00e3o do museu\"><picture><img decoding=\"async\" class=\"embed-gallery__img loaded\" title=\"A cole\u00e7\u00e3o do museu\" src=\"https:\/\/www.vaticannews.va\/content\/dam\/vaticannews\/multimedia\/2020\/11\/04\/111.jpg\/_jcr_content\/renditions\/cq5dam.thumbnail.cropped.750.422.jpeg\" alt=\"A cole\u00e7\u00e3o do museu\" data-original=\"\/content\/dam\/vaticannews\/multimedia\/2020\/11\/04\/111.jpg\/_jcr_content\/renditions\/cq5dam.thumbnail.cropped.750.422.jpeg\" data-was-processed=\"true\" \/><\/picture><\/a><\/figure>\n<figure class=\"embed-gallery__item\"><figcaption><img decoding=\"async\" src=\"https:\/\/www.vaticannews.va\/content\/dam\/vaticannews\/multimedia\/2020\/11\/04\/17.jpg\/_jcr_content\/renditions\/cq5dam.thumbnail.cropped.750.422.jpeg\" alt=\"A cole\u00e7\u00e3o do museu\" \/><br \/>\n<img decoding=\"async\" src=\"https:\/\/www.vaticannews.va\/content\/dam\/vaticannews\/multimedia\/2020\/11\/04\/7.jpg\/_jcr_content\/renditions\/cq5dam.thumbnail.cropped.750.422.jpeg\" alt=\"A cole\u00e7\u00e3o do museu\" \/><br \/>\n<img decoding=\"async\" src=\"https:\/\/www.vaticannews.va\/content\/dam\/vaticannews\/multimedia\/2020\/11\/04\/8.jpg\/_jcr_content\/renditions\/cq5dam.thumbnail.cropped.750.422.jpeg\" alt=\"A cole\u00e7\u00e3o do museu\" \/><br \/>\n<img decoding=\"async\" src=\"https:\/\/www.vaticannews.va\/content\/dam\/vaticannews\/multimedia\/2020\/11\/04\/12.jpg\/_jcr_content\/renditions\/cq5dam.thumbnail.cropped.750.422.jpeg\" alt=\"A cole\u00e7\u00e3o do museu\" \/><br \/>\n<img decoding=\"async\" src=\"https:\/\/www.vaticannews.va\/content\/dam\/vaticannews\/multimedia\/2020\/11\/04\/51.jpg\/_jcr_content\/renditions\/cq5dam.thumbnail.cropped.750.422.jpeg\" alt=\"A cole\u00e7\u00e3o do museu\" \/><br \/>\n<img decoding=\"async\" src=\"https:\/\/www.vaticannews.va\/content\/dam\/vaticannews\/multimedia\/2020\/11\/04\/6.jpg\/_jcr_content\/renditions\/cq5dam.thumbnail.cropped.750.422.jpeg\" alt=\"A cole\u00e7\u00e3o do museu\" \/><br \/>\n<img decoding=\"async\" src=\"https:\/\/www.vaticannews.va\/content\/dam\/vaticannews\/multimedia\/2020\/11\/04\/21.jpg\/_jcr_content\/renditions\/cq5dam.thumbnail.cropped.750.422.jpeg\" alt=\"A cole\u00e7\u00e3o do museu\" \/><br \/>\n<img decoding=\"async\" src=\"https:\/\/www.vaticannews.va\/content\/dam\/vaticannews\/multimedia\/2020\/11\/04\/18.jpg\/_jcr_content\/renditions\/cq5dam.thumbnail.cropped.750.422.jpeg\" alt=\"A cole\u00e7\u00e3o do museu\" \/><br \/>\n<img decoding=\"async\" src=\"https:\/\/www.vaticannews.va\/content\/dam\/vaticannews\/multimedia\/2020\/11\/04\/15.jpg\/_jcr_content\/renditions\/cq5dam.thumbnail.cropped.750.422.jpeg\" alt=\"Detalhes do museu\" \/><br \/>\n<img decoding=\"async\" src=\"https:\/\/www.vaticannews.va\/content\/dam\/vaticannews\/multimedia\/2020\/11\/04\/31.jpg\/_jcr_content\/renditions\/cq5dam.thumbnail.cropped.750.422.jpeg\" alt=\"Santu\u00e1rio do Sant\u00edssimo Sacramento do Socorro\" \/><\/p>\n<\/figcaption><\/figure>\n<\/div>\n<\/div>\n<\/div>\n<\/div>\n","protected":false},"excerpt":{"rendered":"<p>O presente do Pont\u00edfice ser\u00e1 entregue nesta sexta-feira (6) por dom Calogero Peri, a quem \u00e9 inclusive dedicado o espa\u00e7o de exposi\u00e7\u00e3o. O museu foi inaugurado em setembro deste ano, junto ao complexo do Santu\u00e1rio do Sant\u00edssimo Crucifixo do Socorro na cidade italiana de Caltagirone, na regi\u00e3o da Sic\u00edlia. Andressa Collet \u2013 Vatican News Ou\u00e7a [&hellip;]<\/p>\n","protected":false},"author":1,"featured_media":64100,"comment_status":"open","ping_status":"closed","sticky":false,"template":"","format":"standard","meta":{"footnotes":""},"categories":[3],"tags":[],"class_list":["post-64099","post","type-post","status-publish","format-standard","has-post-thumbnail","hentry","category-vaticano"],"_links":{"self":[{"href":"https:\/\/catolicanet.net\/wp-cnet\/wp-json\/wp\/v2\/posts\/64099","targetHints":{"allow":["GET"]}}],"collection":[{"href":"https:\/\/catolicanet.net\/wp-cnet\/wp-json\/wp\/v2\/posts"}],"about":[{"href":"https:\/\/catolicanet.net\/wp-cnet\/wp-json\/wp\/v2\/types\/post"}],"author":[{"embeddable":true,"href":"https:\/\/catolicanet.net\/wp-cnet\/wp-json\/wp\/v2\/users\/1"}],"replies":[{"embeddable":true,"href":"https:\/\/catolicanet.net\/wp-cnet\/wp-json\/wp\/v2\/comments?post=64099"}],"version-history":[{"count":1,"href":"https:\/\/catolicanet.net\/wp-cnet\/wp-json\/wp\/v2\/posts\/64099\/revisions"}],"predecessor-version":[{"id":64101,"href":"https:\/\/catolicanet.net\/wp-cnet\/wp-json\/wp\/v2\/posts\/64099\/revisions\/64101"}],"wp:featuredmedia":[{"embeddable":true,"href":"https:\/\/catolicanet.net\/wp-cnet\/wp-json\/wp\/v2\/media\/64100"}],"wp:attachment":[{"href":"https:\/\/catolicanet.net\/wp-cnet\/wp-json\/wp\/v2\/media?parent=64099"}],"wp:term":[{"taxonomy":"category","embeddable":true,"href":"https:\/\/catolicanet.net\/wp-cnet\/wp-json\/wp\/v2\/categories?post=64099"},{"taxonomy":"post_tag","embeddable":true,"href":"https:\/\/catolicanet.net\/wp-cnet\/wp-json\/wp\/v2\/tags?post=64099"}],"curies":[{"name":"wp","href":"https:\/\/api.w.org\/{rel}","templated":true}]}}