{"id":64071,"date":"2020-11-05T11:32:48","date_gmt":"2020-11-05T14:32:48","guid":{"rendered":"https:\/\/catolicanet.net\/wp-cnet\/?p=64071"},"modified":"2020-11-05T11:32:48","modified_gmt":"2020-11-05T14:32:48","slug":"10-chaves-para-encontrar-paz-de-espirito-e-vive-la-diariamente","status":"publish","type":"post","link":"https:\/\/catolicanet.net\/wp-cnet\/10-chaves-para-encontrar-paz-de-espirito-e-vive-la-diariamente\/","title":{"rendered":"10 chaves para encontrar paz de esp\u00edrito e viv\u00ea-la diariamente"},"content":{"rendered":"<h2 class=\"subtitle\" style=\"text-align: justify;\">Como passar pelos momentos de ang\u00fastia e medo, permanecendo na confian\u00e7a e no abandono? A seguir encontre\u00a0um guia precioso para manter a paz\u00a0de cora\u00e7\u00e3o<\/h2>\n<p style=\"text-align: justify;\">Em um mundo angustiado e violento, onde podemos encontrar paz?\u00a0Talvez numa praia de uma ilha deserta, em uma aconchegante sala de estar assistindo a um bom filme, no fundo de um monast\u00e9rio isolado ou em medita\u00e7\u00e3o?\u00a0A busca do homem contempor\u00e2neo \u00e9 desesperada: ele deseja a paz de esp\u00edrito, mas n\u00e3o acredita mais nela.\u00a0Parece-lhe imposs\u00edvel apaziguar as suas paix\u00f5es \u00edntimas e o fogo dos seus desejos, assim como extinguir os conflitos recorrentes que perturbam o planeta.<\/p>\n<p style=\"text-align: justify;\">Mas o que \u00e9 a paz?\u00a0O grande Blaise Pascal parece c\u00e9tico: \u201cN\u00e3o h\u00e1 paz aqui\u201d, escreveu ele.\u00a0Santo Agostinho tamb\u00e9m n\u00e3o \u00e9 otimista: \u201cEstamos aqui embaixo divididos entre a concupisc\u00eancia que nos puxa para baixo e Deus que nos puxa para cima;\u00a0corpo e alma s\u00f3 ser\u00e3o totalmente reconciliados no c\u00e9u.\u00a0Ent\u00e3o, imposs\u00edvel ter paz na terra?\u201d<\/p>\n<p style=\"text-align: justify;\">S\u00e3o Tom\u00e1s de Aquino aconselha a come\u00e7ar por p\u00f4r ordem a si mesmo e as suas rela\u00e7\u00f5es com os outros atrav\u00e9s do exerc\u00edcio das\u00a0<a href=\"http:\/\/www.vatican.va\/archive\/cathechism_po\/index_new\/p3s1cap1_1699-1876_po.html\" target=\"_blank\" rel=\"noopener noreferrer\">virtudes<\/a>: for\u00e7a, temperan\u00e7a, justi\u00e7a, prud\u00eancia.\u00a0Mas que luta!\u00a0No entanto, a paz n\u00e3o se tornou hoje um imperativo vital?\u00a0N\u00e3o apenas para nosso bem-estar pessoal, mas para este mundo.\u00a0Depois de passar mil dias e mil noites em ora\u00e7\u00e3o sobre uma pedra, S\u00e3o\u00a0Serafim\u00a0de\u00a0Sarov\u00a0assegurou: \u201cAdquira a paz interior e milhares ao seu redor encontrar\u00e3o a salva\u00e7\u00e3o\u201d.\u00a0A paz come\u00e7a com voc\u00ea mesmo.<\/p>\n<h3 style=\"text-align: justify;\">Paz de esp\u00edrito n\u00e3o \u00e9 mera satisfa\u00e7\u00e3o<\/h3>\n<p style=\"text-align: justify;\">Para o crist\u00e3o, ela n\u00e3o se esconde no longo e tranquilo rio de uma vida organizada e\u00a0descomplicada do \u201cDeixe-me em paz!\u201d. Ela\u00a0n\u00e3o pode ser confundida com a satisfa\u00e7\u00e3o de uma crian\u00e7a\u00a0mimada, um bem-estar psicol\u00f3gico imediato, nem ser reduzida a uma ordem social que proporcione seguran\u00e7a efetiva.\u00a0Tamb\u00e9m n\u00e3o pode ser conquistada com relaxamento, nem ap\u00f3s a guerra.<\/p>\n<p style=\"text-align: justify;\">\u201cH\u00e1 uma falsa paz que \u00e9 uma mentira, uma cegueira, mais ou menos consciente, que consiste numa instala\u00e7\u00e3o num ego\u00edsmo fechado e confort\u00e1vel, uma fuga\u201d, adverte um monge cartuxo do irm\u00e3o Alo\u00efs, que reza o Taiz\u00e9.\u00a0A paz est\u00e1 presente em meio a prova\u00e7\u00f5es e lutas\u201d.\u00a0A paz imperturb\u00e1vel \u00e9, segundo S\u00e3o\u00a0Serafim\u00a0de\u00a0Sarov\u00a0, o sinal espec\u00edfico da presen\u00e7a do Esp\u00edrito Santo.\u00a0\u201cCom todas as nossas for\u00e7as, empenhemo-nos em salvaguardar a paz da alma e n\u00e3o nos indignemos quando os outros nos ofendem, incentiva.\u00a0Precisamos evitar toda raiva e preservar a mente e o cora\u00e7\u00e3o de todo movimento impensado.\u201d.<\/p>\n<div class=\"nativo-inread\" style=\"text-align: justify;\"><\/div>\n<p style=\"text-align: justify;\">\u00c9 na realidade concreta e por vezes dolorosa da vida quotidiana, com os seus imprevistos e surpresas, que devemos procurar manter \u201ca nossa alma em paz diante de Nosso\u00a0Senhor\u201d, segundo a express\u00e3o do\u00a0Padre\u00a0Fran\u00e7ois\u00a0Libermann\u00a0( 1802-1852), judeu convertido, fundador dos Padres do Esp\u00edrito Santo.\u00a0Simplificando nossa vida em torno de um \u00fanico desejo: buscar a vontade de Deus em tudo e ter total confian\u00e7a nele.\u00a0Ent\u00e3o, ao irradiar essa paz ao nosso redor \u2013 que nesse aspecto \u00e9 como a viol\u00eancia \u2013 ela contamina, ela irradia e se alimenta daquilo que incendeia.<\/p>\n<p style=\"text-align: justify;\">Aqui est\u00e3o as 10 chaves para alcan\u00e7ar essa paz de esp\u00edrito.<\/p>\n<div id=\"article-desk-content-p6-ad_cp1_2020_11_05_10-chaves-para-encontrar-paz-de-espirito-e-vive-la-diariamente\" class=\"css-y9mcup\" style=\"text-align: justify;\" data-google-query-id=\"CJOuiqbP6-wCFXsjuQYdvNUC2Q\">\n<div id=\"google_ads_iframe_64500793\/PT_DESK_ARTICLE_WELCOME_1X1_0__container__\"><\/div>\n<\/div>\n<h3 style=\"text-align: justify;\"><b>1. N\u00e3o se desespere<\/b><\/h3>\n<p style=\"text-align: justify;\">\u201cSe nos olharmos racionalmente, s\u00f3 enxergaremos nossas fraquezas, nossos apegos, nossas ambiguidades\u201d, comenta o franciscano \u00c9loi Leclerc, autor de A\u00a0<i>sabedoria de um pobre\u00a0<\/i>(em tradu\u00e7\u00e3o livre<i>)\u00a0<\/i>.\u00a0Para encontrar paz, voc\u00ea deve olhar para Deus e apenas olhar para si mesmo em Deus.\u00a0\u201c<i>Nossa extrema pobreza nos coloca na necessidade absoluta de recorrer sempre a\u00a0Deus<\/i>\u201d, afirmou tamb\u00e9m o\u00a0padre\u00a0Fran\u00e7ois Libermann.<\/p>\n<p style=\"text-align: justify;\">Recorrer a este Deus rico\u00a0de miseric\u00f3rdia, que quer dizer etimologicamente: cujo cora\u00e7\u00e3o cheio de ternura se inclina sobre a nossa mis\u00e9ria.\u00a0E sob nossa pobreza, descobrir o tesouro escondido do nosso ser interior, modelado \u00e0 imagem de Deus.\u00a0Devemos aprender a nos amar com o olhar de Deus, ou seja, infinitamente melhor e mais caridoso que o nosso.\u00a0N\u00e3o nos preocupar com nossas quedas, n\u00e3o nos perturbar por nossas mis\u00e9rias ou por nossa aparente mornid\u00e3o.<\/p>\n<p style=\"text-align: justify;\">\u201cA vis\u00e3o da nossa incapacidade e da nossa nulidade deve ser um grande tema de paz para n\u00f3s\u00a0\u201d, assegura o\u00a0padre Libermann.\u00a0\u00c9 por isso que Deus enviou seu filho Jesus, n\u00e3o para nos julgar, mas para nos salvar e nos dar vida novamente.\u00a0Ao purificar o nosso cora\u00e7\u00e3o, Deus nos torna capazes de fazer obras ainda maiores, imbu\u00eddos de amor, porque o seu Esp\u00edrito, que nos liberta, pode finalmente operar em n\u00f3s.\u00a0Portanto, n\u00e3o se desespere!\u00a0\u00c9\u00a0um trabalho para toda a vida.<\/p>\n<h3 style=\"text-align: justify;\"><b>2. Pe\u00e7a a gra\u00e7a da confian\u00e7a<\/b><\/h3>\n<p style=\"text-align: justify;\">\u201cAs raz\u00f5es pelas quais perdemos a paz s\u00e3o sempre m\u00e1s raz\u00f5es\u201d,\u00a0explica o Padre\u00a0Jacques Philippe, autor de Em\u00a0<i>Busca da Paz e a Perseguindo\u00a0<\/i>(em tradu\u00e7\u00e3o livre).\u00a0\u201cA alma encontraria sua for\u00e7a, sua riqueza e toda sua perfei\u00e7\u00e3o no Esp\u00edrito de Nosso Senhor, se apenas quisesse se abandonar\u00a0\u00e0 sua conduta\u201d, escreveu o\u00a0padre Libermann.\u00a0\u201cMas porque ela o abandona e quer agir sozinha e em si mesma, ela encontra em si mesma apenas\u00a0a mais profunda\u00a0desordem, mis\u00e9ria e\u00a0incapacidade\u201d.<\/p>\n<p style=\"text-align: justify;\">Segundo o\u00a0padre\u00a0Jacques Philippe, a falta de paz de esp\u00edrito vem da falta de confian\u00e7a em Deus.\u00a0Sua condi\u00e7\u00e3o \u00e9 de \u201cboa vontade\u201d ou \u201cpureza de cora\u00e7\u00e3o\u201d: esta disposi\u00e7\u00e3o est\u00e1vel e constante do cora\u00e7\u00e3o do homem se decide amar a Deus mais do que tudo e confiar nele nas pequenas coisas.\u00a0\u201cN\u00e3o devemos\u00a0tem\u00ea-lo\u201d, insistia o\u00a0padre Libermann, \u201c\u00e9 um grande insulto a ele que \u00e9 t\u00e3o bom, t\u00e3o gentil, t\u00e3o am\u00e1vel e t\u00e3o cheio de ternura e miseric\u00f3rdia por n\u00f3s\u201d.\u00a0Um dos inimigos da paz \u00e9 este pessimismo tingido de cinismo que respiramos todos os dias.\u00a0Com efeito, \u201co pessimismo atua em profundidade, destr\u00f3i o desejo de agir pelos outros, extingue at\u00e9 a ansiedade da intelig\u00eancia, gera des\u00e2nimo\u201d, comenta Andrea\u00a0Riccardi\u00a0, fundadora da Comunidade\u00a0Sant\u2019Egidio\u00a0.<\/p>\n<h3 style=\"text-align: justify;\"><b>3. Priorizar as prioridades<\/b><\/h3>\n<p style=\"text-align: justify;\">Em uma cultura do instant\u00e2neo, o evento mais pr\u00f3ximo (passado ou futuro) tende a invadir nosso campo de consci\u00eancia.\u00a0N\u00e3o tendemos a privilegiar \u201co urgente\u201d em nossas vidas em detrimento do \u201cimportante\u201d?\u00a0Todos n\u00f3s temos agendas lotadas, mas nos perguntamos: cheias de qu\u00ea?\u00a0Prioridades n\u00e3o faltam: pessoais, familiares, profissionais, amig\u00e1veis, sociais ou\u00a0mesmo associativas.\u00a0Um erro comum \u00e9 favorecer apenas uma, por paix\u00e3o ou por urg\u00eancia, em detrimento das outras.<\/p>\n<p style=\"text-align: justify;\">Por exemplo, voc\u00ea s\u00f3\u00a0gasta\u00a0tempo com seu\u00a0filho\u00a0quando ele est\u00e1 em uma situa\u00e7\u00e3o de fracasso escolar.\u00a0Temos que voltar \u00e0s nossas prioridades periodicamente e colocar as coisas em ordem, como fazemos com um arm\u00e1rio.\u00a0Pensemos no conselho que Jesus d\u00e1 a Marta, que est\u00e1 agitada e ocupada e \u201cresmunga\u201d porque Maria, sua irm\u00e3, escuta a palavra do filho de Deus:\u00a0\u201cMarta, Marta, andas muito inquieta e te preocupas com muitas coisas; no entanto, uma s\u00f3 coisa \u00e9 necess\u00e1ria; Maria escolheu a boa parte, que n\u00e3o lhe ser\u00e1 tirada\u201d (Lc\u00a010,41-42).<\/p>\n<h3 style=\"text-align: justify;\"><b>4. Pratique \u201ca op\u00e7\u00e3o preferencial pelos pobres\u201d<\/b><\/h3>\n<p style=\"text-align: justify;\">N\u00e3o \u00e9 porque temos a consci\u00eancia limpa e a sensa\u00e7\u00e3o de estarmos em paz que somos homens e mulheres serenos.\u00a0Uma certa satisfa\u00e7\u00e3o ego\u00edsta pode nos dar a ilus\u00e3o disso.\u00a0Numa das suas confer\u00eancias quaresmais, S\u00e3o Tom\u00e1s de Aquino mostra que s\u00f3 a caridade traz a paz perfeita.\u00a0Na verdade, diz ele, \u00e9 \u201cum fato da experi\u00eancia que o desejo pelas coisas temporais n\u00e3o \u00e9 satisfeito por sua posse\u201d.\u00a0Quando uma coisa \u00e9 obtida, j\u00e1 queremos outra.\u00a0O cora\u00e7\u00e3o dos \u00edmpios \u00e9 como um mar fervente que n\u00e3o pode ser aplacado\u201d.<\/p>\n<p style=\"text-align: justify;\">Como podemos permanecer em paz de esp\u00edrito quando mais e mais homens e mulheres s\u00e3o for\u00e7ados \u00e0 mis\u00e9ria da qual somos n\u00f3s, por nossa falta de partilha, os atores inconscientes?\u00a0N\u00e3o podemos ignorar essas realidades, seria muito f\u00e1cil, como afirma o profeta Jeremias: \u201ctratam com neglig\u00eancia as feridas do meu povo, e exclamam: \u201cTudo vai bem! Tudo vai bem!\u201d, quando tudo vai mal\u201d (Jr 6:14).<\/p>\n<p style=\"text-align: justify;\">\u201cSe procuras a paz, vai ao encontro dos pobres\u201d, aconselhou\u00a0S\u00e3o\u00a0Jo\u00e3o Paulo II, convencido de que a extrema pobreza das massas humanas gera as situa\u00e7\u00f5es de calamidade do nosso tempo.\u00a0N\u00e3o \u00e9 sobre sentir-se culpado, mas sim permitir-se ser desafiado.\u00a0E se o clamor dos pobres fosse o de Cristo?\u00a0Quando se \u00e9 rico, n\u00e3o se gosta de falar sobre pobreza.\u00a0No entanto, a maioria de n\u00f3s \u00e9 \u201crica\u201d.\u00a0\u00c9 grande a tenta\u00e7\u00e3o de se refugiar em \u201cpequenos para\u00edsos\u201d, especialmente quando voc\u00ea se sente oprimido e desamparado.\u00a0O Evangelho sempre nos inspira a encontrar novos caminhos.\u00a0A imagem dos pobres \u00e9 apenas o espelho da pobreza do nosso cora\u00e7\u00e3o.\u00a0A \u00fanica resposta para a pobreza \u00e9 mais amor.<\/p>\n<h3 style=\"text-align: justify;\"><b>5. N\u00e3o perca de vista o prop\u00f3sito da vida<\/b><\/h3>\n<p style=\"text-align: justify;\">\u201cAquele que tem um \u2018porqu\u00ea\u2019\u00a0que ocupa o lugar de uma meta, de um fim, pode conviver com qualquer\u00a0\u2018como\u2019\u201d, disse\u00a0Nietzsche.\u00a0O psiquiatra vienense Victor\u00a0Frankl\u00a0fez a mesma observa\u00e7\u00e3o no inferno dos campos de concentra\u00e7\u00e3o: aqueles que conseguiam sair tinham pelo menos um motivo para ter esperan\u00e7a.\u00a0Portanto, o bem-estar profundo se baseia, antes de mais nada, na necessidade essencial de dar sentido \u00e0 pr\u00f3pria vida.<\/p>\n<p style=\"text-align: justify;\">E quanto mais alto o objetivo, mais a nossa vida tem significado e mais o nosso ser se realiza em dar e florescer.\u00a0Madre Teresa, quando cuidava dos pobres, era o pr\u00f3prio Cristo que ela cuidava.\u00a0Cumprir o dever para o qual somos chamados \u00e9 bom;\u00a0fazer isso por amor \u00e9 melhor.\u00a0Infinitamente melhor!\u00a0Principalmente quando procuramos pesar cada decis\u00e3o \u00e0 luz da vontade de Deus e viver de acordo com a \u201cop\u00e7\u00e3o preferencial por Deus\u201d.<\/p>\n<h3 style=\"text-align: justify;\"><b>6. Perdoe aqueles que o ofenderam<\/b><\/h3>\n<p style=\"text-align: justify;\">Disputas, conflitos, crises, nos fazem sofrer.\u00a0Podem \u00e0s vezes levar discuss\u00f5es e rupturas graves.\u00a0\u00c0s vezes, podemos ser dolorosamente afetados a ponto de reter um rancor duradouro e um sentimento persistente de amargura.\u00a0Ressentimento e \u00f3dio s\u00e3o venenos terr\u00edveis.\u00a0O perd\u00e3o \u00e9 o \u00fanico ant\u00eddoto eficaz para encontrar o caminho da paz de esp\u00edrito.\u00a0Muitas vezes \u00e9 um ato her\u00f3ico, fruto de um longo processo.<\/p>\n<p style=\"text-align: justify;\">Na verdade, dependendo da seriedade, dos efeitos, dos autores e das circunst\u00e2ncias da ofensa, o caminho que leva ao perd\u00e3o pode demorar.\u00a0Isso \u00e9 normal, pois o perd\u00e3o \u00e9 o amor pelo inimigo (e voc\u00ea tamb\u00e9m pode ser seu pr\u00f3prio inimigo).\u00a0\u00c9 como uma linha do horizonte a ser alcan\u00e7ada.\u00a0\u201cSe est\u00e1s, portanto, para fazer a tua oferta diante do altar e te lembrares de que teu irm\u00e3o tem alguma coisa contra ti, deixa l\u00e1 a tua oferta diante do altar e vai primeiro reconciliar-te com teu irm\u00e3o; s\u00f3 ent\u00e3o vem fazer a tua oferta\u201d (Mt 5,23-24).<\/p>\n<h3 style=\"text-align: justify;\"><b>7. N\u00e3o se deixe subjugar pelo medo<\/b><\/h3>\n<p style=\"text-align: justify;\">Para Andrea\u00a0Riccardi, o medo \u00e9 uma doen\u00e7a do nosso tempo, \u201cque vestimos com no\u00e7\u00f5es mais nobres\u201d.\u00a0Temos medo que nos falte, medo de\u00a0perder ou n\u00e3o adquirir.\u00a0Medo do futuro,\u00a0da morte, do sofrimento. Tamb\u00e9m o medo de\u00a0n\u00e3o estar \u00e0 altura. E o medo dos olhos dos outros.\u00a0Nossos medos afetam todas as \u00e1reas de nossa vida e frequentemente nos incapacitam.\u00a0Al\u00e9m disso, o\u00a0medo leva ao pecado (podemos reler o livro de G\u00eanesis para nos convencer disso).\u00a0Temos raz\u00e3o em ter medo de que nunca teremos certeza de nada.\u00a0Viver em paz sup\u00f5e parar o motor de nossa imagina\u00e7\u00e3o que puxa em alta velocidade os carros de nossas preocupa\u00e7\u00f5es.<\/p>\n<p style=\"text-align: justify;\">\u201cN\u00e3o tenha medo!\u201d\u00a0Encontramos, dizem eles, essa injun\u00e7\u00e3o trezentas e sessenta e cinco vezes na B\u00edblia.\u00a0O que significa uma vez por dia.\u00a0Esta foi a primeira palavra dita por\u00a0S\u00e3o\u00a0Jo\u00e3o Paulo II em tempos dif\u00edceis.\u00a0\u201cQual de v\u00f3s, por mais que se esforce, pode acrescentar um s\u00f3 c\u00f4vado \u00e0 dura\u00e7\u00e3o de sua vida?\u201d (Mt 6:27).\u00a0Como manter a paz de esp\u00edrito?\u00a0Entregando nosso passado \u00e0 miseric\u00f3rdia de Deus (por meio do perd\u00e3o) e o nosso futuro \u00e0 Provid\u00eancia\u00a0(por meio do abandono).\u00a0E vivendo\u00a0apenas o hoje.\u00a0\u201cN\u00e3o vos preocupeis, pois, com o dia de amanh\u00e3: o dia de amanh\u00e3 ter\u00e1 as suas preocupa\u00e7\u00f5es pr\u00f3prias. A cada dia basta o seu cuidado\u201d (Mt 6,34).<\/p>\n<h3 style=\"text-align: justify;\"><b>8. Renda-se a Deus incondicionalmente<\/b><\/h3>\n<p style=\"text-align: justify;\">Dificuldades, crises e prova\u00e7\u00f5es s\u00e3o inevit\u00e1veis.\u00a0A realidade nem sempre se curva \u00e0s nossas vontades \u201csagradas\u201d.\u00a0A confian\u00e7a em Deus nos ajuda a aceitar humildemente os acontecimentos, a enfrent\u00e1-los da melhor maneira poss\u00edvel, a v\u00ea-los como caminhos de santidade e paz.\u00a0Pe Jacques Philippe, ecoando as palavras de S\u00e3o Paulo, descreve a vida crist\u00e3\u00a0n\u00e3o como uma batalha espiritual (Ef\u00e9sios\u00a06: 10-17).\u00a0Devemos vestir a armadura de Deus: a f\u00e9, a palavra de Deus, a ora\u00e7\u00e3o, os sacramentos.\u00a0\u201cTudo posso naquele que me fortalece\u201d, assegura o Ap\u00f3stolo que nos transmite esta promessa divina: \u201cA minha gra\u00e7a vos basta! Pois meu poder se\u00a0manifesta na fraqueza\u201d.<\/p>\n<p style=\"text-align: justify;\">O importante, diz S\u00e3o Francisco de Sales, n\u00e3o \u00e9 \u201cmanter os nossos cora\u00e7\u00f5es em paz, mas trabalhar por ela\u201d.\u00a0\u00c9 um caminho a ser refeito todos os dias: n\u00e3o desanime;\u00a0comece com pequenos passos e tente ser fiel a eles;\u00a0perseverar na ora\u00e7\u00e3o para se recuperar constantemente sob o olhar de Jesus.\u00a0\u201cN\u00e3o vos inquieteis com nada! Em todas as circunst\u00e2ncias apresentai a Deus as vossas preocupa\u00e7\u00f5es, mediante a ora\u00e7\u00e3o, as s\u00faplicas e a a\u00e7\u00e3o de gra\u00e7as. E a paz de Deus, que excede toda a intelig\u00eancia, haver\u00e1 de guardar vossos cora\u00e7\u00f5es e vossos pensamentos, em Cristo Jesus\u201d (Fl 4, 6-7).<\/p>\n<h3 style=\"text-align: justify;\"><b>9. Deixe de lado o esp\u00edrito de rivalidade e compara\u00e7\u00e3o<\/b><\/h3>\n<p style=\"text-align: justify;\">A compara\u00e7\u00e3o \u00e9 um dos piores venenos contra a paz de esp\u00edrito.\u00a0Tornar-se o mais belo, o mais forte, o mais poderoso \u00e9 algo que se realiza \u00e0s custas dos outros.\u00a0A cultura do \u201cchefinho\u201d \u00e9 hip\u00f3crita e muito nociva.\u00a0O esp\u00edrito de rivalidade desperta sentimentos de inveja, ci\u00fame e orgulho, que por sua vez\u00a0geram tristeza.\u00a0O pensamento cr\u00edtico tamb\u00e9m vem da mesma convic\u00e7\u00e3o de que \u201cn\u00f3s somos os melhores\u201d: julgamos os outros por refer\u00eancia ao que somos, o que temos, o que experimentamos.\u00a0Ao contr\u00e1rio da cren\u00e7a popular, voc\u00ea n\u00e3o precisa estar em rivalidade para desenvolver seus dons e qualidades.\u00a0Amar\u00a0\u00e9 querer o bem do outro,\u00a0sem necessariamente\u00a0fazer o papel de v\u00edtima, ou pior,\u00a0de \u201calma caridosa\u201d.\u00a0N\u00e3o h\u00e1 via de m\u00e3o \u00fanica no amor!\u00a0Devemos\u00a0tamb\u00e9m aceitar receber.\u00a0E quem quer ser \u201ccampe\u00e3o\u201d, que saiba compreender aquele que perde.<\/p>\n<h3 style=\"text-align: justify;\"><b>10. Aprenda a viver o momento, aqui e agora<\/b><\/h3>\n<p style=\"text-align: justify;\">\u201cN\u00e3o \u00e9 o lugar que deve ser mudado, mas a alma\u201d, disse o s\u00e1bio S\u00eaneca.\u00a0A paz n\u00e3o se esconde em uma ilha deserta ou no fundo de\u00a0um mosteiro.\u00a0Uma chave simples para adquirir esta serenidade que predisp\u00f5e \u00e0 paz \u00e9 acolher cada momento que passa como uma d\u00e1diva de Deus: os tons fulvos do outono, a neve, os primeiros rebentos da primavera surgindo, a crian\u00e7a brincando, uma boa refei\u00e7\u00e3o com os amigos, uma visita a uma regi\u00e3o desconhecida.\u00a0Maravilhe-se com isso.<\/p>\n<p style=\"text-align: justify;\">A alegria \u00e0s vezes se esconde na degusta\u00e7\u00e3o consciente dos \u201cpequenos\u201d prazeres da vida cotidiana, como t\u00e3o bem os descreveu o escritor Philippe\u00a0Delherm.\u00a0N\u00e3o \u00e9\u00a0surpreendente que o Dr.\u00a0Vittoz\u00a0(grande terapeuta su\u00ed\u00e7o que deu seu nome a um\u00a0famoso m\u00e9todo de reabilita\u00e7\u00e3o)\u00a0insista tanto na import\u00e2ncia do equil\u00edbrio ps\u00edquico das pessoas, da recep\u00e7\u00e3o do mundo exterior pelos nossos sentidos, e da consci\u00eancia do momento presente.\u00a0Isso nos leva ao louvor e \u00e0 adora\u00e7\u00e3o.\u00a0Porque quem se maravilha acaba vendo a assinatura do Criador em sua cria\u00e7\u00e3o.\u00a0E fica como uma crian\u00e7a, cheia de confian\u00e7a neste Deus de ternura.<\/p>\n<p style=\"text-align: justify;\">\u201cSede d\u00f3ceis e flex\u00edveis nas\u00a0m\u00e3os de Deus\u201d, recomenda o\u00a0padre Libermann.\u00a0Voc\u00ea sabe o que fazer para isso: fique em paz e descanse, n\u00e3o se inquiete nem se preocupe com nada, esque\u00e7a o passado, viva como se n\u00e3o houvesse futuro, viva para Jesus no momento que vivemos; ou melhor, viva como se n\u00e3o tiv\u00e9ssemos vida em n\u00f3s, deixando que Jesus viva \u00e0 vontade\u201d.<\/p>\n<p style=\"text-align: justify;\">\n","protected":false},"excerpt":{"rendered":"<p>Como passar pelos momentos de ang\u00fastia e medo, permanecendo na confian\u00e7a e no abandono? A seguir encontre\u00a0um guia precioso para manter a paz\u00a0de cora\u00e7\u00e3o Em um mundo angustiado e violento, onde podemos encontrar paz?\u00a0Talvez numa praia de uma ilha deserta, em uma aconchegante sala de estar assistindo a um bom filme, no fundo de um [&hellip;]<\/p>\n","protected":false},"author":1,"featured_media":64072,"comment_status":"open","ping_status":"closed","sticky":false,"template":"","format":"standard","meta":{"footnotes":""},"categories":[4,13],"tags":[],"class_list":["post-64071","post","type-post","status-publish","format-standard","has-post-thumbnail","hentry","category-cotidiano","category-featured"],"_links":{"self":[{"href":"https:\/\/catolicanet.net\/wp-cnet\/wp-json\/wp\/v2\/posts\/64071","targetHints":{"allow":["GET"]}}],"collection":[{"href":"https:\/\/catolicanet.net\/wp-cnet\/wp-json\/wp\/v2\/posts"}],"about":[{"href":"https:\/\/catolicanet.net\/wp-cnet\/wp-json\/wp\/v2\/types\/post"}],"author":[{"embeddable":true,"href":"https:\/\/catolicanet.net\/wp-cnet\/wp-json\/wp\/v2\/users\/1"}],"replies":[{"embeddable":true,"href":"https:\/\/catolicanet.net\/wp-cnet\/wp-json\/wp\/v2\/comments?post=64071"}],"version-history":[{"count":1,"href":"https:\/\/catolicanet.net\/wp-cnet\/wp-json\/wp\/v2\/posts\/64071\/revisions"}],"predecessor-version":[{"id":64073,"href":"https:\/\/catolicanet.net\/wp-cnet\/wp-json\/wp\/v2\/posts\/64071\/revisions\/64073"}],"wp:featuredmedia":[{"embeddable":true,"href":"https:\/\/catolicanet.net\/wp-cnet\/wp-json\/wp\/v2\/media\/64072"}],"wp:attachment":[{"href":"https:\/\/catolicanet.net\/wp-cnet\/wp-json\/wp\/v2\/media?parent=64071"}],"wp:term":[{"taxonomy":"category","embeddable":true,"href":"https:\/\/catolicanet.net\/wp-cnet\/wp-json\/wp\/v2\/categories?post=64071"},{"taxonomy":"post_tag","embeddable":true,"href":"https:\/\/catolicanet.net\/wp-cnet\/wp-json\/wp\/v2\/tags?post=64071"}],"curies":[{"name":"wp","href":"https:\/\/api.w.org\/{rel}","templated":true}]}}