{"id":6405,"date":"2015-08-17T13:11:02","date_gmt":"2015-08-17T16:11:02","guid":{"rendered":"http:\/\/catolicanet.net\/wp-cnet\/a-semana-do-papa-de-10-a-16-de-agosto\/"},"modified":"2017-04-11T11:15:07","modified_gmt":"2017-04-11T14:15:07","slug":"a-semana-do-papa-de-10-a-16-de-agosto","status":"publish","type":"post","link":"https:\/\/catolicanet.net\/wp-cnet\/a-semana-do-papa-de-10-a-16-de-agosto\/","title":{"rendered":"A Semana do Papa de 10 a 16 de agosto"},"content":{"rendered":"<p style=\"text-align: justify;\"><img decoding=\"async\" src=\"http:\/\/catolicanet.com.br\/images\/stories\/geral\/epa1817753papa.jpg\" border=\"0\" align=\"left\" \/>A atividade do Santo Padre come\u00e7a, a pouco a pouco a retomar o seu ritmo normal. Logo no in\u00edcio desta semana duas decis\u00f5es importantes do Papa Francisco: a institui\u00e7\u00e3o do Dia Mundial de Ora\u00e7\u00e3o pelo Cuidado da Cria\u00e7\u00e3o e a Mensagem para o 49\u00ba Dia Mundial da Paz.<\/p>\n<p>Dia 10<\/p>\n<p>Foi na segunda-feira dia 10 de agosto que o Papa Francisco instituiu o Dia Mundial de Ora\u00e7\u00e3o pelo Cuidado da Cria\u00e7\u00e3o, que passa a ser o dia 1 de setembro. Este dia \u00e9 fruto da nova Enc\u00edclica do Papa, \u2018Laudato Si\u2019 e tem um car\u00e1ter\u00a0 fundamentalmente ecum\u00eanico, j\u00e1 que ser\u00e1 celebrado tamb\u00e9m na mesma data pela Igreja Ortodoxa.<\/p>\n<p>Cat\u00f3licos e ortodoxos s\u00e3o chamados, no dia 1 de setembro, a uma convers\u00e3o ecol\u00f3gica, a invocar a miseric\u00f3rdia de Deus pelos pecados cometidos contra a natureza e a procurar juntos uma resposta aut\u00eantica e eficaz para cuidar e proteger a cria\u00e7\u00e3o.<\/p>\n<p>Dia 11<\/p>\n<p>Na ter\u00e7a-feira, dia 11 foi publicada a Mensagem do Papa Francisco para o 49\u00ba Dia Mundial da Paz a ter lugar no dia 1 de Janeiro de 2016. O tema \u00e9 \u201cVence a indiferen\u00e7a e conquista a paz\u201d.<\/p>\n<p>Na sua Mensagem o Papa Francisco afirma que a paz deve ser conquistada com esfor\u00e7o, convers\u00e3o, criatividade e confronto, sendo necess\u00e1rio sensibilizar e formar o sentido de responsabilidade perante as graves quest\u00f5es que afligem a fam\u00edlia humana, tais como os fundamentalismos e os seus massacres, as persegui\u00e7\u00f5es devido \u00e0 f\u00e9 e \u00e0 etnia, a viola\u00e7\u00e3o da liberdade e dos direitos dos povos, a explora\u00e7\u00e3o e a escravatura das pessoas, a corrup\u00e7\u00e3o e o crime organizado, as guerras e o drama dos refugiados e dos migrantes for\u00e7ados.<\/p>\n<p>Dia 12<\/p>\n<p>Quarta-feira, 12 de agosto, muito entusiasmo na Sala Paulo VI para a segunda audi\u00eancia geral de agosto, ap\u00f3s a suspens\u00e3o de ver\u00e3o no m\u00eas de julho.<\/p>\n<p>Nesta quarta-feira o Santo Padre afirmou a festa como algo que marca o ritmo da vida familiar dizendo, desde logo, que \u00e9 uma inven\u00e7\u00e3o de Deus, como nos sugere o Livro do Genesis no relato da cria\u00e7\u00e3o ao declarar que Deus repousou no s\u00e9timo dia. Assim, aprendemos que \u00e9 preciso dedicar um tempo para contemplar e regozijar-se com o trabalho bem feito.<\/p>\n<p>\u201cMas o verdadeiro tempo da festa suspende o trabalho profissional e \u00e9 sagrado, porque recorda ao homem e \u00e0 mulher que foram feitos \u00e0 imagem de Deus, o qual n\u00e3o \u00e9 escravo do trabalho, mas Senhor, e, portanto, tamb\u00e9m n\u00f3s n\u00e3o devemos nunca ser escravos do trabalho, mas \u201csenhores\u201d. H\u00e1 um mandamento para isto, um mandamento que \u00e9 para todos, ningu\u00e9m exclu\u00eddo! Ao inv\u00e9s, sabemos que existem milh\u00f5es de homens e mulheres escravos do trabalho! Isto \u00e9 contra Deus e contra a dignidade da pessoa humana! A obsess\u00e3o pelo lucro econ\u00f4mico e o eficientismo da t\u00e9cnica colocam em risco os ritmos humanos da vida.\u201d<\/p>\n<p>\u201c O tempo do repouso, sobretudo aquele dominical, \u00e9 destinado a n\u00f3s para que possamos gozar daquilo que n\u00e3o se produz e n\u00e3o se consuma, n\u00e3o se compra nem se vende. Mas, pelo contr\u00e1rio, vemos que a ideologia do lucro e do consumo quer comer tamb\u00e9m a festa: mesmo essa \u00e9, \u00e0s vezes, reduzida a um \u201cneg\u00f3cio\u201d, a um modo para fazer dinheiro e gast\u00e1-lo.\u201d<\/p>\n<p>\u201cMas \u00e9 para isto que trabalhamos?\u201d<\/p>\n<p>\u201c\u2026o tempo da festa \u00e9 sagrado porque Deus o habita num modo especial. A Eucaristia dominical leva \u00e0 festa toda a gra\u00e7a de Jesus Cristo: a sua presen\u00e7a, o seu amor, o seu sacrif\u00edcio, o seu fazer comunidade, o seu estar conosco\u2026 E assim cada realidade recebe o seu sentido pleno: o trabalho, a fam\u00edlia, as alegrias e as canseiras de cada dia, tamb\u00e9m o sofrimento e a morte; tudo \u00e9 transfigurado pela gra\u00e7a de Cristo.\u201d<\/p>\n<p>Dia 15<\/p>\n<p>Na ora\u00e7\u00e3o do Angelus de s\u00e1bado dia 15 de agosto, Solenidade da Assun\u00e7\u00e3o da Virgem Santa Maria, o Papa Francisco dirigiu o seu pensamento e as suas ora\u00e7\u00f5es, \u00e0s v\u00edtimas das explos\u00f5es que ocorreram na China, na quarta-feira dia 12 e que provocaram 112 mortos e mais de 700 feridos:<\/p>\n<p>\u201cO meu pensamento vai, neste momento, para a popula\u00e7\u00e3o da cidade de Tianjin, na China setentrional, onde algumas explos\u00f5es na \u00e1rea industrial causaram numerosos mortos e feridos e grandes danos. Asseguro a minha ora\u00e7\u00e3o por aqueles que perderam a vida e por todas as pessoas provadas por este desastre; que o Senhor lhes d\u00ea conforto e o apoio a quantos est\u00e3o empenhados em aliviar os seus sofrimentos\u201d.<\/p>\n<p>Dia 16<\/p>\n<p>Domingo, 16 de agosto, Angelus com o Papa Francisco na Pra\u00e7a de S. Pedro. Grande multid\u00e3o saudou o Santo Padre que, da janela do Pal\u00e1cio Apost\u00f3lico, referiu que nestas semanas o Evangelho de S. Jo\u00e3o nos tem proposto o discurso de Jesus sobre o \u2018P\u00e3o da Vida\u2019, que \u00e9 Ele mesmo e tamb\u00e9m o sacramento da Eucaristia.<\/p>\n<p>Segundo o Papa Francisco, Jesus usa o estilo dos profetas para provocar em n\u00f3s perguntas e decis\u00f5es. Quando afirma \u201ccomer a carne e beber o sangue\u201d, o que significa isto ent\u00e3o? \u00c9 s\u00f3 uma imagem ou \u00e9 qualquer coisa de real? \u2013 perguntou o Santo Padre.<\/p>\n<p>Para termos uma resposta \u00e9 preciso intuir o que acontece no cora\u00e7\u00e3o de Jesus enquanto parte o p\u00e3o para a multid\u00e3o esfomeada. Sabendo que dever\u00e1 morrer na Cruz por n\u00f3s, Jesus identifica-se com aquele p\u00e3o partilhado e isso torna-se para Ele um \u2018sinal\u2019 do sacrif\u00edcio que o espera \u2013 sublinhou o Papa que salientou as palavras de Jesus: \u201cQuem come a minha carne e bebe o meu sangue permanece em Mim e eu nele\u201d. A comunh\u00e3o \u00e9 assimila\u00e7\u00e3o, pois tornamo-nos como Jesus. Mas para isso \u00e9 preciso o nosso sim, a nossa ades\u00e3o de f\u00e9 \u2013 afirmou o Santo Padre.<\/p>\n<p>\u201cMas a Eucaristia n\u00e3o \u00e9 uma ora\u00e7\u00e3o privada ou uma bela experi\u00eancia espiritual, n\u00e3o \u00e9 uma simples comemora\u00e7\u00e3o daquilo que Jesus fez na \u00daltima Ceia: a Eucaristia \u00e9 \u2018memorial\u2019, ou seja, um gesto que atualiza e torna presente o evento da morte e ressurrei\u00e7\u00e3o de Jesus: o p\u00e3o \u00e9 realmente o seu Corpo dado por n\u00f3s, o vinho \u00e9 realmente o seu Sangue versado por n\u00f3s.\u201d<\/p>\n<p>\u201c A Eucaristia \u00e9 o pr\u00f3prio Jesus que se d\u00e1 inteiramente a n\u00f3s. Nutrirmo-nos d\u2019Ele e morar n\u2019Ele mediante a comunh\u00e3o eucar\u00edstica, se o fazemos com f\u00e9, transforma a nossa vida num dom a Deus e aos irm\u00e3os. Nutrirmo-nos do P\u00e3o da Vida significa entrar em sintonia com o cora\u00e7\u00e3o de Cristo, assimilar as suas escolhas, os seus pensamentos, os seus comportamentos. Significa entrar num dinamismo de amor e tornarmo-nos pessoas de paz, de perd\u00e3o, de reconcilia\u00e7\u00e3o, de partilha solid\u00e1ria.\u201d<\/p>\n<p>E com Angelus deste domingo terminamos esta s\u00edntese das principais atividades do Santo Padre que foram not\u00edcia de 10 a 16 de agosto. Esta rubrica regressa na pr\u00f3xima semana sempre aqui na RV em l\u00edngua portuguesa.<\/p>\n<p style=\"text-align: justify;\">Fonte: R\u00e1dio Vaticano<\/p>\n","protected":false},"excerpt":{"rendered":"<p>A atividade do Santo Padre come\u00e7a, a pouco a pouco a retomar o seu ritmo normal. Logo no in\u00edcio desta semana duas decis\u00f5es importantes do Papa Francisco: a institui\u00e7\u00e3o do Dia Mundial de Ora\u00e7\u00e3o pelo Cuidado da Cria\u00e7\u00e3o e a Mensagem para o 49\u00ba Dia Mundial da Paz. Dia 10 Foi na segunda-feira dia 10 [&hellip;]<\/p>\n","protected":false},"author":1,"featured_media":0,"comment_status":"closed","ping_status":"closed","sticky":false,"template":"","format":"standard","meta":{"footnotes":""},"categories":[3],"tags":[],"class_list":["post-6405","post","type-post","status-publish","format-standard","hentry","category-vaticano"],"_links":{"self":[{"href":"https:\/\/catolicanet.net\/wp-cnet\/wp-json\/wp\/v2\/posts\/6405","targetHints":{"allow":["GET"]}}],"collection":[{"href":"https:\/\/catolicanet.net\/wp-cnet\/wp-json\/wp\/v2\/posts"}],"about":[{"href":"https:\/\/catolicanet.net\/wp-cnet\/wp-json\/wp\/v2\/types\/post"}],"author":[{"embeddable":true,"href":"https:\/\/catolicanet.net\/wp-cnet\/wp-json\/wp\/v2\/users\/1"}],"replies":[{"embeddable":true,"href":"https:\/\/catolicanet.net\/wp-cnet\/wp-json\/wp\/v2\/comments?post=6405"}],"version-history":[{"count":1,"href":"https:\/\/catolicanet.net\/wp-cnet\/wp-json\/wp\/v2\/posts\/6405\/revisions"}],"predecessor-version":[{"id":11284,"href":"https:\/\/catolicanet.net\/wp-cnet\/wp-json\/wp\/v2\/posts\/6405\/revisions\/11284"}],"wp:attachment":[{"href":"https:\/\/catolicanet.net\/wp-cnet\/wp-json\/wp\/v2\/media?parent=6405"}],"wp:term":[{"taxonomy":"category","embeddable":true,"href":"https:\/\/catolicanet.net\/wp-cnet\/wp-json\/wp\/v2\/categories?post=6405"},{"taxonomy":"post_tag","embeddable":true,"href":"https:\/\/catolicanet.net\/wp-cnet\/wp-json\/wp\/v2\/tags?post=6405"}],"curies":[{"name":"wp","href":"https:\/\/api.w.org\/{rel}","templated":true}]}}