{"id":64040,"date":"2020-11-03T10:39:13","date_gmt":"2020-11-03T13:39:13","guid":{"rendered":"https:\/\/catolicanet.net\/wp-cnet\/?p=64040"},"modified":"2020-11-03T11:40:17","modified_gmt":"2020-11-03T14:40:17","slug":"por-que-santa-teresinha-nao-tinha-medo-da-morte","status":"publish","type":"post","link":"https:\/\/catolicanet.net\/wp-cnet\/por-que-santa-teresinha-nao-tinha-medo-da-morte\/","title":{"rendered":"Por que Santa Teresinha n\u00e3o tinha medo da morte?"},"content":{"rendered":"<h2 class=\"subtitle\" style=\"text-align: justify;\">A santa carmelita ansiava pela morte e a encarava como uma jornada de volta para casa<\/h2>\n<p style=\"text-align: justify;\">O\u00a0<strong>medo da morte<\/strong>\u00a0\u00e9 algo que atinge muitos crist\u00e3os. N\u00e3o deveria, mas acontece. Isso porque a morte \u00e9\u00a0 a maior inc\u00f3gnita deste mundo e n\u00e3o sabemos exatamente o que vai acontecer quando deixarmos esta vida.<\/p>\n<p style=\"text-align: justify;\">No entanto,\u00a0<strong>os santos n\u00e3o tinham medo da morte<\/strong>. Em vez disso, eles a recebiam bem e a viam com os olhos da f\u00e9.<\/p>\n<p style=\"text-align: justify;\">Santa Teresa de Lisieux, tamb\u00e9m conhecida como\u00a0<strong>Santa Teresinha do Menino Jesus<\/strong>, \u00e9 um exemplo. A carmelita morreu de tuberculose aos 24 anos de idade. Pode parecer triste ouvir sobre uma bela jovem que morreu t\u00e3o cedo. No entanto,\u00a0<strong>Santa Teresinha ansiava pelo dia em que morreria.<\/strong><\/p>\n<p style=\"text-align: justify;\">No final de sua autobiografia intitulada\u00a0<a href=\"https:\/\/loja.cancaonova.com\/livro-historia-de-uma-alma\" target=\"_blank\" rel=\"noopener noreferrer\">\u201cHist\u00f3ria de uma Alma\u201d<\/a>\u00a0h\u00e1 algumas reminisc\u00eancias fornecidas por algumas das irm\u00e3s. Aqui est\u00e1 uma conversa que ela teve com algumas delas sobre a morte:<\/p>\n<blockquote><p><em>\u201cAinda n\u00e3o sabemos de que doen\u00e7a voc\u00ea vai morrer (\u2026).\u00a0<strong>Vou morrer de morte<\/strong>! Deus disse a Ad\u00e3o sobre do que ele morreria quando lhe disse: \u2018Tu morrer\u00e1s de morte\u2019?<\/em><em>Ent\u00e3o a morte vir\u00e1 busc\u00e1-la? N\u00e3o, n\u00e3o a morte, mas o Bom Deus. A morte n\u00e3o \u00e9, como as imagens nos dizem, um fantasma, um espectro horr\u00edvel. O Catecismo diz que \u00e9 a separa\u00e7\u00e3o da alma e do corpo! Bem,\u00a0<strong>n\u00e3o temo uma separa\u00e7\u00e3o que me unir\u00e1 para sempre a Deus<\/strong>\u201d.<\/em><\/p><\/blockquote>\n<p style=\"text-align: justify;\">Portanto, ela acreditava firmemente que a morte a uniria e n\u00e3o a separaria. Seria, ent\u00e3o, uma uni\u00e3o eterna com Deus.<\/p>\n<h3 style=\"text-align: justify;\">A morte como viagem de volta<\/h3>\n<div class=\"nativo-inread\" style=\"text-align: justify;\"><\/div>\n<p style=\"text-align: justify;\">Essa cren\u00e7a, de fato, veio de uma atitude que ela tinha sobre a vida que moldou todas as suas a\u00e7\u00f5es. Ela explicou que\u00a0<strong>encarava esta vida mais como um ex\u00edlio, e n\u00e3o como um lar<\/strong>:<\/p>\n<blockquote><p><em>\u201cO s\u00edmbolo de um navio sempre me encanta e me ajuda a suportar o ex\u00edlio desta vida. N\u00e3o nos diz o S\u00e1bio: \u2018A vida \u00e9 como um navio que passa pelas ondas: quando passa, n\u00e3o se encontra o seu rasto\u2019?<\/em><\/p><\/blockquote>\n<p style=\"text-align: justify;\">Enfim, com isso em mente, como Santa Teresinha poderia ter medo da morte? Para ela,\u00a0<strong>a morte seria uma viagem de volta para casa<\/strong>.<\/p>\n<div id=\"article-desk-content-p6-ad_2020_11_03_por-que-santa-teresinha-nao-tinha-medo-da-morte\" class=\"css-y9mcup\" style=\"text-align: justify;\" data-google-query-id=\"CLL84pTN5uwCFUs0uQYd_ccEgQ\">\n<div id=\"google_ads_iframe_64500793\/PT_DESK_ARTICLE_WELCOME_1X1_3__container__\"><\/div>\n<\/div>\n<p style=\"text-align: justify;\">Portanto, se voc\u00ea precisar de ajuda com seu medo da morte, pe\u00e7a ajuda a ela!<\/p>\n","protected":false},"excerpt":{"rendered":"<p>A santa carmelita ansiava pela morte e a encarava como uma jornada de volta para casa O\u00a0medo da morte\u00a0\u00e9 algo que atinge muitos crist\u00e3os. N\u00e3o deveria, mas acontece. Isso porque a morte \u00e9\u00a0 a maior inc\u00f3gnita deste mundo e n\u00e3o sabemos exatamente o que vai acontecer quando deixarmos esta vida. No entanto,\u00a0os santos n\u00e3o tinham [&hellip;]<\/p>\n","protected":false},"author":1,"featured_media":64041,"comment_status":"open","ping_status":"closed","sticky":false,"template":"","format":"standard","meta":{"footnotes":""},"categories":[4],"tags":[],"class_list":["post-64040","post","type-post","status-publish","format-standard","has-post-thumbnail","hentry","category-cotidiano"],"_links":{"self":[{"href":"https:\/\/catolicanet.net\/wp-cnet\/wp-json\/wp\/v2\/posts\/64040","targetHints":{"allow":["GET"]}}],"collection":[{"href":"https:\/\/catolicanet.net\/wp-cnet\/wp-json\/wp\/v2\/posts"}],"about":[{"href":"https:\/\/catolicanet.net\/wp-cnet\/wp-json\/wp\/v2\/types\/post"}],"author":[{"embeddable":true,"href":"https:\/\/catolicanet.net\/wp-cnet\/wp-json\/wp\/v2\/users\/1"}],"replies":[{"embeddable":true,"href":"https:\/\/catolicanet.net\/wp-cnet\/wp-json\/wp\/v2\/comments?post=64040"}],"version-history":[{"count":1,"href":"https:\/\/catolicanet.net\/wp-cnet\/wp-json\/wp\/v2\/posts\/64040\/revisions"}],"predecessor-version":[{"id":64042,"href":"https:\/\/catolicanet.net\/wp-cnet\/wp-json\/wp\/v2\/posts\/64040\/revisions\/64042"}],"wp:featuredmedia":[{"embeddable":true,"href":"https:\/\/catolicanet.net\/wp-cnet\/wp-json\/wp\/v2\/media\/64041"}],"wp:attachment":[{"href":"https:\/\/catolicanet.net\/wp-cnet\/wp-json\/wp\/v2\/media?parent=64040"}],"wp:term":[{"taxonomy":"category","embeddable":true,"href":"https:\/\/catolicanet.net\/wp-cnet\/wp-json\/wp\/v2\/categories?post=64040"},{"taxonomy":"post_tag","embeddable":true,"href":"https:\/\/catolicanet.net\/wp-cnet\/wp-json\/wp\/v2\/tags?post=64040"}],"curies":[{"name":"wp","href":"https:\/\/api.w.org\/{rel}","templated":true}]}}