{"id":64007,"date":"2020-11-03T20:08:18","date_gmt":"2020-11-03T23:08:18","guid":{"rendered":"https:\/\/catolicanet.net\/wp-cnet\/?p=64007"},"modified":"2020-11-03T11:09:41","modified_gmt":"2020-11-03T14:09:41","slug":"tomasi-e-o-novo-delegado-especial-junto-a-ordem-soberana-de-malta","status":"publish","type":"post","link":"https:\/\/catolicanet.net\/wp-cnet\/tomasi-e-o-novo-delegado-especial-junto-a-ordem-soberana-de-malta\/","title":{"rendered":"Tomasi \u00e9 o novo Delegado especial junto \u00e0 Ordem Soberana de Malta"},"content":{"rendered":"<div class=\"article__subTitle\" style=\"text-align: justify;\">Com esta nomea\u00e7\u00e3o feita pelo Papa Francisco, o arcebispo Silvano Maria Tomasi, que ser\u00e1 feito cardeal no Consist\u00f3rio de 28 de novembro, tem a tarefa de auxiliar a Ordem no processo de atualiza\u00e7\u00e3o de sua Carta constitucional e do C\u00f3digo Melitense<\/div>\n<div class=\"title__separator\" style=\"text-align: justify;\"><\/div>\n<div class=\"article__text \">\n<p style=\"text-align: justify;\"><b>Vatican News<\/b><\/p>\n<div style=\"text-align: justify;\">\n<div class=\"article__embed article__embed--unwrap article__embed--dark\">\n<div class=\"article__innerTitle\">Ou\u00e7a e compartilhe<\/div>\n<div>\n<audio class=\"wp-audio-shortcode\" id=\"audio-64007-1\" preload=\"none\" style=\"width: 100%;\" controls=\"controls\"><source type=\"audio\/mpeg\" src=\"https:\/\/media.vaticannews.va\/media\/audio\/s1\/2020\/11\/03\/11\/135775365_F135775365.mp3?_=1\" \/><a href=\"https:\/\/media.vaticannews.va\/media\/audio\/s1\/2020\/11\/03\/11\/135775365_F135775365.mp3\">https:\/\/media.vaticannews.va\/media\/audio\/s1\/2020\/11\/03\/11\/135775365_F135775365.mp3<\/a><\/audio>\n<\/div>\n<\/div>\n<\/div>\n<p style=\"text-align: justify;\">Dom Silvano Maria Tomasi, um Scalabriniano de 80 anos, ex-observador permanente da Santa S\u00e9 no escrit\u00f3rio da Onu em Genebra, na Su\u00ed\u00e7a, e colaborador do Dicast\u00e9rio para o Servi\u00e7o do Desenvolvimento Humano Integral, \u00e9 o novo Delegado especial da Ordem Hospitalar Militar Soberana de S\u00e3o Jo\u00e3o de Jerusal\u00e9m de Rodes e de Malta.<\/p>\n<p style=\"text-align: justify;\">O prelado, que ser\u00e1 feito cardeal no Consist\u00f3rio de 28 deste m\u00eas de novembro, assume o lugar do cardeal Angelo Becciu, nomeado pelo Papa Francisco em fevereiro de 2017, com a tarefa de auxiliar a Ordem no processo de atualiza\u00e7\u00e3o de sua Carta constitucional. A nomea\u00e7\u00e3o tem lugar enquanto ainda se aguarda o novo Grande Mestre, ap\u00f3s a morte do \u201cFra&#8217; Giacomo Dalla Torre del Tempio di Sanguinetto\u201d, ocorrida em 29 de abril passado.<\/p>\n<p style=\"text-align: justify;\">\u201cNomeio-o meu Delegado Especial junto \u00e0 Ordem Hospitalar Militar Soberana de S\u00e3o Jo\u00e3o de Jerusal\u00e9m de Rodes e de Malta (S.M.O.M.) \u2013 escreve o Santo Padre \u2013 com a tarefa de colaborar, para o bem maior da Ordem, com S.E. Fra&#8217; Ruy Gon\u00e7alo do Valle Peixoto de Villas Boas, lugar tenente interino e Grande Comendador, e com o pr\u00f3ximo Grande Mestre devidamente eleito.\u201d<\/p>\n<p style=\"text-align: justify;\">\u201cO senhor ter\u00e1 todos os poderes necess\u00e1rios para decidir as eventuais quest\u00f5es que possam surgir na implementa\u00e7\u00e3o do mandato que lhe foi confiado, para receber o juramento do pr\u00f3ximo Grande Mestre e ser\u00e1 meu porta-voz exclusivo para tudo que diz respeito \u00e0s rela\u00e7\u00f5es entre esta S\u00e9 Apost\u00f3lica e a Ordem. Pe\u00e7o-lhe que queira exercer o of\u00edcio de meu Delegado at\u00e9 a conclus\u00e3o do processo de atualiza\u00e7\u00e3o da Carta Constitucional e do C\u00f3digo Melitense e, em todo caso, at\u00e9 quando considerarei \u00fatil para a pr\u00f3pria Ordem\u201d, conclui o Pont\u00edfice, assegurando a dom Tomasi sua ora\u00e7\u00e3o e concedendo sua B\u00ean\u00e7\u00e3o apost\u00f3lica ao cardeal designado e a todos os membros da Ordem de Malta.<\/p>\n<\/div>\n","protected":false},"excerpt":{"rendered":"<p>Com esta nomea\u00e7\u00e3o feita pelo Papa Francisco, o arcebispo Silvano Maria Tomasi, que ser\u00e1 feito cardeal no Consist\u00f3rio de 28 de novembro, tem a tarefa de auxiliar a Ordem no processo de atualiza\u00e7\u00e3o de sua Carta constitucional e do C\u00f3digo Melitense Vatican News Ou\u00e7a e compartilhe Dom Silvano Maria Tomasi, um Scalabriniano de 80 anos, [&hellip;]<\/p>\n","protected":false},"author":1,"featured_media":64008,"comment_status":"open","ping_status":"closed","sticky":false,"template":"","format":"standard","meta":{"footnotes":""},"categories":[3],"tags":[],"class_list":["post-64007","post","type-post","status-publish","format-standard","has-post-thumbnail","hentry","category-vaticano"],"_links":{"self":[{"href":"https:\/\/catolicanet.net\/wp-cnet\/wp-json\/wp\/v2\/posts\/64007","targetHints":{"allow":["GET"]}}],"collection":[{"href":"https:\/\/catolicanet.net\/wp-cnet\/wp-json\/wp\/v2\/posts"}],"about":[{"href":"https:\/\/catolicanet.net\/wp-cnet\/wp-json\/wp\/v2\/types\/post"}],"author":[{"embeddable":true,"href":"https:\/\/catolicanet.net\/wp-cnet\/wp-json\/wp\/v2\/users\/1"}],"replies":[{"embeddable":true,"href":"https:\/\/catolicanet.net\/wp-cnet\/wp-json\/wp\/v2\/comments?post=64007"}],"version-history":[{"count":1,"href":"https:\/\/catolicanet.net\/wp-cnet\/wp-json\/wp\/v2\/posts\/64007\/revisions"}],"predecessor-version":[{"id":64009,"href":"https:\/\/catolicanet.net\/wp-cnet\/wp-json\/wp\/v2\/posts\/64007\/revisions\/64009"}],"wp:featuredmedia":[{"embeddable":true,"href":"https:\/\/catolicanet.net\/wp-cnet\/wp-json\/wp\/v2\/media\/64008"}],"wp:attachment":[{"href":"https:\/\/catolicanet.net\/wp-cnet\/wp-json\/wp\/v2\/media?parent=64007"}],"wp:term":[{"taxonomy":"category","embeddable":true,"href":"https:\/\/catolicanet.net\/wp-cnet\/wp-json\/wp\/v2\/categories?post=64007"},{"taxonomy":"post_tag","embeddable":true,"href":"https:\/\/catolicanet.net\/wp-cnet\/wp-json\/wp\/v2\/tags?post=64007"}],"curies":[{"name":"wp","href":"https:\/\/api.w.org\/{rel}","templated":true}]}}