{"id":64004,"date":"2020-11-03T09:58:38","date_gmt":"2020-11-03T12:58:38","guid":{"rendered":"https:\/\/catolicanet.net\/wp-cnet\/?p=64004"},"modified":"2020-11-03T11:07:45","modified_gmt":"2020-11-03T14:07:45","slug":"atentado-em-viena-papa-francisco-chega-de-violencia","status":"publish","type":"post","link":"https:\/\/catolicanet.net\/wp-cnet\/atentado-em-viena-papa-francisco-chega-de-violencia\/","title":{"rendered":"Atentado em Viena. Papa Francisco: \u201cChega de viol\u00eancia!\u201d"},"content":{"rendered":"<figure class=\"article__image\" style=\"text-align: justify;\"><span class=\"didascalia_img\">Atentado em Viena\u00a0 (AFP or licensors)<\/span><\/figure>\n<div class=\"article__meta\">\n<div class=\"article__subTitle\" style=\"text-align: justify;\">Telegrama e tu\u00edte do Papa Francisco pelas v\u00edtimas do atentado em Viena. Um comando armado formado por pelo menos 4 pessoas ontem \u00e0 noite atingiu o centro de Viena: o balan\u00e7o provis\u00f3rio \u00e9 de 4 mortos e 17 feridos. Morto tamb\u00e9m o agressor, ligado aos terroristas do Estado isl\u00e2mico e conhecido dos servi\u00e7os de seguran\u00e7a. Proximidade e ora\u00e7\u00e3o do Cardeal Arcebispo da cidade onde esta noite uma Missa recordar\u00e1 as v\u00edtimas<\/div>\n<div class=\"title__separator\" style=\"text-align: justify;\"><\/div>\n<div class=\"article__text \">\n<p style=\"text-align: justify;\"><b>Michele Raviart, Silvonei Jos\u00e9 \u2013 Vatican News<\/b><\/p>\n<p style=\"text-align: justify;\"><i><b>\u201cExpresso dor e consterna\u00e7\u00e3o pelo ataque terrorista em #Viena e rezo pelas v\u00edtimas e seus familiares. Chega de viol\u00eancia! Construamos juntos paz e fraternidade. S\u00f3 o amor apaga o \u00f3dio\u201d:<\/b><\/i>\u00a0foi o que escreveu nesta ter\u00e7a-feira o Papa Francisco num tu\u00edte referindo-se ao ataque terrorista contra a capital austr\u00edaca, Viena, na noite desta segunda-feira.<\/p>\n<p style=\"text-align: justify;\">O\u00a0 Papa enviou tamb\u00e9m um telegrama ao Arcebispo de Viena Cardeal Christoph Sch\u00f6nborn, no qual expressa sua &#8220;dor pelas v\u00edtimas e sua proximidade \u00e0s fam\u00edlias que perderam seus entes queridos&#8221;. O Papa confia as v\u00edtimas &#8220;\u00e0 miseric\u00f3rdia de Deus&#8221; e reitera seu apelo implorando &#8220;ao Senhor que a viol\u00eancia e o \u00f3dio cessem e que seja promovida a coexist\u00eancia pac\u00edfica&#8221; . O telegrama foi assinado pelo cardeal Secret\u00e1rio de Estado Pietro Parolin.<\/p>\n<p style=\"text-align: justify;\">Aos sentimentos do Papa, que reza pelas v\u00edtimas e seus fam\u00edliares, faz eco o arcebispo de Viena, cardeal\u00a0Christoph Sch\u00f6nbor. &#8220;O \u00f3dio n\u00e3o deve ser a resposta a este \u00f3dio cego&#8221;, escreve o arcebispo em um tu\u00edte, comentando o ataque de ontem \u00e0 noite em que quatro pessoas foram mortas por um grupo de pessoas armadas ligadas ao Estado isl\u00e2mico no centro da cidade. &#8220;Continuamos no caminho da comunidade, da solidariedade e da solicitude. Estes s\u00e3o os valores que moldaram a \u00c1ustria&#8221;, escreveu o cardeal, anunciando uma missa em mem\u00f3ria das v\u00edtimas nesta tarde na catedral de Santo Est\u00eav\u00e3o, transmitida tamb\u00e9m em streaming para respeitar as normas anti-Covid. &#8220;A \u00c1ustria n\u00e3o deve tornar-se uma sociedade que se fecha no medo, mas deve continuar a ser aberta aos outros&#8221;, disse ele numa entrevista televisiva, &#8220;mesmo se agora tenhamos de manter a dist\u00e2ncia por causa da pandemia, com o cora\u00e7\u00e3o n\u00e3o devemos manter a dist\u00e2ncia\u201d.<\/p>\n<h2 style=\"text-align: justify;\">O agressor que foi morto queria chegar \u00e0 S\u00edria&#8230;<\/h2>\n<p style=\"text-align: justify;\">O ataque come\u00e7ou por volta das 20 horas de ontem, hora local. Os primeiros tiros foram ouvidos perto da sinagoga de Staddttempel e depois outras cinco \u00e1reas foram atingidas.\u00a0 At\u00e9 o momento s\u00e3o quatro as v\u00edtimas, dois homens e duas mulheres. Sete ficaram gravemente feridos. Tamb\u00e9m foi morto um dos agressores, que o ministro do Interior Karl Nehammer revelou ser um simpatizante do Estado isl\u00e2mico. Era um homem de 20 anos com dupla cidadania, da \u00c1ustria e da Maced\u00f4nia do Norte, equipado com um cinto explosivo falso, uma arma longa autom\u00e1tica, uma pistola e um fac\u00e3o. O homem era conhecido dos servi\u00e7os de seguran\u00e7a porque era um dos noventa isl\u00e2micos austr\u00edacos que tentaram chegar \u00e0 S\u00edria para lutar ao lado dos jihadistas e tinha sa\u00eddo da pris\u00e3o h\u00e1 um ano.<\/p>\n<h2 style=\"text-align: justify;\">Est\u00e3o \u00e0 procura de outros terroristas<\/h2>\n<p style=\"text-align: justify;\">A pol\u00edcia austr\u00edaca est\u00e1 tentando, nestas horas, reconstruir a din\u00e2mica do ataque, assistindo aos mais de vinte mil v\u00eddeos que aparecerem nas redes sociais desde ontem \u00e0 noite. Pensa-se que quatro pessoas estavam envolvidas na a\u00e7\u00e3o; agora as for\u00e7as de ordem est\u00e3o procurando essas pessoas atrav\u00e9s de controles e perquisi\u00e7\u00f5es. Nesta manh\u00e3, o governo austr\u00edaco reiterou o seu apelo aos vienenses para n\u00e3o deixarem as suas casas e para n\u00e3o irem absolutamente para o centro da cidade, onde 75 soldados est\u00e3o presidindo as \u00e1reas sens\u00edveis da capital. Tamb\u00e9m foram fechadas escolas, esta\u00e7\u00f5es centrais do metr\u00f4 e sinagogas em toda a \u00c1ustria. A Alemanha e a Rep\u00fablica Tcheca refor\u00e7aram as medidas de seguran\u00e7a nas fronteiras. Os controles no passagem do Brennero, entre \u00c1ustria e It\u00e1lia, tamb\u00e9m foram aumentados.\u00b4<\/p>\n<h2 style=\"text-align: justify;\">Os testemunhos<\/h2>\n<p style=\"text-align: justify;\">&#8220;Os agressores come\u00e7aram a disparar aleatoriamente nos locais&#8221;, testemunhou o prefeito de Viena, Michael Ludwig, \u00e0 TV Orf. &#8220;Os agressores atiraram contra as pessoas que se encontravam no jardim de um bar&#8221;, disse ao Kurier, o rabino Schlomo Hofmeister, que vive num apartamento em frente \u00e0 sinagoga da cidade. De acordo com o seu testemunho, &#8220;o autor avan\u00e7ou na dire\u00e7\u00e3o de Hoher Markt e da igreja de S\u00e3o Ruperto &#8221; e teria disparado contra as pessoas que estavam sentadas no jardim de um bar em Judengasse e Seitenstettengasse, mas &#8220;n\u00e3o apontou diretamente para a sinagoga&#8221;, que, todavia, estava fechada. H\u00e1 tamb\u00e9m numerosos testemunhos nas redes sociais de cidad\u00e3os que destacam como o ataque teve lugar na hora do jantar, na \u00faltima noite antes do \u201clockdown\u201d. &#8220;As ruas do centro estavam cheias de gente, devido \u00e0 temperatura amena&#8221;, l\u00ea-se em numerosas mensagens nas redes sociais.<\/p>\n<h2 style=\"text-align: justify;\">Kurz: n\u00e3o \u00e9 um conflito entre crist\u00e3os e mu\u00e7ulmanos<\/h2>\n<p style=\"text-align: justify;\">&#8220;Devemos estar sempre conscientes de que n\u00e3o se trata de um conflito entre crist\u00e3os e mu\u00e7ulmanos ou entre austr\u00edacos e migrantes. N\u00e3o, esta \u00e9 uma luta entre as muitas pessoas que acreditam na paz e os poucos que querem a guerra. \u00c9 uma luta entre a civiliza\u00e7\u00e3o e a barb\u00e1rie que perseguiremos sempre com determina\u00e7\u00e3o&#8221;, disse o chanceler austr\u00edaco Sebastian Kurz num discurso \u00e0 na\u00e7\u00e3o, que ontem \u00e0 noite tinha falado de &#8220;um repugnante ataque terrorista&#8221;. &#8220;Chocado e comovido&#8221;, se disse Josep Borrell, Alto Representante da UE para a Pol\u00edtica Externa em um tu\u00edte: &#8220;Um ato covarde de viol\u00eancia e \u00f3dio. O meu pensamento vai para as v\u00edtimas e as suas fam\u00edlias e para os cidad\u00e3os de Viena. Estamos ao seu lado&#8221;.<\/p>\n<h2 style=\"text-align: justify;\">Solidariedade<\/h2>\n<p style=\"text-align: justify;\">&#8220;N\u00e3o h\u00e1 lugar para o \u00f3dio e a viol\u00eancia na nossa casa comum europeia. Proximidade ao povo austr\u00edaco, \u00e0s fam\u00edlias das v\u00edtimas e aos feridos&#8221;, tuitou o primeiro-ministro italiano Giuseppe Conte. O Presidente franc\u00eas Emmanuel Macron tamb\u00e9m escreveu num tu\u00edte: &#8220;N\u00f3s, franceses, partilhamos o choque e a dor do povo austr\u00edaco atingido esta noite por um ataque no cora\u00e7\u00e3o da sua capital, Viena. Depois da Fran\u00e7a, \u00e9 um pa\u00eds amigo a ser atacado. A nossa Europa. Os nossos inimigos devem saber com quem est\u00e3o mexendo. N\u00e3o nos renderemos&#8221;. As rea\u00e7\u00f5es tamb\u00e9m prov\u00eam dos concorrentes \u00e0 Casa Branca: &#8220;Devemos permanecer unidos contra o \u00f3dio e a viol\u00eancia&#8221;, escreveu Joe Biden, e Donald Trump salienta que &#8220;estes ataques malignos contra pessoas inocentes devem parar. Os Estados Unidos est\u00e3o lado a lado com a \u00c1ustria, Fran\u00e7a e toda a Europa na luta contra os terroristas\u201d.<\/p>\n<\/div>\n<\/div>\n","protected":false},"excerpt":{"rendered":"<p>Atentado em Viena\u00a0 (AFP or licensors) Telegrama e tu\u00edte do Papa Francisco pelas v\u00edtimas do atentado em Viena. Um comando armado formado por pelo menos 4 pessoas ontem \u00e0 noite atingiu o centro de Viena: o balan\u00e7o provis\u00f3rio \u00e9 de 4 mortos e 17 feridos. Morto tamb\u00e9m o agressor, ligado aos terroristas do Estado isl\u00e2mico [&hellip;]<\/p>\n","protected":false},"author":1,"featured_media":64005,"comment_status":"open","ping_status":"closed","sticky":false,"template":"","format":"standard","meta":{"footnotes":""},"categories":[13,3],"tags":[],"class_list":["post-64004","post","type-post","status-publish","format-standard","has-post-thumbnail","hentry","category-featured","category-vaticano"],"_links":{"self":[{"href":"https:\/\/catolicanet.net\/wp-cnet\/wp-json\/wp\/v2\/posts\/64004","targetHints":{"allow":["GET"]}}],"collection":[{"href":"https:\/\/catolicanet.net\/wp-cnet\/wp-json\/wp\/v2\/posts"}],"about":[{"href":"https:\/\/catolicanet.net\/wp-cnet\/wp-json\/wp\/v2\/types\/post"}],"author":[{"embeddable":true,"href":"https:\/\/catolicanet.net\/wp-cnet\/wp-json\/wp\/v2\/users\/1"}],"replies":[{"embeddable":true,"href":"https:\/\/catolicanet.net\/wp-cnet\/wp-json\/wp\/v2\/comments?post=64004"}],"version-history":[{"count":1,"href":"https:\/\/catolicanet.net\/wp-cnet\/wp-json\/wp\/v2\/posts\/64004\/revisions"}],"predecessor-version":[{"id":64006,"href":"https:\/\/catolicanet.net\/wp-cnet\/wp-json\/wp\/v2\/posts\/64004\/revisions\/64006"}],"wp:featuredmedia":[{"embeddable":true,"href":"https:\/\/catolicanet.net\/wp-cnet\/wp-json\/wp\/v2\/media\/64005"}],"wp:attachment":[{"href":"https:\/\/catolicanet.net\/wp-cnet\/wp-json\/wp\/v2\/media?parent=64004"}],"wp:term":[{"taxonomy":"category","embeddable":true,"href":"https:\/\/catolicanet.net\/wp-cnet\/wp-json\/wp\/v2\/categories?post=64004"},{"taxonomy":"post_tag","embeddable":true,"href":"https:\/\/catolicanet.net\/wp-cnet\/wp-json\/wp\/v2\/tags?post=64004"}],"curies":[{"name":"wp","href":"https:\/\/api.w.org\/{rel}","templated":true}]}}