{"id":6396,"date":"2015-08-17T11:51:48","date_gmt":"2015-08-17T14:51:48","guid":{"rendered":"http:\/\/catolicanet.net\/wp-cnet\/eventos-em-belo-horizonte-lembram-assuncao-de-nossa-senhora\/"},"modified":"2017-04-11T11:35:52","modified_gmt":"2017-04-11T14:35:52","slug":"eventos-em-belo-horizonte-lembram-assuncao-de-nossa-senhora","status":"publish","type":"post","link":"https:\/\/catolicanet.net\/wp-cnet\/eventos-em-belo-horizonte-lembram-assuncao-de-nossa-senhora\/","title":{"rendered":"Eventos em Belo Horizonte lembram Assun\u00e7\u00e3o de Nossa Senhora"},"content":{"rendered":"<p style=\"text-align: justify;\"><img decoding=\"async\" src=\"http:\/\/catolicanet.com.br\/images\/stories\/belohorizonte.jpg\" border=\"0\" align=\"left\" \/>Eventos especiais comemoram a Assun\u00e7\u00e3o de Nossa Senhora na arquidiocese de Belo Horizonte (MG). Neste 15 de agosto, os fi\u00e9is celebram a padroeira de Belo Horizonte com atividades diversas, entre elas a 20\u00aa Peregrina\u00e7\u00e3o da Juventude ao Santu\u00e1rio Nossa Senhora da Piedade.<\/p>\n<p>Mais de 150 caravanas se inscreveram para a peregrina\u00e7\u00e3o. O Santu\u00e1rio Nossa Senhora da Piedade, em Caet\u00e9, recebe os jovens desde \u00e0s 8h. O arcebispo de Belo Horizonte, dom Walmor Oliveira, celebrou missa no santu\u00e1rio \u00e0s 11h,\u00a0 concelebrada pelo bispo auxiliar, dom Jo\u00e3o Justino.<\/p>\n<p>A festividade que lembra as virtudes, os sofrimentos e as obras da m\u00e3e de Jesus Cristo tamb\u00e9m contar\u00e1 com ora\u00e7\u00e3o no terreno da Catedral Cristo Rei, \u00e0s 16h, quando os presentes receber\u00e3o a imagem de Nossa Senhora da Boa Viagem.<\/p>\n<p>Na pra\u00e7a da rodovi\u00e1ria, haver\u00e1 o tradicional ter\u00e7o e prociss\u00e3o luminosa com a imagem de Nossa Senhora da Boa Viagem, que ser\u00e1 levada da cidade de Confins (MG). Da pra\u00e7a, os fi\u00e9is seguir\u00e3o em prociss\u00e3o luminosa para a Par\u00f3quia Nossa Senhora da Boa Viagem, onde dom Walmor presidir\u00e1 missa \u00e0s 18h, nos jardins da par\u00f3quia.<\/p>\n<p>Padroeira<\/p>\n<p>Com o t\u00edtulo de Boa Viagem, Nossa Senhora foi oficializada como padroeira de Belo Horizonte a pedido do cardeal mineiro dom Carlos Carmelo de Vasconcelos Mota. No entanto, na capital, a devo\u00e7\u00e3o \u00e0 santa come\u00e7ou no in\u00edcio do s\u00e9culo XVIII, quando os primeiros portugueses chegaram ao povoado que deu origem \u00e0 Belo Horizonte: o Arraial do Curral Del Rey.<\/p>\n<p style=\"text-align: justify;\">Fonte: CNBB<\/p>\n","protected":false},"excerpt":{"rendered":"<p>Eventos especiais comemoram a Assun\u00e7\u00e3o de Nossa Senhora na arquidiocese de Belo Horizonte (MG). Neste 15 de agosto, os fi\u00e9is celebram a padroeira de Belo Horizonte com atividades diversas, entre elas a 20\u00aa Peregrina\u00e7\u00e3o da Juventude ao Santu\u00e1rio Nossa Senhora da Piedade. Mais de 150 caravanas se inscreveram para a peregrina\u00e7\u00e3o. O Santu\u00e1rio Nossa Senhora [&hellip;]<\/p>\n","protected":false},"author":1,"featured_media":0,"comment_status":"closed","ping_status":"closed","sticky":false,"template":"","format":"standard","meta":{"footnotes":""},"categories":[7],"tags":[],"class_list":["post-6396","post","type-post","status-publish","format-standard","hentry","category-cnbb"],"_links":{"self":[{"href":"https:\/\/catolicanet.net\/wp-cnet\/wp-json\/wp\/v2\/posts\/6396","targetHints":{"allow":["GET"]}}],"collection":[{"href":"https:\/\/catolicanet.net\/wp-cnet\/wp-json\/wp\/v2\/posts"}],"about":[{"href":"https:\/\/catolicanet.net\/wp-cnet\/wp-json\/wp\/v2\/types\/post"}],"author":[{"embeddable":true,"href":"https:\/\/catolicanet.net\/wp-cnet\/wp-json\/wp\/v2\/users\/1"}],"replies":[{"embeddable":true,"href":"https:\/\/catolicanet.net\/wp-cnet\/wp-json\/wp\/v2\/comments?post=6396"}],"version-history":[{"count":1,"href":"https:\/\/catolicanet.net\/wp-cnet\/wp-json\/wp\/v2\/posts\/6396\/revisions"}],"predecessor-version":[{"id":11293,"href":"https:\/\/catolicanet.net\/wp-cnet\/wp-json\/wp\/v2\/posts\/6396\/revisions\/11293"}],"wp:attachment":[{"href":"https:\/\/catolicanet.net\/wp-cnet\/wp-json\/wp\/v2\/media?parent=6396"}],"wp:term":[{"taxonomy":"category","embeddable":true,"href":"https:\/\/catolicanet.net\/wp-cnet\/wp-json\/wp\/v2\/categories?post=6396"},{"taxonomy":"post_tag","embeddable":true,"href":"https:\/\/catolicanet.net\/wp-cnet\/wp-json\/wp\/v2\/tags?post=6396"}],"curies":[{"name":"wp","href":"https:\/\/api.w.org\/{rel}","templated":true}]}}