{"id":63948,"date":"2020-10-30T10:04:26","date_gmt":"2020-10-30T13:04:26","guid":{"rendered":"https:\/\/catolicanet.net\/wp-cnet\/?p=63948"},"modified":"2020-10-30T12:05:49","modified_gmt":"2020-10-30T15:05:49","slug":"redemir-faz-registro-da-trajetoria-em-publicacao-on-line","status":"publish","type":"post","link":"https:\/\/catolicanet.net\/wp-cnet\/redemir-faz-registro-da-trajetoria-em-publicacao-on-line\/","title":{"rendered":"REDEMIR FAZ REGISTRO DA TRAJET\u00d3RIA EM PUBLICA\u00c7\u00c3O ON-LINE"},"content":{"rendered":"<div class=\"et_post_meta_wrapper\">\n<p class=\"entry-title\" style=\"text-align: justify;\">O ano de 2019 foi marcado pelos 15 anos da Rede Solid\u00e1ria para Migrantes e Refugiados (RedeMiR) e pelos 20 anos do Instituto Migra\u00e7\u00f5es e Direitos Humanos (IMDH), articulador da Rede e seu principal organizador. S\u00e3o anos de trabalhos dedicados \u00e0 luta pela garantia dos direitos humanos de migrantes, refugiados, solicitantes de ref\u00fagio, ap\u00e1tridas e v\u00edtimas de tr\u00e1fico humano, tem\u00e1tica que a cada dia deve merecer mais a aten\u00e7\u00e3o dos governos e da pr\u00f3pria sociedade.<\/p>\n<p style=\"text-align: justify;\">O n\u00famero de migrantes internacionais tem aumentado exponencialmente na \u00faltima d\u00e9cada e alcan\u00e7ou a marca de 272 milh\u00f5es em 2019. Entre estes, mais de 70 milh\u00f5es foram for\u00e7adas a deixarem suas casas para fugir da viol\u00eancia, persegui\u00e7\u00f5es, viola\u00e7\u00f5es de direitos humanos ou ainda de situa\u00e7\u00f5es de graves dist\u00farbios na ordem p\u00fablica local. Dentre o panorama global dos deslocamentos for\u00e7ados, 26 milh\u00f5es de pessoas foram reconhecidas como refugiadas.<\/p>\n<\/div>\n<div class=\"entry-content\" style=\"text-align: justify;\">\n<p>Esse aumento dos fluxos migrat\u00f3rios tamb\u00e9m pode ser observado nos n\u00fameros de migrantes e refugiados que chegam ao Brasil. Segundo o IBGE, h\u00e1 registros da presen\u00e7a de migrantes em 3.876 munic\u00edpios brasileiros. Al\u00e9m disso, \u00e9 importante destacar o grande percentual de pessoas em situa\u00e7\u00e3o de vulnerabilidade, em especial entre os migrantes e refugiados venezuelanos que chegam ao Brasil pelo estado de Roraima, e as limitadas oportunidades de integra\u00e7\u00e3o que o atual contexto social, econ\u00f4mico e laboral oferece.<\/p>\n<p>A presente publica\u00e7\u00e3o tem o objetivo de compartilhar iniciativas e pr\u00e1ticas de a\u00e7\u00e3o desenvolvidas por institui\u00e7\u00f5es participantes da RedeMiR, bem como os resultados e desafios vivenciados. A partilha pode estimular que ideias e pr\u00e1ticas venham a ser replicadas por outras organiza\u00e7\u00f5es, portanto, identificar onde, quando e como elas est\u00e3o acontecendo auxilia no fortalecimento e\u00a0 perfei\u00e7oamento das atividades desenvolvidas por toda a rede.<\/p>\n<p>A publica\u00e7\u00e3o traz, ainda, um registro da trajet\u00f3ria da RedeMiR, a qual conta hoje com mais de 60 institui\u00e7\u00f5es situadas em todas as regi\u00f5es do pa\u00eds. S\u00e3o abordados seus desafios e suas conquistas, com o desejo de incentivar a expans\u00e3o e o fortalecimento da atua\u00e7\u00e3o em rede por parte das diversas institui\u00e7\u00f5es e atores sociais, a fim de melhor acolher, proteger e integrar a popula\u00e7\u00e3o migrante e refugiada. Fa\u00e7a (<a href=\"https:\/\/www.migrante.org.br\/?attachment_id=3400\">aqui<\/a>) o download da publica\u00e7\u00e3o.<\/p>\n<h3><strong>Migra\u00e7\u00e3o e o Tr\u00e1fico de Pessoas<\/strong><\/h3>\n<p>Neste ano, a Comiss\u00e3o para o Enfrentamento ao Tr\u00e1fico Humano da Confer\u00eancia Nacional dos Bispos do Brasil (CNBB) tentou aprimorar ainda mais a rela\u00e7\u00e3o com redes que j\u00e1 atuam no enfrentamento ao tr\u00e1fico, e uma delas \u00e9 a RedeMir.<\/p>\n<blockquote><p>\u201cO grande desafio \u00e9 esta articula\u00e7\u00e3o da Comiss\u00e3o com essas outras redes que j\u00e1 tem um trabalho de enfrentamento ao tr\u00e1fico de pessoas em n\u00edvel de Brasil. A gente tem fortalecido essas articula\u00e7\u00f5es com as redes que tem nas regi\u00f5es de fronteira que j\u00e1 fazem um trabalho tanto de preven\u00e7\u00e3o, de incid\u00eancia pol\u00edtica e rela\u00e7\u00e3o com as redes que trabalham com os migrantes\u201d, conta a irm\u00e3 Rose Bertoldo, que atua na Rede Um Grito pela Vida e no Eixo de Fronteiras da Rede Eclesial Pan-Amaz\u00f4nica, Repam.<\/p><\/blockquote>\n<p>Entre as a\u00e7\u00f5es na parceria com as redes o grupo colabora na formula\u00e7\u00e3o de pol\u00edticas p\u00fablicas voltadas para a realidade da migra\u00e7\u00e3o e do tr\u00e1fico de pessoas, na forma\u00e7\u00e3o de lideran\u00e7as nos regionais e na articula\u00e7\u00e3o destes regionais com as redes locais que existem.<\/p>\n<p>S\u00e3o algumas das redes que j\u00e1 atuam neste campo: Rede Clamor, do Conselho Episcopal Latino Americano; a RedeMir, articulada pelo Instituto Migra\u00e7\u00f5es e Direitos Humanos para a realidade de Migrantes e Refugiados, o Servi\u00e7o Jesu\u00edta a Migrantes e Refugiados, a rede da Tr\u00edplice Fronteira (Brasil, Peru e Col\u00f4mbia), a rede internacional Thalita Kum, articulada pelas Superioras Gerais de congrega\u00e7\u00f5es religiosas, al\u00e9m da Repam entre outras.<\/p>\n<p>As prioridades da Comiss\u00e3o para os pr\u00f3ximos anos:<\/p>\n<ul>\n<li>Incid\u00eancia nos Regionais e nas pastorais sociais para uma agenda comum para enfrentamento ao tr\u00e1fico de pessoas<\/li>\n<li>Inclus\u00e3o da tem\u00e1tica nas prioridades das Pastorais Sociais no plano 2019-2023<\/li>\n<li>Articula\u00e7\u00e3o com as organiza\u00e7\u00f5es que est\u00e3o atuando com educa\u00e7\u00e3o para sensibiliza\u00e7\u00e3o e preven\u00e7\u00e3o<\/li>\n<li>Fortalecimento do papel de articula\u00e7\u00e3o da Comiss\u00e3o em todo o pa\u00eds<\/li>\n<li>Incid\u00eancia pol\u00edtica e prof\u00e9tica na tem\u00e1tica do enfrentamento ao tr\u00e1fico de pessoas<\/li>\n<li>Aproxima\u00e7\u00e3o das iniciativas nas fronteiras<\/li>\n<li>Dar \u00eanfase ao tema do enfrentamento ao tr\u00e1fico de pessoas na Semana Social Brasileira<\/li>\n<li>Amplia\u00e7\u00e3o da articula\u00e7\u00e3o entre organiza\u00e7\u00f5es nacionais que atuam nos temas afetos \u00e0 comiss\u00e3o em plano nacional e internacional<\/li>\n<li>Aproveitar o ambiente do S\u00ednodo para incid\u00eancia da tem\u00e1tica<\/li>\n<li>Amplia\u00e7\u00e3o do olhar e do conceito de fronteiras para al\u00e9m da terrestre<\/li>\n<\/ul>\n<p>&nbsp;<\/p>\n<\/div>\n<pre>Com informa\u00e7\u00f5es do Instituto Migra\u00e7\u00f5es e Direitos Humanos<\/pre>\n","protected":false},"excerpt":{"rendered":"<p>O ano de 2019 foi marcado pelos 15 anos da Rede Solid\u00e1ria para Migrantes e Refugiados (RedeMiR) e pelos 20 anos do Instituto Migra\u00e7\u00f5es e Direitos Humanos (IMDH), articulador da Rede e seu principal organizador. S\u00e3o anos de trabalhos dedicados \u00e0 luta pela garantia dos direitos humanos de migrantes, refugiados, solicitantes de ref\u00fagio, ap\u00e1tridas e [&hellip;]<\/p>\n","protected":false},"author":1,"featured_media":63949,"comment_status":"open","ping_status":"closed","sticky":false,"template":"","format":"standard","meta":{"footnotes":""},"categories":[7],"tags":[],"class_list":["post-63948","post","type-post","status-publish","format-standard","has-post-thumbnail","hentry","category-cnbb"],"_links":{"self":[{"href":"https:\/\/catolicanet.net\/wp-cnet\/wp-json\/wp\/v2\/posts\/63948","targetHints":{"allow":["GET"]}}],"collection":[{"href":"https:\/\/catolicanet.net\/wp-cnet\/wp-json\/wp\/v2\/posts"}],"about":[{"href":"https:\/\/catolicanet.net\/wp-cnet\/wp-json\/wp\/v2\/types\/post"}],"author":[{"embeddable":true,"href":"https:\/\/catolicanet.net\/wp-cnet\/wp-json\/wp\/v2\/users\/1"}],"replies":[{"embeddable":true,"href":"https:\/\/catolicanet.net\/wp-cnet\/wp-json\/wp\/v2\/comments?post=63948"}],"version-history":[{"count":1,"href":"https:\/\/catolicanet.net\/wp-cnet\/wp-json\/wp\/v2\/posts\/63948\/revisions"}],"predecessor-version":[{"id":63950,"href":"https:\/\/catolicanet.net\/wp-cnet\/wp-json\/wp\/v2\/posts\/63948\/revisions\/63950"}],"wp:featuredmedia":[{"embeddable":true,"href":"https:\/\/catolicanet.net\/wp-cnet\/wp-json\/wp\/v2\/media\/63949"}],"wp:attachment":[{"href":"https:\/\/catolicanet.net\/wp-cnet\/wp-json\/wp\/v2\/media?parent=63948"}],"wp:term":[{"taxonomy":"category","embeddable":true,"href":"https:\/\/catolicanet.net\/wp-cnet\/wp-json\/wp\/v2\/categories?post=63948"},{"taxonomy":"post_tag","embeddable":true,"href":"https:\/\/catolicanet.net\/wp-cnet\/wp-json\/wp\/v2\/tags?post=63948"}],"curies":[{"name":"wp","href":"https:\/\/api.w.org\/{rel}","templated":true}]}}