{"id":6392,"date":"2015-08-14T18:14:16","date_gmt":"2015-08-14T21:14:16","guid":{"rendered":"http:\/\/catolicanet.net\/wp-cnet\/qisto-significa-ser-homem-proteger-as-criancas-sejam-suas-sejam-dos-outrosq\/"},"modified":"2017-04-11T11:37:44","modified_gmt":"2017-04-11T14:37:44","slug":"qisto-significa-ser-homem-proteger-as-criancas-sejam-suas-sejam-dos-outrosq","status":"publish","type":"post","link":"https:\/\/catolicanet.net\/wp-cnet\/qisto-significa-ser-homem-proteger-as-criancas-sejam-suas-sejam-dos-outrosq\/","title":{"rendered":"&#8220;Isto significa ser homem: proteger as crian\u00e7as, sejam suas, sejam dos outros&#8221;"},"content":{"rendered":"<p style=\"text-align: justify;\"><img decoding=\"async\" src=\"http:\/\/catolicanet.com.br\/images\/stories\/1abortotopic.jpg\" border=\"0\" align=\"left\" \/>Arcebispo da Filad\u00e9lfia arremete contra o com\u00e9rcio de fetos praticado pela ind\u00fastria do aborto<\/p>\n<p style=\"text-align: justify;\">&#8220;O assassinato deliberado de uma vida inocente \u00e9 um ato essencialmente mau&#8221;, declarou o arcebispo da Filad\u00e9lfia, dom Charles Chaput, em refer\u00eancia ao esc\u00e2ndalo envolvendo a Planned Parenthood, maior rede de cl\u00ednicas de aborto dos Estados Unidos. A organiza\u00e7\u00e3o vinha negociando clandestinamente partes do corpo de fetos abortados em suas cl\u00ednicas.<\/p>\n<p>SAIBA MAIS:<\/p>\n<p>Diretora da Planned Parenthood \u00e9 flagrada em v\u00eddeo vendendo \u00f3rg\u00e3os e tecidos de fetos abortados<\/p>\n<p>Negociando fetos na hora do almo\u00e7o: que tipo de est\u00f4mago t\u00eam um abortista?<\/p>\n<p>Fetos usados na ind\u00fastria de cosm\u00e9ticos e at\u00e9 de alimentos<\/p>\n<p>O arcebispo norte-americano qualificou o tr\u00e1fico perpetrado pela Planned Parenthod de &#8220;nojento, horr\u00edvel e b\u00e1rbaro&#8221;.<\/p>\n<p>Citando carta pastoral &#8220;Viver o Evangelho da Vida&#8221;, publicada pela Confer\u00eancia Episcopal dos Estados Unidos em 1998, dom Charles enfatizou passagens como as seguintes:<\/p>\n<p>&#8220;N\u00e3o proteger ou n\u00e3o defender a vida nas suas etapas mais vulner\u00e1veis faz com que qualquer outro apelo \u00e0 justi\u00e7a para com os pobres e marginalizados se torne um apelo suspeito&#8221;.<\/p>\n<p>&#8220;Todo ataque direto contra a vida humana inocente, a exemplo do aborto e da eutan\u00e1sia, \u00e9 uma viola\u00e7\u00e3o direta e imediata ao mais fundamental de todos os direitos humanos: o direito \u00e0 vida&#8221;.<\/p>\n<p>Dom Charles tamb\u00e9m citou uma frase de Ruben Navarrete, famoso defensor do aborto que passou a defender a vida depois de se casar:<\/p>\n<p>&#8220;Trata-se de crian\u00e7as assassinadas. Milh\u00f5es de crian\u00e7as. E n\u00f3s temos que proteg\u00ea-las. \u00c9 isto o que um homem faz: proteger as crian\u00e7as, sejam suas, sejam dos outros. Isto significa ser homem&#8221;.<\/p>\n<p style=\"text-align: justify;\">Fonte: Aleteia<\/p>\n","protected":false},"excerpt":{"rendered":"<p>Arcebispo da Filad\u00e9lfia arremete contra o com\u00e9rcio de fetos praticado pela ind\u00fastria do aborto &#8220;O assassinato deliberado de uma vida inocente \u00e9 um ato essencialmente mau&#8221;, declarou o arcebispo da Filad\u00e9lfia, dom Charles Chaput, em refer\u00eancia ao esc\u00e2ndalo envolvendo a Planned Parenthood, maior rede de cl\u00ednicas de aborto dos Estados Unidos. A organiza\u00e7\u00e3o vinha negociando [&hellip;]<\/p>\n","protected":false},"author":1,"featured_media":0,"comment_status":"closed","ping_status":"closed","sticky":false,"template":"","format":"standard","meta":{"footnotes":""},"categories":[4],"tags":[],"class_list":["post-6392","post","type-post","status-publish","format-standard","hentry","category-cotidiano"],"_links":{"self":[{"href":"https:\/\/catolicanet.net\/wp-cnet\/wp-json\/wp\/v2\/posts\/6392","targetHints":{"allow":["GET"]}}],"collection":[{"href":"https:\/\/catolicanet.net\/wp-cnet\/wp-json\/wp\/v2\/posts"}],"about":[{"href":"https:\/\/catolicanet.net\/wp-cnet\/wp-json\/wp\/v2\/types\/post"}],"author":[{"embeddable":true,"href":"https:\/\/catolicanet.net\/wp-cnet\/wp-json\/wp\/v2\/users\/1"}],"replies":[{"embeddable":true,"href":"https:\/\/catolicanet.net\/wp-cnet\/wp-json\/wp\/v2\/comments?post=6392"}],"version-history":[{"count":1,"href":"https:\/\/catolicanet.net\/wp-cnet\/wp-json\/wp\/v2\/posts\/6392\/revisions"}],"predecessor-version":[{"id":11297,"href":"https:\/\/catolicanet.net\/wp-cnet\/wp-json\/wp\/v2\/posts\/6392\/revisions\/11297"}],"wp:attachment":[{"href":"https:\/\/catolicanet.net\/wp-cnet\/wp-json\/wp\/v2\/media?parent=6392"}],"wp:term":[{"taxonomy":"category","embeddable":true,"href":"https:\/\/catolicanet.net\/wp-cnet\/wp-json\/wp\/v2\/categories?post=6392"},{"taxonomy":"post_tag","embeddable":true,"href":"https:\/\/catolicanet.net\/wp-cnet\/wp-json\/wp\/v2\/tags?post=6392"}],"curies":[{"name":"wp","href":"https:\/\/api.w.org\/{rel}","templated":true}]}}