{"id":6391,"date":"2015-08-14T17:50:09","date_gmt":"2015-08-14T20:50:09","guid":{"rendered":"http:\/\/catolicanet.net\/wp-cnet\/salesianos-lo-desafio-maior-continua-a-ser-a-atencao-aos-jovensr-diz-provincial-em-portugal\/"},"modified":"2017-04-11T11:38:24","modified_gmt":"2017-04-11T14:38:24","slug":"salesianos-lo-desafio-maior-continua-a-ser-a-atencao-aos-jovensr-diz-provincial-em-portugal","status":"publish","type":"post","link":"https:\/\/catolicanet.net\/wp-cnet\/salesianos-lo-desafio-maior-continua-a-ser-a-atencao-aos-jovensr-diz-provincial-em-portugal\/","title":{"rendered":"Salesianos: \u00abO desafio maior continua a ser a aten\u00e7\u00e3o aos jovens\u00bb diz provincial em Portugal"},"content":{"rendered":"<p style=\"text-align: justify;\"><img decoding=\"async\" src=\"http:\/\/catolicanet.com.br\/images\/stories\/geral\/1salesianos_bicentenario.jpg\" border=\"0\" align=\"left\" \/> O provincial da Sociedade Pia de S\u00e3o Francisco de Sales no contexto dos 200 anos do nascimento de S\u00e3o Jo\u00e3o Bosco, celebrados este domingo, conversou a educa\u00e7\u00e3o, o projeto educativo e esta celebra\u00e7\u00e3o para a fam\u00edlia salesiana.<\/p>\n<p>\u201c\u00c9 necess\u00e1rio ter em conta a aten\u00e7\u00e3o aos jovens colocando-os no centro das suas preocupa\u00e7\u00f5es e tudo o que est\u00e1 relacionado com a sua forma\u00e7\u00e3o, cuidado, prote\u00e7\u00e3o, acompanhamento est\u00e1 no centro do carisma\u201d, explicou o padre Artur Pereira.<\/p>\n<p>Para o provincial da sociedade Pia de S\u00e3o Francisco de Sales (Salesinos), um carisma que tem como centro os jovens \u00e9 \u201cfalar sempre da atualidade\u201d.<\/p>\n<p>\u00c0 Ag\u00eancia ECCLESIA, assinalou que o carisma de Dom Bosco (16 de agosto de 1815-31 de Janeiro de 1888), na pr\u00e1tica, \u201ccentra-se na parte mais preciosa\u201d que uma sociedade tem que \u201cs\u00e3o os seus jovens, que s\u00e3o o futuro\u201d e atualmente h\u00e1 \u201cnecessidade de olhar para os jovens de uma forma particular\u201d.<\/p>\n<p>\u201cAquilo que percebemos, a mec\u00e2nica da economia, a problem\u00e1tica do mundo que estamos a viver facilmente se concentra naqueles aspetos de sobreviv\u00eancia de uma sociedade esquecendo-se que uma sociedade vive de uma forma abundante cultivando os seus jovens\u201d, desenvolveu na entrevista no Col\u00e9gio das Oficinas de S\u00e3o Jos\u00e9, em Lisboa.<\/p>\n<p>Neste contexto, o padre Artur Pereira alerta que uma sociedade democr\u00e1tica que \u201cquer educar os cidad\u00e3os\u201d tem de apostar na diversidade, \u201co monol\u00edtico d\u00e1 mentes fechadas\u201d.<\/p>\n<p>\u201cO ensino privado tem todo o sentido, todo o lugar, e n\u00e3o tem sido respeitado. Para mim temos uma educa\u00e7\u00e3o ref\u00e9m da economia\u201d, denunciou.<\/p>\n<p>Sobre Dom Bosco, que nasceu h\u00e1 200 anos em Turim, It\u00e1lia, o sacerdote revela que a sua \u201cgrande preocupa\u00e7\u00e3o era salvar os jovens\u201d.<\/p>\n<p>\u201cEle fala da educa\u00e7\u00e3o integral, n\u00e3o havia educa\u00e7\u00e3o e evangeliza\u00e7\u00e3o mas o jovem que deve ser formado de forma integral\u201d, acrescentou, por isso, o provincial dos Salesianos considera que o carisma \u201ccaminha com os jovens\u201d.<\/p>\n<p>O padre Artur Pereira comenta que a celebra\u00e7\u00e3o dos 200 anos do fundador da Sociedade Pia de S\u00e3o Francisco de Sales \u00e9 um tempo para fazer festa n\u00e3o s\u00f3 de foguetes, que \u201ctamb\u00e9m houve e h\u00e1\u201d, mas mais confrontarem-se com o carisma: \u201cPerceber se percorremos o caminho da fidelidade ao carisma.\u201d<\/p>\n<p>\u201cPara n\u00f3s salesianos o desafio maior continua a ser a aten\u00e7\u00e3o aos jovens\u201d, observou.<\/p>\n<p>A entrevista ao padre Artur Pereira com estas e outras an\u00e1lises pode ser ouvida no programa \u00abEcclesia\u00bb, a partir das 06h00 na Antena 1 da r\u00e1dio p\u00fablica.<\/p>\n<p>Dom Jo\u00e3o Bosco foi proclamado santo em 1934, pelo Papa Pio XI e S\u00e3o Jo\u00e3o Paulo II definiu-o como &#8220;pai e mestre da juventude\u201d.<\/p>\n<p>Fonte: Agencia Ecclsia<\/p>\n","protected":false},"excerpt":{"rendered":"<p>O provincial da Sociedade Pia de S\u00e3o Francisco de Sales no contexto dos 200 anos do nascimento de S\u00e3o Jo\u00e3o Bosco, celebrados este domingo, conversou a educa\u00e7\u00e3o, o projeto educativo e esta celebra\u00e7\u00e3o para a fam\u00edlia salesiana. \u201c\u00c9 necess\u00e1rio ter em conta a aten\u00e7\u00e3o aos jovens colocando-os no centro das suas preocupa\u00e7\u00f5es e tudo o [&hellip;]<\/p>\n","protected":false},"author":1,"featured_media":0,"comment_status":"closed","ping_status":"closed","sticky":false,"template":"","format":"standard","meta":{"footnotes":""},"categories":[4],"tags":[],"class_list":["post-6391","post","type-post","status-publish","format-standard","hentry","category-cotidiano"],"_links":{"self":[{"href":"https:\/\/catolicanet.net\/wp-cnet\/wp-json\/wp\/v2\/posts\/6391","targetHints":{"allow":["GET"]}}],"collection":[{"href":"https:\/\/catolicanet.net\/wp-cnet\/wp-json\/wp\/v2\/posts"}],"about":[{"href":"https:\/\/catolicanet.net\/wp-cnet\/wp-json\/wp\/v2\/types\/post"}],"author":[{"embeddable":true,"href":"https:\/\/catolicanet.net\/wp-cnet\/wp-json\/wp\/v2\/users\/1"}],"replies":[{"embeddable":true,"href":"https:\/\/catolicanet.net\/wp-cnet\/wp-json\/wp\/v2\/comments?post=6391"}],"version-history":[{"count":1,"href":"https:\/\/catolicanet.net\/wp-cnet\/wp-json\/wp\/v2\/posts\/6391\/revisions"}],"predecessor-version":[{"id":11298,"href":"https:\/\/catolicanet.net\/wp-cnet\/wp-json\/wp\/v2\/posts\/6391\/revisions\/11298"}],"wp:attachment":[{"href":"https:\/\/catolicanet.net\/wp-cnet\/wp-json\/wp\/v2\/media?parent=6391"}],"wp:term":[{"taxonomy":"category","embeddable":true,"href":"https:\/\/catolicanet.net\/wp-cnet\/wp-json\/wp\/v2\/categories?post=6391"},{"taxonomy":"post_tag","embeddable":true,"href":"https:\/\/catolicanet.net\/wp-cnet\/wp-json\/wp\/v2\/tags?post=6391"}],"curies":[{"name":"wp","href":"https:\/\/api.w.org\/{rel}","templated":true}]}}