{"id":63896,"date":"2020-10-29T09:01:44","date_gmt":"2020-10-29T12:01:44","guid":{"rendered":"https:\/\/catolicanet.net\/wp-cnet\/?p=63896"},"modified":"2020-10-29T11:02:54","modified_gmt":"2020-10-29T14:02:54","slug":"papa-francisco-em-2-de-novembro-no-campo-santo-teutonico","status":"publish","type":"post","link":"https:\/\/catolicanet.net\/wp-cnet\/papa-francisco-em-2-de-novembro-no-campo-santo-teutonico\/","title":{"rendered":"Papa Francisco em 2 de novembro no Campo Santo Teut\u00f4nico"},"content":{"rendered":"<figure class=\"article__image\" style=\"text-align: justify;\"><span class=\"didascalia_img\">Papa Francisco\u00a0 (Vatican Media)<\/span><\/figure>\n<div class=\"article__meta\">\n<div class=\"article__subTitle\" style=\"text-align: justify;\">Por ocasi\u00e3o da comemora\u00e7\u00e3o dos fi\u00e9is defuntos, o Pont\u00edfice celebrar\u00e1 a Missa no cemit\u00e9rio no Vaticano, de forma estritamente privada. Tamb\u00e9m para as demais celebra\u00e7\u00f5es programadas haver\u00e1 uma presen\u00e7a restrita de pessoas.<\/div>\n<div class=\"title__separator\" style=\"text-align: justify;\"><\/div>\n<div class=\"article__text \">\n<p style=\"text-align: justify;\"><b>Benedetta Capelli \u2013 Vatican News<\/b><\/p>\n<p style=\"text-align: justify;\">As medidas de seguran\u00e7a ditadas pela pandemia marcam tamb\u00e9m as pr\u00f3ximas celebra\u00e7\u00f5es presididas pelo Papa Francisco. Na segunda-feira 2 de novembro, dia em que a Igreja recorda os fi\u00e9is defuntos, o Pont\u00edfice \u2013 l\u00ea-se numa declara\u00e7\u00e3o da Sala de Imprensa Vaticana &#8211; ir\u00e1 n\u00e3o muito longe da Casa Santa Marta, ao Campo Santo Teut\u00f4nico. Ali \u00e0s 16h (hora de Roma) celebrar\u00e1 a Missa de forma estritamente privada, sem a participa\u00e7\u00e3o dos fi\u00e9is. Na conclus\u00e3o, ir\u00e1 se deter em ora\u00e7\u00e3o no cemit\u00e9rio, depois ir\u00e1 \u00e0s Grutas Vaticanas para prestar homenagem aos Pont\u00edfices falecidos.<\/p>\n<h2 style=\"text-align: justify;\">Presen\u00e7a limitada dos fi\u00e9is<\/h2>\n<p style=\"text-align: justify;\">Na quinta-feira, 5 de novembro, \u00e0s 11 horas (hora de Roma) no Altar da C\u00e1tedra na Bas\u00edlica do Vaticano, Francisco celebrar\u00e1 a Missa em sufr\u00e1gio dos cardeais e bispos que faleceram durante o ano. Para esta \u00faltima celebra\u00e7\u00e3o e para as celebra\u00e7\u00f5es dos pr\u00f3ximos meses, o Papa celebrar\u00e1 com uma participa\u00e7\u00e3o muito limitada de fi\u00e9is, de acordo com as modalidades utilizadas nos \u00faltimos meses, e no pleno respeito das medidas de prote\u00e7\u00e3o previstas, exceto no caso de varia\u00e7\u00f5es devidas a uma altera\u00e7\u00e3o da situa\u00e7\u00e3o sanit\u00e1ria.<\/p>\n<\/div>\n<\/div>\n","protected":false},"excerpt":{"rendered":"<p>Papa Francisco\u00a0 (Vatican Media) Por ocasi\u00e3o da comemora\u00e7\u00e3o dos fi\u00e9is defuntos, o Pont\u00edfice celebrar\u00e1 a Missa no cemit\u00e9rio no Vaticano, de forma estritamente privada. Tamb\u00e9m para as demais celebra\u00e7\u00f5es programadas haver\u00e1 uma presen\u00e7a restrita de pessoas. Benedetta Capelli \u2013 Vatican News As medidas de seguran\u00e7a ditadas pela pandemia marcam tamb\u00e9m as pr\u00f3ximas celebra\u00e7\u00f5es presididas pelo [&hellip;]<\/p>\n","protected":false},"author":1,"featured_media":63897,"comment_status":"open","ping_status":"closed","sticky":false,"template":"","format":"standard","meta":{"footnotes":""},"categories":[3],"tags":[],"class_list":["post-63896","post","type-post","status-publish","format-standard","has-post-thumbnail","hentry","category-vaticano"],"_links":{"self":[{"href":"https:\/\/catolicanet.net\/wp-cnet\/wp-json\/wp\/v2\/posts\/63896","targetHints":{"allow":["GET"]}}],"collection":[{"href":"https:\/\/catolicanet.net\/wp-cnet\/wp-json\/wp\/v2\/posts"}],"about":[{"href":"https:\/\/catolicanet.net\/wp-cnet\/wp-json\/wp\/v2\/types\/post"}],"author":[{"embeddable":true,"href":"https:\/\/catolicanet.net\/wp-cnet\/wp-json\/wp\/v2\/users\/1"}],"replies":[{"embeddable":true,"href":"https:\/\/catolicanet.net\/wp-cnet\/wp-json\/wp\/v2\/comments?post=63896"}],"version-history":[{"count":1,"href":"https:\/\/catolicanet.net\/wp-cnet\/wp-json\/wp\/v2\/posts\/63896\/revisions"}],"predecessor-version":[{"id":63898,"href":"https:\/\/catolicanet.net\/wp-cnet\/wp-json\/wp\/v2\/posts\/63896\/revisions\/63898"}],"wp:featuredmedia":[{"embeddable":true,"href":"https:\/\/catolicanet.net\/wp-cnet\/wp-json\/wp\/v2\/media\/63897"}],"wp:attachment":[{"href":"https:\/\/catolicanet.net\/wp-cnet\/wp-json\/wp\/v2\/media?parent=63896"}],"wp:term":[{"taxonomy":"category","embeddable":true,"href":"https:\/\/catolicanet.net\/wp-cnet\/wp-json\/wp\/v2\/categories?post=63896"},{"taxonomy":"post_tag","embeddable":true,"href":"https:\/\/catolicanet.net\/wp-cnet\/wp-json\/wp\/v2\/tags?post=63896"}],"curies":[{"name":"wp","href":"https:\/\/api.w.org\/{rel}","templated":true}]}}