{"id":63893,"date":"2020-10-29T08:58:59","date_gmt":"2020-10-29T11:58:59","guid":{"rendered":"https:\/\/catolicanet.net\/wp-cnet\/?p=63893"},"modified":"2020-10-29T11:01:25","modified_gmt":"2020-10-29T14:01:25","slug":"atentado-em-nice-o-papa-reza-pelas-vitimas-e-para-que-cesse-a-violencia","status":"publish","type":"post","link":"https:\/\/catolicanet.net\/wp-cnet\/atentado-em-nice-o-papa-reza-pelas-vitimas-e-para-que-cesse-a-violencia\/","title":{"rendered":"Atentado em Nice: o Papa reza pelas v\u00edtimas e para que cesse a viol\u00eancia"},"content":{"rendered":"<div class=\"article__subTitle\" style=\"text-align: justify;\">O ataque foi perpetrado dentro da Bas\u00edlica de Notre-Dame na cidade situada no sul da Fran\u00e7a. Tr\u00eas pessoas morreram. Uma delas foi decapitada. H\u00e1 tamb\u00e9m feridos.<\/div>\n<div class=\"title__separator\" style=\"text-align: justify;\"><\/div>\n<div class=\"article__text \">\n<p style=\"text-align: justify;\"><b>Vatican News<\/b><\/p>\n<p style=\"text-align: justify;\">Tr\u00eas pessoas morreram, em Nice, sul da Fran\u00e7a, num ataque perpetrado na manh\u00e3 desta quinta-feira (29\/10), na Bas\u00edlica de Notre-Dame dessa cidade. Uma das v\u00edtimas foi decapitada.<\/p>\n<p style=\"text-align: justify;\">Com rela\u00e7\u00e3o ao recente atentado perpetrado na Bas\u00edlica de Nice, o diretor da Sala de Imprensa da Santa S\u00e9, Matteo Bruni, afirma num comunicado:<\/p>\n<div style=\"text-align: justify;\">\n<div class=\"article__embed article__embed--border embed_style\">\n<blockquote><p>\u201c\u00c9 um momento de dor, num tempo de confus\u00e3o. Terrorismo e viol\u00eancia nunca podem ser aceitos. O ataque de hoje semeou morte num lugar de amor e consola\u00e7\u00e3o, como a casa do Senhor. O Papa est\u00e1 informado da situa\u00e7\u00e3o e est\u00e1 pr\u00f3ximo da comunidade cat\u00f3lica de luto. Ele reza pelas v\u00edtimas e seus entes queridos, para que cesse a viol\u00eancia, para que as pessoas voltem a se olhar como irm\u00e3os e n\u00e3o como inimigos, para que o amado povo franc\u00eas possa reagir unido ao mal com o bem.\u201d<\/p><\/blockquote>\n<\/div>\n<\/div>\n<p style=\"text-align: justify;\">O prefeito de Nice, Cristian Estrosi, declarou tratar-se de um ataque terrorista. O ministro do interior franc\u00eas, Gerald Darmanin, afirmou que a Pol\u00edcia est\u00e1 conduzindo uma opera\u00e7\u00e3o de seguran\u00e7a. Fontes da imprensa falam que um homem foi preso. O ataque perpetrado com uma faca ocorreu esta manh\u00e3, por volta das 9h, na Catedral situada no centro de Nice, na avenida Jean-Medecin.<\/p>\n<p style=\"text-align: justify;\">O primeiro-ministro franc\u00eas, Jean Castex, deixou apressadamente a Assembleia Nacional, onde deveria apresentar as novas medidas introduzidas para combater a pandemia de coronav\u00edrus. Ele dever\u00e1 participar da reuni\u00e3o de crise organizada no Minist\u00e9rio do Interior pelo ministro Gerald Darmarin em decorr\u00eancia do ataque.<\/p>\n<h2 style=\"text-align: justify;\">Ora\u00e7\u00e3o e a proximidade dos bispos da Fran\u00e7a<\/h2>\n<p style=\"text-align: justify;\">O presidente da Confer\u00eancia Episcopal Francesa, dom \u00c9ric de Moulins-Beaufort, imediatamente expressou seus sentimentos \u00e0 Diocese de Nice e a seu pastor, atrav\u00e9s do tu\u00edte: \u201cA minha ora\u00e7\u00e3o muito especial pelo povo diocesano de Nice e pelo bispo dom Marceau. Que eles saibam como se sustentar nesta prova e apoiar aqueles que s\u00e3o provados em sua carne.\u201d Rezando pelas v\u00edtimas e lembrando a proximidade da Solenidade de Todos os Santos, acrescentou: \u201cNo domingo, de Todos os Santos, ouviremos o Senhor: Bem-aventurados os que promovem a paz, eles ser\u00e3o chamados filhos de Deus. Bem-aventurados voc\u00eas que s\u00e3o perseguidos pelo meu bem. Pois grande \u00e9 a sua recompensa no c\u00e9u\u201d.<\/p>\n<h2 style=\"text-align: justify;\">O p\u00e1roco: fomos avisados \u200b\u200bdo risco<\/h2>\n<p style=\"text-align: justify;\">\u201cT\u00ednhamos sido avisados \u200b\u200bh\u00e1 dois ou tr\u00eas dias que havia risco de outros ataques com o aproximar-se da Solenidade de Todos os Santos, porque alguns faziam a liga\u00e7\u00e3o entre a comemora\u00e7\u00e3o crist\u00e3 dos mortos e o fato de aumentar o n\u00famero de mortos.\u201d Foi o que disse o p\u00e1roco de Nice-Centre, Gli Florini, entrevistado pela BFM-TV ap\u00f3s o atentado contra a catedral de Notre-Dame. \u201cEst\u00e1vamos atentos, mas n\u00e3o pens\u00e1vamos que fosse acontecer desta maneira\u201d, acrescentou.<\/p>\n<h2 style=\"text-align: justify;\">Duas semanas atr\u00e1s, a morte de Samuel Paty<\/h2>\n<p style=\"text-align: justify;\">O ataque foi perpetrado num momento em que a Fran\u00e7a ainda est\u00e1 em choque com a decapita\u00e7\u00e3o de Samuel Paty, o professor morto em 16 de outubro por ter falado aos alunos sobre as caricaturas de Charlie Hebdo retratando o profeta Maom\u00e9. Al\u00e9m disso, a tens\u00e3o aumentou nas \u00faltimas horas depois que Charlie Hebdo publicou novas caricaturas contra o presidente turco Erdogan e depois das declara\u00e7\u00f5es do presidente franc\u00eas, Emmanuel Macron.<\/p>\n<h2 style=\"text-align: justify;\">O massacre de 2016<\/h2>\n<p style=\"text-align: justify;\">Retorna \u00e0 mente o massacre perpetrado em Nice \u00e0s 22h30 do dia 14 de julho de 2016, que ceifou a vida de 84 pessoas. Um homem, dirigindo um caminh\u00e3o, acelerou voluntariamente contra a multid\u00e3o que participada das festividades por ocasi\u00e3o do Dia da Bastilha, feriado nacional franc\u00eas, na avenida Promenade des Anglais. O ve\u00edculo percorreu 1.847 metros, durante os quais o motorista atirava de forma selvagem, for\u00e7ando a zona de pedestres e ziguezagueando, causando um n\u00famero elevado de v\u00edtimas. A estimativa dos feridos foi posteriormente atualizada para duzentos, cinquenta dos quais se encontravam em estado muito grave. O agressor foi ligeiramente desacelerado pela interven\u00e7\u00e3o de um homem, que tentou se colocar do lado do ve\u00edculo com sua lambreta. Depois de tentar imobilizar o motorista, procurando pular dentro da cabine do caminh\u00e3o, ele caiu no ch\u00e3o. O agressor foi morto por tiros da Pol\u00edcia disparados contra a cabine do motorista e o caminh\u00e3o parou por volta das 22h50.<\/p>\n<\/div>\n","protected":false},"excerpt":{"rendered":"<p>O ataque foi perpetrado dentro da Bas\u00edlica de Notre-Dame na cidade situada no sul da Fran\u00e7a. Tr\u00eas pessoas morreram. Uma delas foi decapitada. H\u00e1 tamb\u00e9m feridos. Vatican News Tr\u00eas pessoas morreram, em Nice, sul da Fran\u00e7a, num ataque perpetrado na manh\u00e3 desta quinta-feira (29\/10), na Bas\u00edlica de Notre-Dame dessa cidade. Uma das v\u00edtimas foi decapitada. [&hellip;]<\/p>\n","protected":false},"author":1,"featured_media":63894,"comment_status":"open","ping_status":"closed","sticky":false,"template":"","format":"standard","meta":{"footnotes":""},"categories":[13,3],"tags":[],"class_list":["post-63893","post","type-post","status-publish","format-standard","has-post-thumbnail","hentry","category-featured","category-vaticano"],"_links":{"self":[{"href":"https:\/\/catolicanet.net\/wp-cnet\/wp-json\/wp\/v2\/posts\/63893","targetHints":{"allow":["GET"]}}],"collection":[{"href":"https:\/\/catolicanet.net\/wp-cnet\/wp-json\/wp\/v2\/posts"}],"about":[{"href":"https:\/\/catolicanet.net\/wp-cnet\/wp-json\/wp\/v2\/types\/post"}],"author":[{"embeddable":true,"href":"https:\/\/catolicanet.net\/wp-cnet\/wp-json\/wp\/v2\/users\/1"}],"replies":[{"embeddable":true,"href":"https:\/\/catolicanet.net\/wp-cnet\/wp-json\/wp\/v2\/comments?post=63893"}],"version-history":[{"count":1,"href":"https:\/\/catolicanet.net\/wp-cnet\/wp-json\/wp\/v2\/posts\/63893\/revisions"}],"predecessor-version":[{"id":63895,"href":"https:\/\/catolicanet.net\/wp-cnet\/wp-json\/wp\/v2\/posts\/63893\/revisions\/63895"}],"wp:featuredmedia":[{"embeddable":true,"href":"https:\/\/catolicanet.net\/wp-cnet\/wp-json\/wp\/v2\/media\/63894"}],"wp:attachment":[{"href":"https:\/\/catolicanet.net\/wp-cnet\/wp-json\/wp\/v2\/media?parent=63893"}],"wp:term":[{"taxonomy":"category","embeddable":true,"href":"https:\/\/catolicanet.net\/wp-cnet\/wp-json\/wp\/v2\/categories?post=63893"},{"taxonomy":"post_tag","embeddable":true,"href":"https:\/\/catolicanet.net\/wp-cnet\/wp-json\/wp\/v2\/tags?post=63893"}],"curies":[{"name":"wp","href":"https:\/\/api.w.org\/{rel}","templated":true}]}}