{"id":63886,"date":"2020-10-28T15:25:16","date_gmt":"2020-10-28T18:25:16","guid":{"rendered":"https:\/\/catolicanet.net\/wp-cnet\/?p=63886"},"modified":"2020-10-28T15:25:16","modified_gmt":"2020-10-28T18:25:16","slug":"ate-quando-o-livro-sobrevivera","status":"publish","type":"post","link":"https:\/\/catolicanet.net\/wp-cnet\/ate-quando-o-livro-sobrevivera\/","title":{"rendered":"At\u00e9 quando o livro sobreviver\u00e1?"},"content":{"rendered":"<p style=\"text-align: right;\"><em>*Sandro Arquejada<\/em><\/p>\n<p style=\"text-align: justify;\"><img loading=\"lazy\" decoding=\"async\" class=\" wp-image-63887 alignleft\" src=\"https:\/\/catolicanet.net\/wp-cnet\/wp-content\/uploads\/Sandro-Arquejada-2-230x300.jpg\" alt=\"\" width=\"176\" height=\"230\" srcset=\"https:\/\/catolicanet.net\/wp-cnet\/wp-content\/uploads\/Sandro-Arquejada-2-230x300.jpg 230w, https:\/\/catolicanet.net\/wp-cnet\/wp-content\/uploads\/Sandro-Arquejada-2-322x420.jpg 322w, https:\/\/catolicanet.net\/wp-cnet\/wp-content\/uploads\/Sandro-Arquejada-2.jpg 416w\" sizes=\"auto, (max-width: 176px) 100vw, 176px\" \/>Uma data comemorativa nos motiva em um dia a fazer mem\u00f3ria da relev\u00e2ncia de um objeto, institui\u00e7\u00e3o ou pessoa, para a sua fam\u00edlia, a sociedade, e o mundo. Assim, o Dia Nacional do Livro (29\/10) \u00e9 um momento prop\u00edcio para refletirmos sobre a import\u00e2ncia da leitura, do conhecimento na forma\u00e7\u00e3o da pessoa, na constru\u00e7\u00e3o do pensamento e na educa\u00e7\u00e3o dos seres humanos. Quanto vale o saber?<\/p>\n<p style=\"text-align: justify;\">Podemos ter como refer\u00eancia o livro tradicional como conhecemos, o exemplar de papel, com capa, geralmente mais dura, e com ilustra\u00e7\u00e3o ou mesmo fotos, entre v\u00e1rios outros formatos de livros que existem. Temos o livro digital ou e-book, e o livro \u00e1udio, ou seja, todo o conte\u00fado narrado. O fato \u00e9 que nem tanto o livro em si ganha novos formatos, mas as novas tecnologias que avan\u00e7am, e ent\u00e3o surgem novas plataformas, aplicativos, aparelhos, que incorporam o livro. E esta \u00e9 uma tend\u00eancia para o futuro, embora n\u00e3o signifique o fim do formato tradicional, pois h\u00e1 muita gente que ainda prefira o livro f\u00edsico.<\/p>\n<p style=\"text-align: justify;\">Podemos refletir que talvez a maior amea\u00e7a aos livros, nos dias atuais, sejam os v\u00eddeos e textos curtos, que exploram apenas frases de efeito nas diversas m\u00eddias sociais. Mesmo havendo tanta disponibilidade de conte\u00fado que possui o m\u00ednimo de embasamento para determinada \u00e1rea, vemos que nem sempre h\u00e1 a inten\u00e7\u00e3o de levar informa\u00e7\u00e3o de qualidade, pois muito do que est\u00e1 em plataformas como Youtube e outras similares e nos cards, est\u00e1 mais voltado para o entretenimento ou, infelizmente, para a dissemina\u00e7\u00e3o de Fake News. Mas n\u00e3o podemos desconsiderar a facilidade do acesso a qualquer assunto no dia a dia. Por exemplo, se h\u00e1 alguma d\u00favida, no modo de fazer algo, at\u00e9 mesmo para acharmos alguma receita disso ou daquilo, recorremos a esses meios para aprender algo quase que instantaneamente.<\/p>\n<p style=\"text-align: justify;\">Sendo assim \u00e9 importante direcionarmo-nos ao passado, e rever como era a busca por conhecimento. Na antiguidade, o aprendizado se dava pela oralidade, pela observa\u00e7\u00e3o e\u00a0 pr\u00e1tica de determinado of\u00edcio, ou por meio de manuscritos e livros.<\/p>\n<p style=\"text-align: justify;\">O livro era literalmente escrito \u00e0 m\u00e3o, unidade por unidade, em couro ou em papiro, que \u00e9 uma folha de planta aqu\u00e1tica (talvez, por isso chamemos o papel de folha), tratada e recortada para servir de p\u00e1gina. Muitos eram escritos em formato de rolo, manuseado por duas hastes, uma em cada ponta, depois que surgiu o pergaminho. Para encontr\u00e1-los era necess\u00e1rio ir em bibliotecas, pois, dificilmente, uma pessoa possu\u00eda um livro em sua casa.<\/p>\n<p style=\"text-align: justify;\">Com a inven\u00e7\u00e3o do papel e da impress\u00e3o com os tipos m\u00f3veis de Gutenberg, o livro se popularizou e ficou mais acess\u00edvel. Foi a primeira revolu\u00e7\u00e3o pela qual passou. Nisso vemos que n\u00e3o importa o formato, os tempos ou quais outras ferramentas necess\u00e1rias para se adquirir conhecimento existam. O livro est\u00e1 consolidado h\u00e1 mil\u00eanios como modo importante de adquirir o saber, e acredito que isso n\u00e3o mudar\u00e1.<\/p>\n<p style=\"text-align: justify;\">As tecnologias permitem que facilmente tenhamos acesso a um v\u00eddeo, texto, artigo, como este, que traz uma informa\u00e7\u00e3o e discuss\u00e3o, mas que tamb\u00e9m, de forma breve, serve, num primeiro momento, para despertar um desejo de se aprofundar mais.<\/p>\n<p style=\"text-align: justify;\">Dessa forma, quando se quer saber mais, conhecer mais substancialmente determinado assunto, o livro se faz necess\u00e1rio. Se quiser uma hist\u00f3ria, com detalhes, daquelas que agu\u00e7am a imagina\u00e7\u00e3o, o livro \u00e9 sempre a melhor pedida. Muitos consideram uma experi\u00eancia mais intensa do que assistir \u00e0 vers\u00e3o em filme.<\/p>\n<p style=\"text-align: justify;\">Outro aspecto a ser destacado \u00e9 que, geralmente, o livro f\u00edsico, de papel, gera um afeto em quem o l\u00ea, a pessoa quer levar, guardar aquele conte\u00fado. Principalmente aquele livro que foi mais relevante, que foi importante num momento espec\u00edfico na vida do leitor, que mudou algo em sua vida, fez a diferen\u00e7a. Aquele livro se tornou importante para ela, e acredito que haver\u00e1 sempre pessoas que assim o elegem!<\/p>\n<p style=\"text-align: justify;\"><strong><em>*Sandro Arquejada<\/em><\/strong> \u00e9 mission\u00e1rio da Comunidade Can\u00e7\u00e3o Nova. \u00c9 autor dos livros \u201cMaria, humana como n\u00f3s\u201d e \u201cAs Cinco Fases do Namoro\u201d, pela Editora Can\u00e7\u00e3o Nova.<\/p>\n","protected":false},"excerpt":{"rendered":"<p>*Sandro Arquejada Uma data comemorativa nos motiva em um dia a fazer mem\u00f3ria da relev\u00e2ncia de um objeto, institui\u00e7\u00e3o ou pessoa, para a sua fam\u00edlia, a sociedade, e o mundo. Assim, o Dia Nacional do Livro (29\/10) \u00e9 um momento prop\u00edcio para refletirmos sobre a import\u00e2ncia da leitura, do conhecimento na forma\u00e7\u00e3o da pessoa, na [&hellip;]<\/p>\n","protected":false},"author":1,"featured_media":55814,"comment_status":"open","ping_status":"closed","sticky":false,"template":"","format":"standard","meta":{"footnotes":""},"categories":[9],"tags":[],"class_list":["post-63886","post","type-post","status-publish","format-standard","has-post-thumbnail","hentry","category-artigos"],"_links":{"self":[{"href":"https:\/\/catolicanet.net\/wp-cnet\/wp-json\/wp\/v2\/posts\/63886","targetHints":{"allow":["GET"]}}],"collection":[{"href":"https:\/\/catolicanet.net\/wp-cnet\/wp-json\/wp\/v2\/posts"}],"about":[{"href":"https:\/\/catolicanet.net\/wp-cnet\/wp-json\/wp\/v2\/types\/post"}],"author":[{"embeddable":true,"href":"https:\/\/catolicanet.net\/wp-cnet\/wp-json\/wp\/v2\/users\/1"}],"replies":[{"embeddable":true,"href":"https:\/\/catolicanet.net\/wp-cnet\/wp-json\/wp\/v2\/comments?post=63886"}],"version-history":[{"count":1,"href":"https:\/\/catolicanet.net\/wp-cnet\/wp-json\/wp\/v2\/posts\/63886\/revisions"}],"predecessor-version":[{"id":63888,"href":"https:\/\/catolicanet.net\/wp-cnet\/wp-json\/wp\/v2\/posts\/63886\/revisions\/63888"}],"wp:featuredmedia":[{"embeddable":true,"href":"https:\/\/catolicanet.net\/wp-cnet\/wp-json\/wp\/v2\/media\/55814"}],"wp:attachment":[{"href":"https:\/\/catolicanet.net\/wp-cnet\/wp-json\/wp\/v2\/media?parent=63886"}],"wp:term":[{"taxonomy":"category","embeddable":true,"href":"https:\/\/catolicanet.net\/wp-cnet\/wp-json\/wp\/v2\/categories?post=63886"},{"taxonomy":"post_tag","embeddable":true,"href":"https:\/\/catolicanet.net\/wp-cnet\/wp-json\/wp\/v2\/tags?post=63886"}],"curies":[{"name":"wp","href":"https:\/\/api.w.org\/{rel}","templated":true}]}}