{"id":63884,"date":"2020-11-01T09:18:03","date_gmt":"2020-11-01T12:18:03","guid":{"rendered":"https:\/\/catolicanet.net\/wp-cnet\/?p=63884"},"modified":"2020-10-28T15:18:58","modified_gmt":"2020-10-28T18:18:58","slug":"todos-os-santos-6","status":"publish","type":"post","link":"https:\/\/catolicanet.net\/wp-cnet\/todos-os-santos-6\/","title":{"rendered":"Todos os Santos"},"content":{"rendered":"<p style=\"text-align: justify;\">Celebramos neste dia 1\u00ba de novembro, neste ano felizmente em um domingo, a Solenidade de Todos os Santos. Essa data do calend\u00e1rio gregoriano quando cai no calend\u00e1rio durante a semana, a igreja transfere essa solenidade para o Domingo seguinte para que um n\u00famero maior de fi\u00e9is possa participar da celebra\u00e7\u00e3o eucar\u00edstica. Quando essa data ocorre no pr\u00f3prio Domingo como acontece esse ano, permanece dessa maneira, antes do dia de finados.<\/p>\n<p style=\"text-align: justify;\">\u00c9 um momento em que a Igreja terrena que somos n\u00f3s, voltamos o nosso olhar para a Igreja celeste e dessa maneira nos enchemos de alegria contemplando a multid\u00e3o de todos aqueles que j\u00e1 participam da gl\u00f3ria celeste. Somos convidados a elevar nosso hino de adora\u00e7\u00e3o ao Senhor e dar a\u00e7\u00e3o de gra\u00e7as por sua santidade resplandecer nos santos e santas.<\/p>\n<p style=\"text-align: justify;\">A celebra\u00e7\u00e3o da Solenidade de Todos os Santos e t\u00e3o pr\u00f3xima ao dia de finados para nos garantir que aqueles nossos entes queridos que j\u00e1 partiram para a eternidade tamb\u00e9m contemplam a mesma gl\u00f3ria de Deus que os santos vivenciam. Por mais que nossos parentes e amigos n\u00e3o foram \u201ccanonizados\u201d pela Igreja e elevados aos altares de Deus, temos a certeza atrav\u00e9s da celebra\u00e7\u00e3o de todos os Santos que nossos parentes e amigos se encontram na eternidade ao lado de Deus, depois de viverem neste mundo conforme os ditames do Evangelho e vivendo uma vida de santidade para merecer os esplendores das gl\u00f3rias eternas.<\/p>\n<p style=\"text-align: justify;\">A celebra\u00e7\u00e3o da Solenidade de Todos os Santos nos ajuda a compreender que todos n\u00f3s podemos ser santos e viver uma vida de santidade no dia a dia. Quando fomos batizados e marcados com o Divino Esp\u00edrito Santo, recebemos uma miss\u00e3o de ser \u201csal na terra e luz no mundo\u201d e isso quer dizer refletir a luz de Deus e ser sinal da presen\u00e7a dele para os outros. Essa \u00e9 a vida de santidade que somos chamados por Deus a trilhar durante a nossa vida e assim ap\u00f3s a passagem por essa vida terrestre alcan\u00e7ar a vida eterna e contemplar a face de Deus assim como os Santos.<\/p>\n<p style=\"text-align: justify;\">Por isso, com a celebra\u00e7\u00e3o de Todos os Santos \u00e9 um momento de rezarmos por todos nossos entes queridos que j\u00e1 se foram e serve para n\u00f3s refletirmos sobre como estamos vivendo o nosso batismo e a consequentemente nossa f\u00e9 cat\u00f3lica que tem como meta \u00fanica a santidade. Analisarmos se estamos trilhando uma vida de santidade ou n\u00e3o. Se a nossa meta est\u00e1 sendo a vida eterna ou outro caminho.<\/p>\n<p style=\"text-align: justify;\">Todos n\u00f3s temos um santo de devo\u00e7\u00e3o ao qual n\u00f3s recorremos nos momentos de afli\u00e7\u00e3o e dificuldade e nesse dia devemos lembrar desse santo e agradec\u00ea-lo tantas gra\u00e7as que obtemos dele por interm\u00e9dio divino. E, assim, dessa maneira somos chamados a nos espelhar na vida desses santos nos dias de hoje.<\/p>\n<p style=\"text-align: justify;\">Os Santos s\u00e3o aqueles que ao ouvirem a Palavra de Deus se abriram a gra\u00e7a do Esp\u00edrito Santo e buscaram viver com fidelidade a vontade do Senhor. Devemos viver nos dias de hoje esse mesmo desejo de buscar a santidade se abrindo ao Esp\u00edrito Santo por meio da palavra de Deus. S\u00e3o Jo\u00e3o Paulo II iniciou o seu Pontificado conclamando: \u201cN\u00e3o tenhais medo de abrir vossos cora\u00e7\u00f5es ao Redentor!\u201d. E quem tem o cora\u00e7\u00e3o unido ao de Cristo vive a santidade.<\/p>\n<p style=\"text-align: justify;\">Ao celebrar a Solenidade de Todos os Santos n\u00e3o estamos de maneira alguma \u201cadorando\u201d os santos, como alguns, sobretudo, os que n\u00e3o professam nossa mesma f\u00e9 podem pensar. \u00c9 uma maneira de recordar a vida desses santos e assim procurar espelhar-se na vida de santidade que eles tiveram.<\/p>\n<p style=\"text-align: justify;\">Nos dias de hoje parece dif\u00edcil pensar em viver a santidade, devido ao mundo globalizado em que vivemos e tantos outros atrativos que existem para as pessoas sobretudo aos jovens, por meio da internet, televis\u00e3o, shows e tantas outras coisas.<\/p>\n<p style=\"text-align: justify;\">Mas \u00e9 poss\u00edvel nos dias de hoje ser santos, atrav\u00e9s da ora\u00e7\u00e3o, amando e servindo o pr\u00f3ximo e sendo fi\u00e9is ao Evangelho aspergindo o bom odor do Cristo Ressuscitado. Uma fam\u00edlia pode ser santa, fazendo juntos momentos de ora\u00e7\u00e3o, e mais do que nunca a santidade \u00e9 refletida quando rezamos nas refei\u00e7\u00f5es, recitamos o Santo Ros\u00e1rio, participamos da vida comunit\u00e1ria, evangelizamos pelas m\u00eddias sociais, e, sobretudo quando a fam\u00edlia, com todos os seus membros juntos acorrem \u00e0 celebra\u00e7\u00e3o da Santa Missa; bem como participando ativamente da via da Santa Igreja.<\/p>\n<p style=\"text-align: justify;\">Um jovem pode dedicar uma parte do seu dia a ora\u00e7\u00e3o, visitando os doentes, asilos e hospitais.<\/p>\n<p style=\"text-align: justify;\">Recentemente a Igreja beatificou um jovem Carlo Acutis, <em>(1991 \u2013 2006)<\/em> que viveu no nosso mundo contempor\u00e2neo e morreu com apenas quinze anos, mostrando que a santidade nos dias de hoje \u00e9 poss\u00edvel e \u00e9 poss\u00edvel sermos santos jovens. Ap\u00f3stolo da Eucaristia e da caridade viveu um vida em favor do outro, como o pr\u00f3prio Cristo!<\/p>\n<p style=\"text-align: justify;\">Portanto, reservemos parte do nosso tempo para Deus e trilhemos um caminho de ora\u00e7\u00e3o, buscando nosso equil\u00edbrio espiritual, visando assim viver uma vida de santidade. Nos espelhemos em nossos santos e sejamos atentos a Palavra de Deus e que possamos por em pr\u00e1tica aquilo que fomos chamados a ser desde o nosso batismo sal na terra e luz no mundo.<\/p>\n<p style=\"text-align: justify;\">Celebremos com alegria a Solenidade de Todos os Santos: a Igreja militante(todos os batizados) se une a Igreja padecente(almas do Purgat\u00f3rio) e a Igreja Triunfante(todos os beatos, santos e santos de Deus) neste dia de louvor e gl\u00f3ria pela beatitude da vida dos batizados e pe\u00e7amos a intercess\u00e3o deles por cada um de n\u00f3s. Que a Virgem Maria, M\u00e3e da Santidade, passe na frente e nos cubra com o seu manto Sagrado e nos mostre o seu amado filho Jesus, modelo de santidade para todos. Am\u00e9m.<\/p>\n","protected":false},"excerpt":{"rendered":"<p>Celebramos neste dia 1\u00ba de novembro, neste ano felizmente em um domingo, a Solenidade de Todos os Santos. Essa data do calend\u00e1rio gregoriano quando cai no calend\u00e1rio durante a semana, a igreja transfere essa solenidade para o Domingo seguinte para que um n\u00famero maior de fi\u00e9is possa participar da celebra\u00e7\u00e3o eucar\u00edstica. Quando essa data ocorre [&hellip;]<\/p>\n","protected":false},"author":5,"featured_media":55819,"comment_status":"open","ping_status":"closed","sticky":false,"template":"","format":"standard","meta":{"footnotes":""},"categories":[9],"tags":[],"class_list":["post-63884","post","type-post","status-publish","format-standard","has-post-thumbnail","hentry","category-artigos"],"_links":{"self":[{"href":"https:\/\/catolicanet.net\/wp-cnet\/wp-json\/wp\/v2\/posts\/63884","targetHints":{"allow":["GET"]}}],"collection":[{"href":"https:\/\/catolicanet.net\/wp-cnet\/wp-json\/wp\/v2\/posts"}],"about":[{"href":"https:\/\/catolicanet.net\/wp-cnet\/wp-json\/wp\/v2\/types\/post"}],"author":[{"embeddable":true,"href":"https:\/\/catolicanet.net\/wp-cnet\/wp-json\/wp\/v2\/users\/5"}],"replies":[{"embeddable":true,"href":"https:\/\/catolicanet.net\/wp-cnet\/wp-json\/wp\/v2\/comments?post=63884"}],"version-history":[{"count":1,"href":"https:\/\/catolicanet.net\/wp-cnet\/wp-json\/wp\/v2\/posts\/63884\/revisions"}],"predecessor-version":[{"id":63885,"href":"https:\/\/catolicanet.net\/wp-cnet\/wp-json\/wp\/v2\/posts\/63884\/revisions\/63885"}],"wp:featuredmedia":[{"embeddable":true,"href":"https:\/\/catolicanet.net\/wp-cnet\/wp-json\/wp\/v2\/media\/55819"}],"wp:attachment":[{"href":"https:\/\/catolicanet.net\/wp-cnet\/wp-json\/wp\/v2\/media?parent=63884"}],"wp:term":[{"taxonomy":"category","embeddable":true,"href":"https:\/\/catolicanet.net\/wp-cnet\/wp-json\/wp\/v2\/categories?post=63884"},{"taxonomy":"post_tag","embeddable":true,"href":"https:\/\/catolicanet.net\/wp-cnet\/wp-json\/wp\/v2\/tags?post=63884"}],"curies":[{"name":"wp","href":"https:\/\/api.w.org\/{rel}","templated":true}]}}