{"id":63873,"date":"2020-10-28T10:06:46","date_gmt":"2020-10-28T13:06:46","guid":{"rendered":"https:\/\/catolicanet.net\/wp-cnet\/?p=63873"},"modified":"2020-10-28T15:07:28","modified_gmt":"2020-10-28T18:07:28","slug":"5-dicas-essenciais-para-voce-organizar-o-batizado-do-seu-bebe","status":"publish","type":"post","link":"https:\/\/catolicanet.net\/wp-cnet\/5-dicas-essenciais-para-voce-organizar-o-batizado-do-seu-bebe\/","title":{"rendered":"5 dicas essenciais para voc\u00ea organizar o batizado do seu beb\u00ea"},"content":{"rendered":"<h2 class=\"subtitle\" style=\"text-align: justify;\">Existem alguns itens que voc\u00ea precisa levar em conta ao planejar esta data t\u00e3o especial<\/h2>\n<p style=\"text-align: justify;\">Quando eu ainda estava gr\u00e1vida de meu filho, j\u00e1 fiquei animada para organizar o batizado dele.<\/p>\n<p style=\"text-align: justify;\">Entretanto, eu n\u00e3o sabia o que estaria envolvido neste primeiro sacramento. Ingenuamente, pensei que poderia simplesmente ligar para a par\u00f3quia e escolher um dia para o batismo.\u00a0 Mas n\u00e3o \u00e9 t\u00e3o simples assim.<\/p>\n<p style=\"text-align: justify;\">Ali\u00e1s, eu nunca esquecerei da conversa confusa que tive com a secret\u00e1ria da par\u00f3quia, que ficou perplexa quando eu tentei marcar o batismo durante a gravidez. Ela n\u00e3o entendia por que eu n\u00e3o conseguia responder \u00e0s perguntas: \u201conde o beb\u00ea nasceu?\u201d e \u201cqual \u00e9 o nome do meio do beb\u00ea?\u201d. Por outro lado, eu tamb\u00e9m n\u00e3o entendia por que a maioria das pessoas espera para marcar o batismo depois que o beb\u00ea nasce.<\/p>\n<p style=\"text-align: justify;\">Portanto, resolvi compartilhar com voc\u00eas algumas coisas que eu aprendi ao organizar o batizado do meu filho. Espero que esta listinha seja \u00fatil!<\/p>\n<h3 style=\"text-align: justify;\">1. Verifique os requisitos da sua par\u00f3quia<\/h3>\n<p style=\"text-align: justify;\">Pelo menos isso voc\u00ea pode fazer durante a gravidez. Basta enviar um e-mail para a sua par\u00f3quia ou fazer uma liga\u00e7\u00e3o r\u00e1pida. Algumas par\u00f3quias exigem que voc\u00ea fa\u00e7a um curso preparat\u00f3rio (ou, nesse tempo de pandemia, voc\u00ea pode ter um v\u00eddeo ou uma aula online que voc\u00ea precisa assistir). Al\u00e9m disso, haver\u00e1 uma papelada para voc\u00ea e para os padrinhos preencherem. Algumas igrejas exigem, por exemplo, que a par\u00f3quia ou o padre assine uma carta declarando que os padrinhos frequentam a igreja e receberam os sacramentos.<\/p>\n<h3 style=\"text-align: justify;\">2. Escolha bem os padrinhos<\/h3>\n<p style=\"text-align: justify;\">Voc\u00ea pode querer escolher certas pessoas mais pr\u00f3ximas \u2013 membros da fam\u00edlia, por exemplo. Mas os padrinhos est\u00e3o l\u00e1 para ajudar seu filho ou filha a crescer na f\u00e9. Portanto, \u00e9 melhor pensar a longo prazo e escolher algu\u00e9m comprometido com sua f\u00e9, ao inv\u00e9s de escolher algu\u00e9m porque est\u00e1 mais pr\u00f3ximo ou seria mais \u00f3bvio de se escolher.<\/p>\n<div id=\"article-desk-content-p6-ad_2020_10_28_5-dicas-essenciais-para-voce-organizar-o-batizado-do-seu-bebe\" class=\"css-y9mcup\" style=\"text-align: justify;\" data-google-query-id=\"CI2jh7Hw1-wCFUwwuQYd0e4I8w\">\n<div id=\"google_ads_iframe_64500793\/PT_DESK_ARTICLE_WELCOME_1X1_0__container__\"><\/div>\n<\/div>\n<h3 style=\"text-align: justify;\">3. Preste aten\u00e7\u00e3o nas datas dispon\u00edveis para batizados<\/h3>\n<p style=\"text-align: justify;\">Voc\u00ea n\u00e3o conseguir\u00e1 batizar um beb\u00ea durante certas \u00e9pocas do ano (na Quaresma, por exemplo).<\/p>\n<p>Meu filho nasceu no in\u00edcio da Quaresma, ent\u00e3o tivemos que esperar at\u00e9 depois da P\u00e1scoa para batiz\u00e1-lo. Quando voc\u00ea entrar em contato com sua par\u00f3quia, certifique-se de perguntar em que dias e hor\u00e1rios os batizados s\u00e3o realizados, e se h\u00e1 alguma \u00e9poca em que sua par\u00f3quia n\u00e3o pode agend\u00e1-los.<\/p>\n<h3 style=\"text-align: justify;\">4. Escolha uma forma de comemorar o batizado<\/h3>\n<p style=\"text-align: justify;\">Receber o sacramento do Batismo \u00e9 um grande acontecimento na vida do seu filho e na sua. Portanto, \u00e9 importante tornar o dia especial. Sua primeira op\u00e7\u00e3o \u00e9 dar uma grande festa. Mas, se isso for muito, encontre uma maneira diferente de comemorar o batizado. Isso inclui, por exemplo, curtir a companhia de alguns amigos pr\u00f3ximos depois da missa ou comprar um bolo especial e tirar fotos para registrar a data. Por falar em fotos, tente pelo menos tirar uma foto com seu padre ou di\u00e1cono e com os padrinhos no altar. Essa recorda\u00e7\u00e3o ser\u00e1 excelente para seu filho.<\/p>\n<h3 style=\"text-align: justify;\">5. A roupa do batizado<\/h3>\n<p style=\"text-align: justify;\">Organizar o batizado inclui escolher a roupinha da crian\u00e7a. Certifique com sua par\u00f3quia que tipo de roupa \u00e9 exigido. Algumas igrejas pedem a cor branca. Entretanto, voc\u00ea n\u00e3o precisa gastar uma fortuna em uma roupa de batismo. Veja se h\u00e1 vestidos ou outras pe\u00e7as que seus pais ou irm\u00e3s\/irm\u00e3os usaram que voc\u00ea possa emprestar. Al\u00e9m disso, outra op\u00e7\u00e3o s\u00e3o os brech\u00f3s, que t\u00eam produtos \u00f3timos e com pre\u00e7os justos. N\u00e3o vale a pena pagar caro em uma roupinha que seu filho s\u00f3 vai usar nessa ocasi\u00e3o.<\/p>\n","protected":false},"excerpt":{"rendered":"<p>Existem alguns itens que voc\u00ea precisa levar em conta ao planejar esta data t\u00e3o especial Quando eu ainda estava gr\u00e1vida de meu filho, j\u00e1 fiquei animada para organizar o batizado dele. Entretanto, eu n\u00e3o sabia o que estaria envolvido neste primeiro sacramento. Ingenuamente, pensei que poderia simplesmente ligar para a par\u00f3quia e escolher um dia [&hellip;]<\/p>\n","protected":false},"author":1,"featured_media":63874,"comment_status":"open","ping_status":"closed","sticky":false,"template":"","format":"standard","meta":{"footnotes":""},"categories":[4],"tags":[],"class_list":["post-63873","post","type-post","status-publish","format-standard","has-post-thumbnail","hentry","category-cotidiano"],"_links":{"self":[{"href":"https:\/\/catolicanet.net\/wp-cnet\/wp-json\/wp\/v2\/posts\/63873","targetHints":{"allow":["GET"]}}],"collection":[{"href":"https:\/\/catolicanet.net\/wp-cnet\/wp-json\/wp\/v2\/posts"}],"about":[{"href":"https:\/\/catolicanet.net\/wp-cnet\/wp-json\/wp\/v2\/types\/post"}],"author":[{"embeddable":true,"href":"https:\/\/catolicanet.net\/wp-cnet\/wp-json\/wp\/v2\/users\/1"}],"replies":[{"embeddable":true,"href":"https:\/\/catolicanet.net\/wp-cnet\/wp-json\/wp\/v2\/comments?post=63873"}],"version-history":[{"count":1,"href":"https:\/\/catolicanet.net\/wp-cnet\/wp-json\/wp\/v2\/posts\/63873\/revisions"}],"predecessor-version":[{"id":63875,"href":"https:\/\/catolicanet.net\/wp-cnet\/wp-json\/wp\/v2\/posts\/63873\/revisions\/63875"}],"wp:featuredmedia":[{"embeddable":true,"href":"https:\/\/catolicanet.net\/wp-cnet\/wp-json\/wp\/v2\/media\/63874"}],"wp:attachment":[{"href":"https:\/\/catolicanet.net\/wp-cnet\/wp-json\/wp\/v2\/media?parent=63873"}],"wp:term":[{"taxonomy":"category","embeddable":true,"href":"https:\/\/catolicanet.net\/wp-cnet\/wp-json\/wp\/v2\/categories?post=63873"},{"taxonomy":"post_tag","embeddable":true,"href":"https:\/\/catolicanet.net\/wp-cnet\/wp-json\/wp\/v2\/tags?post=63873"}],"curies":[{"name":"wp","href":"https:\/\/api.w.org\/{rel}","templated":true}]}}