{"id":6387,"date":"2015-08-14T17:18:58","date_gmt":"2015-08-14T20:18:58","guid":{"rendered":"http:\/\/catolicanet.net\/wp-cnet\/funchal-diocese-celebra-festa-da-padroeira-e-dos-madeirenses\/"},"modified":"2017-04-11T11:46:38","modified_gmt":"2017-04-11T14:46:38","slug":"funchal-diocese-celebra-festa-da-padroeira-e-dos-madeirenses","status":"publish","type":"post","link":"https:\/\/catolicanet.net\/wp-cnet\/funchal-diocese-celebra-festa-da-padroeira-e-dos-madeirenses\/","title":{"rendered":"Funchal: Diocese celebra festa da padroeira e dos madeirenses"},"content":{"rendered":"<p style=\"text-align: justify;\"><img decoding=\"async\" src=\"http:\/\/catolicanet.com.br\/images\/stories\/02senhora_do_monte_funchal.jpg\" border=\"0\" align=\"left\" \/> O p\u00e1roco da Igreja da Senhora do Monte, na Diocese do Funchal, recorda a hist\u00f3ria da festa da padroeira que se celebra hoje e este s\u00e1bado e tem ra\u00edzes na apari\u00e7\u00e3o de uma pequena imagem de Nossa Senhora.<\/p>\n<p>\u201cEm 1470 foi criada a capela de Nossa Senhora da Encarna\u00e7\u00e3o. Havia uma cultura que estava a nascer e um pouco mais tarde temos a descri\u00e7\u00e3o da apari\u00e7\u00e3o de uma pequenina imagem no meio da serra, num lugar completamente desabitado e onde n\u00e3o havia raz\u00e3o de haver uma imagem sagrada de Nossa Senhora\u201d, come\u00e7a por contextualizar o padre Giselo Andrade.<\/p>\n<p>\u00c0 Ag\u00eancia ECCLESIA o sacerdote recorda que a partir dessa altura \u201cmuitas pessoas\u201d come\u00e7aram a ter a \u201ccapela da Encarna\u00e7\u00e3o\u201d como local de peregrina\u00e7\u00e3o e romaria para ver a pequenina imagem de Nossa Senhora do Monte, cuja festa se celebra hoje e este s\u00e1bado.<\/p>\n<p>Neste contexto houve necessidade de aumentar o espa\u00e7o e a \u00faltima reconstru\u00e7\u00e3o da igreja data de 1818.<\/p>\n<p>O padre Giselo Andrade sublinhou tamb\u00e9m a valoriza\u00e7\u00e3o da festa que fez erguer Nossa Senhora do Monte como padroeira da cidade e da Diocese do Funchal destacando que \u201cn\u00e3o \u00e9 uma festa paroquial\u201d mas de todos os madeirenses, mesmo os que est\u00e3o na di\u00e1spora e divulgaram o culto religioso e a tradi\u00e7\u00e3o.<\/p>\n<p>Neste contexto, o sacerdote revela que existe uma harmonia entre o profano e o sagrado\u00a0 e destaca o sinal de espiritualidade, \u201cque foi amadurecido pela tradi\u00e7\u00e3o\u201d, com a novena de ora\u00e7\u00e3o que \u201cacompanha e prepara\u201d as pessoas para \u201centrarem na festa\u201d.<\/p>\n<p>A entrevista ao p\u00e1roco da igreja da Senhora do Monte, onde se desenvolve esta tradi\u00e7\u00e3o popular e religiosa \u00e9 transmitida hoje no Programa ECCLESIA, \u00e0s 22h45, na Antena 1 da r\u00e1dio p\u00fablica.<\/p>\n<p>Fonte: Agencia Eccleseia<\/p>\n","protected":false},"excerpt":{"rendered":"<p>O p\u00e1roco da Igreja da Senhora do Monte, na Diocese do Funchal, recorda a hist\u00f3ria da festa da padroeira que se celebra hoje e este s\u00e1bado e tem ra\u00edzes na apari\u00e7\u00e3o de uma pequena imagem de Nossa Senhora. \u201cEm 1470 foi criada a capela de Nossa Senhora da Encarna\u00e7\u00e3o. Havia uma cultura que estava a [&hellip;]<\/p>\n","protected":false},"author":1,"featured_media":0,"comment_status":"closed","ping_status":"closed","sticky":false,"template":"","format":"standard","meta":{"footnotes":""},"categories":[4],"tags":[],"class_list":["post-6387","post","type-post","status-publish","format-standard","hentry","category-cotidiano"],"_links":{"self":[{"href":"https:\/\/catolicanet.net\/wp-cnet\/wp-json\/wp\/v2\/posts\/6387","targetHints":{"allow":["GET"]}}],"collection":[{"href":"https:\/\/catolicanet.net\/wp-cnet\/wp-json\/wp\/v2\/posts"}],"about":[{"href":"https:\/\/catolicanet.net\/wp-cnet\/wp-json\/wp\/v2\/types\/post"}],"author":[{"embeddable":true,"href":"https:\/\/catolicanet.net\/wp-cnet\/wp-json\/wp\/v2\/users\/1"}],"replies":[{"embeddable":true,"href":"https:\/\/catolicanet.net\/wp-cnet\/wp-json\/wp\/v2\/comments?post=6387"}],"version-history":[{"count":1,"href":"https:\/\/catolicanet.net\/wp-cnet\/wp-json\/wp\/v2\/posts\/6387\/revisions"}],"predecessor-version":[{"id":11302,"href":"https:\/\/catolicanet.net\/wp-cnet\/wp-json\/wp\/v2\/posts\/6387\/revisions\/11302"}],"wp:attachment":[{"href":"https:\/\/catolicanet.net\/wp-cnet\/wp-json\/wp\/v2\/media?parent=6387"}],"wp:term":[{"taxonomy":"category","embeddable":true,"href":"https:\/\/catolicanet.net\/wp-cnet\/wp-json\/wp\/v2\/categories?post=6387"},{"taxonomy":"post_tag","embeddable":true,"href":"https:\/\/catolicanet.net\/wp-cnet\/wp-json\/wp\/v2\/tags?post=6387"}],"curies":[{"name":"wp","href":"https:\/\/api.w.org\/{rel}","templated":true}]}}