{"id":63851,"date":"2020-10-28T09:49:13","date_gmt":"2020-10-28T12:49:13","guid":{"rendered":"https:\/\/catolicanet.net\/wp-cnet\/?p=63851"},"modified":"2020-10-28T14:50:16","modified_gmt":"2020-10-28T17:50:16","slug":"papa-reconhece-martirio-de-isabel-campos-e-virtudes-heroicas-do-ir-roberto-giovanni","status":"publish","type":"post","link":"https:\/\/catolicanet.net\/wp-cnet\/papa-reconhece-martirio-de-isabel-campos-e-virtudes-heroicas-do-ir-roberto-giovanni\/","title":{"rendered":"Papa reconhece mart\u00edrio de Isabel Campos e virtudes heroicas do Ir. Roberto Giovanni"},"content":{"rendered":"<figure class=\"article__image\" style=\"text-align: justify;\"><span class=\"didascalia_img\">Irm\u00e3o Giovanni e Isabel Cristina Mrad Campos \u00a0<\/span><\/figure>\n<div class=\"article__meta\">\n<div class=\"article__subTitle\" style=\"text-align: justify;\">Isabel Cristina Campos foi assassinada em Juiz de Fora, em 1982. J\u00e1 o Irm\u00e3o Roberto Giovanni, da Congrega\u00e7\u00e3o dos Estigmatinos, faleceu aos 90 anos, ap\u00f3s uma vida dedicada \u00e0 assist\u00eancia espiritual da popula\u00e7\u00e3o, especialmente aos pobres e doentes.<\/div>\n<div class=\"title__separator\" style=\"text-align: justify;\"><\/div>\n<div class=\"article__text \">\n<p style=\"text-align: justify;\"><b>Vatican News<\/b><\/p>\n<p style=\"text-align: justify;\">O Papa Francisco recebeu em audi\u00eancia em 27 de outubro o Prefeito da Congrega\u00e7\u00e3o para as Causas dos Santos, Dom Marcello Semeraro, oportunidade em que autorizou a mesma Congrega\u00e7\u00e3o a promulgar os decretos que reconhecem alguns milagres, mart\u00edrios e virtudes heroicas. Entre estes, o mart\u00edrio da Serva de Deus Isabel Cristina Mrad Campos, morta por \u00f3dio \u00e0 f\u00e9 em Juiz de Fora em 1\u00ba de setembro de 1982 e as virtudes heroicas do Servo de Deus Roberto Giovanni, nascido em Rio Claro, em 1903.<\/p>\n<h2 style=\"text-align: justify;\">Isabel Cristina<\/h2>\n<p style=\"text-align: justify;\">Isabel Cristina nasceu em 29 de julho de 1962, em Barbacena (MG), filha de Jos\u00e9 Mendes Campos e Helena Mrad Campos. Com o desejo de fazer Medicina, foi para Juiz de Fora em 1982 se preparar em um curso pr\u00e9-vestibular. Estudava, namorava, participava de festas, mas tinha uma vida de ora\u00e7\u00e3o e sonhava ser pediatra para ajudar crian\u00e7as carentes. Era sens\u00edvel, sobretudo com os mais pobres, idosos e crian\u00e7as, o que certamente aprendeu na fam\u00edlia, que era vicentina. Na \u00e9poca, seu pai era presidente do Conselho Central de Barbacena.<\/p>\n<p style=\"text-align: justify;\">No dia 1\u00ba de setembro do mesmo ano, um homem que foi montar um guarda-roupa no pequeno apartamento para onde se mudara com seu irm\u00e3o, tentou violent\u00e1-la. Ao oferecer resist\u00eancia, recebeu uma cadeirada na cabe\u00e7a, foi amarrada, amorda\u00e7ada e teve suas roupas rasgadas. Como continuou a resistir, foi morta sem piedade com 15 facadas. Um crime cruel que abalou a fam\u00edlia e todos que tomaram conhecimento do caso.<\/p>\n<p style=\"text-align: justify;\">A forma como foi morta, mas sobretudo como viveu, motivou um grupo de pessoas a entrar com o pedido do processo para sua beatifica\u00e7\u00e3o. A solicita\u00e7\u00e3o foi aceita por Roma e, no dia 26 de janeiro de 2001, em Barbacena, foi instalado o processo, quando Isabel Cristina recebeu do Vaticano o t\u00edtulo de Serva de Deus. A causa foi conduzida por um Tribunal Eclesi\u00e1stico institu\u00eddo por Dom Luciano, que durante oito anos colheu\u00a0depoimentos de quase sessenta pessoas, reunindo documentos, ouvindo testemunhos, permitindo assim formalizar o processo.<\/p>\n<p style=\"text-align: justify;\">O fato de Isabel Cristina ter sido batizada e feito a Primeira Comunh\u00e3o na Matriz da Piedade, pela liga\u00e7\u00e3o afetiva de seus pais com a par\u00f3quia, e sobretudo para facilitar a visita\u00e7\u00e3o, decidiu-se que seus restos mortais ficariam no Santu\u00e1rio da Piedade. O caix\u00e3o de madeira com os restos mortais foi lacrado pelo Arcebispo Dom Geraldo, na presen\u00e7a do Postulador, e depois colocado num sarc\u00f3fago de granito na Capela dos Passos. Tamb\u00e9m a caixa com toda a documenta\u00e7\u00e3o foi lacrada e entregue ao sr. Agostini, portador delegado, que a entregou na Congrega\u00e7\u00e3o para os Santos. (Com informa\u00e7\u00f5es da Arquidiocese de Mariana)<\/p>\n<h2 style=\"text-align: justify;\">Servo de Deus Roberto Giovanni<\/h2>\n<p style=\"text-align: justify;\">Ir. Roberto Giovanni nasceu em Rio Claro, SP no dia 16 de mar\u00e7o de 1903. Como irm\u00e3o coadjutor, viveu a maior parte de sua vida na cidade de Casa Branca. Rigoroso consigo pr\u00f3prio, transbordante de amor para com os outros, dedicou-se aos trabalhos dom\u00e9sticos, ao servi\u00e7o paroquial e ao Santu\u00e1rio Nossa Senhora do Desterro, \u00e0 assist\u00eancia espiritual ao povo, principalmente aos pobres e doentes. Sua amabilidade e simplicidade atra\u00edam a todos, simples ou doutos.<\/p>\n<p style=\"text-align: justify;\">Em novembro de 1993 Irm\u00e3o Roberto, j\u00e1 enfermo, foi morar em Campinas na casa de repouso dos Padres e Irm\u00e3os Estigmatinos. Com o passar dos dias foi acometido de uma pneumonia, deixando seu pobre f\u00edsico muito debilitado. A sua p\u00e1scoa definitiva aconteceu \u00e0s 15 horas do dia 11 de janeiro de 1994, aos 90 anos de idade. O povo de Casa Branca quis que seu corpo fosse sepultado no mesmo Santu\u00e1rio onde ele serviu pela maior parte de sua vida. Foi sepultado ao lado do altar-mor, no lugar exato onde, em vida, costumava rezar.<\/p>\n<p style=\"text-align: justify;\">Ap\u00f3s sua morte, o fato de as pessoas o terem como santo e, pelas gra\u00e7as alcan\u00e7adas por sua intercess\u00e3o, foi aberto o Processo Can\u00f4nico para a sua Beatifica\u00e7\u00e3o e Canoniza\u00e7\u00e3o. (Dados do site dos estigmatinos).<\/p>\n<h2 style=\"text-align: justify;\">Os outros decretos<\/h2>\n<p style=\"text-align: justify;\">Os decretos tamb\u00e9m reconhecem:<\/p>\n<p style=\"text-align: justify;\">&#8211; o milagre, atribu\u00eddo \u00e0 intercess\u00e3o do Beato Giustino Maria Russolillo, Sacerdote, Fundador da Sociedade das Divinas Voca\u00e7\u00f5es e da Congrega\u00e7\u00e3o das Irm\u00e3s das Divinas Voca\u00e7\u00f5es; nasceu em 18 de janeiro de 1891 em Pianura di Napoli (It\u00e1lia) e ali morreu em 2 de agosto de 1955;<\/p>\n<p style=\"text-align: justify;\">&#8211; o milagre, atribu\u00eddo \u00e0 intercess\u00e3o da Vener\u00e1vel Serva de Deus Maria Lorenza Requenses em Longo, Fundadora do Hospital dos Incur\u00e1veis \u200b\u200bde N\u00e1poles e das Monjas Capuchinhas; nasceu por volta de 1463 em Lleida (Espanha) e morreu em N\u00e1poles (It\u00e1lia) em 21 de dezembro de 1539;<\/p>\n<p style=\"text-align: justify;\">&#8211; o milagre, atribu\u00eddo \u00e0 intercess\u00e3o da Vener\u00e1vel Serva de Deus Isabel Czacka (no s\u00e9culo, Rosa), Fundadora da Congrega\u00e7\u00e3o das Irm\u00e3s Franciscanas Servas da Cruz; nascida em 22 de outubro de 1876 em\u00a0Bila Tserkva (Ucr\u00e2nia) veio a falecer em Laski (Pol\u00f4nia) em 15 de maio de 1961;<\/p>\n<p style=\"text-align: justify;\">&#8211; o mart\u00edrio dos Servos de Deus Leonardo Melki e Thomas Saleh, sacerdotes professos da Ordem dos Frades Menores Capuchinhos; mortos por \u00f3dio \u00e0 f\u00e9 na Turquia em 1915 e 1917;<\/p>\n<p style=\"text-align: justify;\">&#8211; o mart\u00edrio do Servo de Deus Luigi Lenzini, sacerdote diocesano; morto, por \u00f3dio \u00e0 F\u00e9, em Crocette di Pavullo (It\u00e1lia) na noite entre 20 e 21 de julho de 1945;<\/p>\n<p style=\"text-align: justify;\">&#8211; as virtudes heroicas da Serva de Deus Maria Teresa do Cora\u00e7\u00e3o de Jesus (nascida C\u00e9lia M\u00e9ndez y Delgado), Co-fundadora da Congrega\u00e7\u00e3o das Servas do Divino Cora\u00e7\u00e3o de Jesus; nasceu em 11 de fevereiro de 1844 em Fuentes de Andaluc\u00eda (Espanha) e morreu em Sevilha (Espanha) em 2 de junho de 1908.<\/p>\n<\/div>\n<\/div>\n","protected":false},"excerpt":{"rendered":"<p>Irm\u00e3o Giovanni e Isabel Cristina Mrad Campos \u00a0 Isabel Cristina Campos foi assassinada em Juiz de Fora, em 1982. J\u00e1 o Irm\u00e3o Roberto Giovanni, da Congrega\u00e7\u00e3o dos Estigmatinos, faleceu aos 90 anos, ap\u00f3s uma vida dedicada \u00e0 assist\u00eancia espiritual da popula\u00e7\u00e3o, especialmente aos pobres e doentes. Vatican News O Papa Francisco recebeu em audi\u00eancia em [&hellip;]<\/p>\n","protected":false},"author":1,"featured_media":63852,"comment_status":"open","ping_status":"closed","sticky":false,"template":"","format":"standard","meta":{"footnotes":""},"categories":[3],"tags":[],"class_list":["post-63851","post","type-post","status-publish","format-standard","has-post-thumbnail","hentry","category-vaticano"],"_links":{"self":[{"href":"https:\/\/catolicanet.net\/wp-cnet\/wp-json\/wp\/v2\/posts\/63851","targetHints":{"allow":["GET"]}}],"collection":[{"href":"https:\/\/catolicanet.net\/wp-cnet\/wp-json\/wp\/v2\/posts"}],"about":[{"href":"https:\/\/catolicanet.net\/wp-cnet\/wp-json\/wp\/v2\/types\/post"}],"author":[{"embeddable":true,"href":"https:\/\/catolicanet.net\/wp-cnet\/wp-json\/wp\/v2\/users\/1"}],"replies":[{"embeddable":true,"href":"https:\/\/catolicanet.net\/wp-cnet\/wp-json\/wp\/v2\/comments?post=63851"}],"version-history":[{"count":1,"href":"https:\/\/catolicanet.net\/wp-cnet\/wp-json\/wp\/v2\/posts\/63851\/revisions"}],"predecessor-version":[{"id":63853,"href":"https:\/\/catolicanet.net\/wp-cnet\/wp-json\/wp\/v2\/posts\/63851\/revisions\/63853"}],"wp:featuredmedia":[{"embeddable":true,"href":"https:\/\/catolicanet.net\/wp-cnet\/wp-json\/wp\/v2\/media\/63852"}],"wp:attachment":[{"href":"https:\/\/catolicanet.net\/wp-cnet\/wp-json\/wp\/v2\/media?parent=63851"}],"wp:term":[{"taxonomy":"category","embeddable":true,"href":"https:\/\/catolicanet.net\/wp-cnet\/wp-json\/wp\/v2\/categories?post=63851"},{"taxonomy":"post_tag","embeddable":true,"href":"https:\/\/catolicanet.net\/wp-cnet\/wp-json\/wp\/v2\/tags?post=63851"}],"curies":[{"name":"wp","href":"https:\/\/api.w.org\/{rel}","templated":true}]}}