{"id":6384,"date":"2015-08-14T16:45:53","date_gmt":"2015-08-14T19:45:53","guid":{"rendered":"http:\/\/catolicanet.net\/wp-cnet\/15-de-agosto-papa-vai-recitar-oracao-mariana-do-angelus-no-vaticano\/"},"modified":"2017-04-11T11:48:24","modified_gmt":"2017-04-11T14:48:24","slug":"15-de-agosto-papa-vai-recitar-oracao-mariana-do-angelus-no-vaticano","status":"publish","type":"post","link":"https:\/\/catolicanet.net\/wp-cnet\/15-de-agosto-papa-vai-recitar-oracao-mariana-do-angelus-no-vaticano\/","title":{"rendered":"15 de agosto: Papa vai recitar ora\u00e7\u00e3o Mariana do Angelus no Vaticano"},"content":{"rendered":"<p style=\"text-align: justify;\"><img decoding=\"async\" src=\"http:\/\/catolicanet.com.br\/images\/stories\/geral\/15angelus.jpg\" border=\"0\" align=\"left\" \/>O Papa Francisco n\u00e3o vai cumprir a tradi\u00e7\u00e3o papal de celebrar a solenidade lit\u00fargica da Assun\u00e7\u00e3o de Maria, este s\u00e1bado, 15 de agosto, na localidade italiana de Castel Gandolfo mas vai recitar o Angelus na Pra\u00e7a S\u00e3o Pedro.<\/p>\n<p>A R\u00e1dio Vaticano assinala que \u00e9 a primeira vez que um Papa passa o Ferragosto, (do latim: Feriae Augusti) em Roma, desde que o Papa Pio XII deu in\u00edcio ao tradicional encontro dominical com os fieis, em 1954.<\/p>\n<p>Habitualmente a ora\u00e7\u00e3o mariana do Angelus na Solenidade da Assun\u00e7\u00e3o de Maria \u00e9 rezado na resid\u00eancia de ver\u00e3o em Castel Gandolfo mas o Papa Francisco que este ano fica no Vaticano, vai recitar a ora\u00e7\u00e3o, como habitualmente aos domingos, da janela do apartamento pontif\u00edcio para na Pra\u00e7a S\u00e3o Pedro.<\/p>\n<p>Em 2014, por exemplo nesta data o Francisco estava de visita \u00e0 Coreia e no ano da sua elei\u00e7\u00e3o, em 2013, deslocou-se \u00e0 localidade italiana nos arredores de Roma.<\/p>\n<p>Nesta ocasi\u00e3o visitou o mosteiro de clausura das religiosas Clarissas, durante cerca de 45 minutos, presidiu \u00e0 Eucaristia na Pra\u00e7a da Liberdade e almo\u00e7ou em seguida na resid\u00eancia pontif\u00edcia antes de visitar em privado a igreja de S. Tom\u00e1s de Vilanova.<\/p>\n<p style=\"text-align: justify;\">Fonte:Ag\u00eancia Ecclesia<\/p>\n","protected":false},"excerpt":{"rendered":"<p>O Papa Francisco n\u00e3o vai cumprir a tradi\u00e7\u00e3o papal de celebrar a solenidade lit\u00fargica da Assun\u00e7\u00e3o de Maria, este s\u00e1bado, 15 de agosto, na localidade italiana de Castel Gandolfo mas vai recitar o Angelus na Pra\u00e7a S\u00e3o Pedro. A R\u00e1dio Vaticano assinala que \u00e9 a primeira vez que um Papa passa o Ferragosto, (do latim: [&hellip;]<\/p>\n","protected":false},"author":1,"featured_media":0,"comment_status":"closed","ping_status":"closed","sticky":false,"template":"","format":"standard","meta":{"footnotes":""},"categories":[3],"tags":[],"class_list":["post-6384","post","type-post","status-publish","format-standard","hentry","category-vaticano"],"_links":{"self":[{"href":"https:\/\/catolicanet.net\/wp-cnet\/wp-json\/wp\/v2\/posts\/6384","targetHints":{"allow":["GET"]}}],"collection":[{"href":"https:\/\/catolicanet.net\/wp-cnet\/wp-json\/wp\/v2\/posts"}],"about":[{"href":"https:\/\/catolicanet.net\/wp-cnet\/wp-json\/wp\/v2\/types\/post"}],"author":[{"embeddable":true,"href":"https:\/\/catolicanet.net\/wp-cnet\/wp-json\/wp\/v2\/users\/1"}],"replies":[{"embeddable":true,"href":"https:\/\/catolicanet.net\/wp-cnet\/wp-json\/wp\/v2\/comments?post=6384"}],"version-history":[{"count":1,"href":"https:\/\/catolicanet.net\/wp-cnet\/wp-json\/wp\/v2\/posts\/6384\/revisions"}],"predecessor-version":[{"id":11305,"href":"https:\/\/catolicanet.net\/wp-cnet\/wp-json\/wp\/v2\/posts\/6384\/revisions\/11305"}],"wp:attachment":[{"href":"https:\/\/catolicanet.net\/wp-cnet\/wp-json\/wp\/v2\/media?parent=6384"}],"wp:term":[{"taxonomy":"category","embeddable":true,"href":"https:\/\/catolicanet.net\/wp-cnet\/wp-json\/wp\/v2\/categories?post=6384"},{"taxonomy":"post_tag","embeddable":true,"href":"https:\/\/catolicanet.net\/wp-cnet\/wp-json\/wp\/v2\/tags?post=6384"}],"curies":[{"name":"wp","href":"https:\/\/api.w.org\/{rel}","templated":true}]}}