{"id":63817,"date":"2020-10-26T12:56:23","date_gmt":"2020-10-26T15:56:23","guid":{"rendered":"https:\/\/catolicanet.net\/wp-cnet\/?p=63817"},"modified":"2020-10-26T12:56:23","modified_gmt":"2020-10-26T15:56:23","slug":"nossa-civilizacao-crista","status":"publish","type":"post","link":"https:\/\/catolicanet.net\/wp-cnet\/nossa-civilizacao-crista\/","title":{"rendered":"Nossa civiliza\u00e7\u00e3o crist\u00e3"},"content":{"rendered":"<p style=\"text-align: justify;\">Nossa civiliza\u00e7\u00e3o crist\u00e3, no seu perfil ou configura\u00e7\u00e3o, composta pelos seguidores de Jesus de Nazar\u00e9 e amparada pela \u00e9gide da esperan\u00e7a. Num decisivo e heroico compromisso, \u00e9 o ideal mais sublime, otimista e prof\u00e9tico, pela mais elevada e digna causa da exist\u00eancia humana, no sonho de ver \u201cnovas todas as coisas\u201d (Ap 21, 5). Da\u00ed nossa aten\u00e7\u00e3o aos sinais do Esp\u00edrito de Deus, evidenciado no conjunto dos primeiros s\u00e9culos de nossa \u201cera crist\u00e3\u201d, num esfor\u00e7o, de tal modo solid\u00e1rio, a ponto de se ficar clara a luta pela extin\u00e7\u00e3o da fome, no sentido mais amplo: material, cultural, na dignidade, na educa\u00e7\u00e3o. Passado o quarto s\u00e9culo, constata-se a f\u00e9 consolidada, a partir do Conc\u00edlio de Niceia, no ano de 325. \u00c9 o povo de Deus a encontrar seu caminho por muitos s\u00e9culos, tendo por fundamento a f\u00e9 em Jesus Cristo, que nela se agarra; e do Filho de Deus n\u00e3o se afasta.<\/p>\n<p style=\"text-align: justify;\">O registro da Hist\u00f3ria atesta que a humanidade \u00e9 generosa, atrav\u00e9s de pessoas superdotadas, homens e mulheres, com todos os dotes e talentos de sua intelig\u00eancia, e est\u00e1 enfocada nas coisas divinas sobrenaturais, exteriorizando, por este imenso e desmedido mundo, a arte, a pintura, a arquitetura, a escultura e a literatura, com a consci\u00eancia de sua for\u00e7a e poder influenciador, no caminho do bem; no caminho de Deus. Percebe-se, no entanto, a f\u00e9 como sendo s\u00f3lida e consistente em Cristo Jesus, e n\u00e3o h\u00e1 por que se duvidar da \u201cidade da cren\u00e7a\u201d, mas que aos poucos, fruto dos dons da sabedoria humana, cede lugar aos dogmas, no que diz respeito ao mesmo Senhor Jesus Cristo de Nazar\u00e9.<\/p>\n<p style=\"text-align: justify;\">J\u00e1 na Idade Contempor\u00e2nea, ou hodierna, na qual estamos inseridos, nos diversos sinais, gestos e atitudes da humanidade, urge uma compreens\u00e3o da amplitude do mundo. O Esp\u00edrito de Deus, al\u00e9m de inspirar, constantemente, quer nos desafiar e provocar, na causa existencial, a mais digna poss\u00edvel, numa vida sensata, baseada em fundamentos s\u00f3lidos. Os tra\u00e7os da verdadeira esperan\u00e7a, no cuidado de n\u00e3o separar f\u00e9 e raz\u00e3o, \u00e9 algo vital e revelador, na diversidade dos dons do Esp\u00edrito Santo de Deus. Antevemos com humildade o futuro, o destino da vida e do mundo, mas sob o amparo da esperan\u00e7a como aliado, numa met\u00e1fora de contemplar o c\u00e9u estrelado e luminoso. Assim seja!<\/p>\n","protected":false},"excerpt":{"rendered":"<p>Nossa civiliza\u00e7\u00e3o crist\u00e3, no seu perfil ou configura\u00e7\u00e3o, composta pelos seguidores de Jesus de Nazar\u00e9 e amparada pela \u00e9gide da esperan\u00e7a. Num decisivo e heroico compromisso, \u00e9 o ideal mais sublime, otimista e prof\u00e9tico, pela mais elevada e digna causa da exist\u00eancia humana, no sonho de ver \u201cnovas todas as coisas\u201d (Ap 21, 5). Da\u00ed [&hellip;]<\/p>\n","protected":false},"author":6,"featured_media":55824,"comment_status":"open","ping_status":"closed","sticky":false,"template":"","format":"standard","meta":{"footnotes":""},"categories":[9],"tags":[],"class_list":["post-63817","post","type-post","status-publish","format-standard","has-post-thumbnail","hentry","category-artigos"],"_links":{"self":[{"href":"https:\/\/catolicanet.net\/wp-cnet\/wp-json\/wp\/v2\/posts\/63817","targetHints":{"allow":["GET"]}}],"collection":[{"href":"https:\/\/catolicanet.net\/wp-cnet\/wp-json\/wp\/v2\/posts"}],"about":[{"href":"https:\/\/catolicanet.net\/wp-cnet\/wp-json\/wp\/v2\/types\/post"}],"author":[{"embeddable":true,"href":"https:\/\/catolicanet.net\/wp-cnet\/wp-json\/wp\/v2\/users\/6"}],"replies":[{"embeddable":true,"href":"https:\/\/catolicanet.net\/wp-cnet\/wp-json\/wp\/v2\/comments?post=63817"}],"version-history":[{"count":1,"href":"https:\/\/catolicanet.net\/wp-cnet\/wp-json\/wp\/v2\/posts\/63817\/revisions"}],"predecessor-version":[{"id":63818,"href":"https:\/\/catolicanet.net\/wp-cnet\/wp-json\/wp\/v2\/posts\/63817\/revisions\/63818"}],"wp:featuredmedia":[{"embeddable":true,"href":"https:\/\/catolicanet.net\/wp-cnet\/wp-json\/wp\/v2\/media\/55824"}],"wp:attachment":[{"href":"https:\/\/catolicanet.net\/wp-cnet\/wp-json\/wp\/v2\/media?parent=63817"}],"wp:term":[{"taxonomy":"category","embeddable":true,"href":"https:\/\/catolicanet.net\/wp-cnet\/wp-json\/wp\/v2\/categories?post=63817"},{"taxonomy":"post_tag","embeddable":true,"href":"https:\/\/catolicanet.net\/wp-cnet\/wp-json\/wp\/v2\/tags?post=63817"}],"curies":[{"name":"wp","href":"https:\/\/api.w.org\/{rel}","templated":true}]}}