{"id":63784,"date":"2020-10-26T09:37:20","date_gmt":"2020-10-26T12:37:20","guid":{"rendered":"https:\/\/catolicanet.net\/wp-cnet\/?p=63784"},"modified":"2020-10-26T12:38:21","modified_gmt":"2020-10-26T15:38:21","slug":"vaticano-celebracoes-natalinas-do-papa-francisco-serao-sem-presenca-de-fieis","status":"publish","type":"post","link":"https:\/\/catolicanet.net\/wp-cnet\/vaticano-celebracoes-natalinas-do-papa-francisco-serao-sem-presenca-de-fieis\/","title":{"rendered":"Vaticano: Celebra\u00e7\u00f5es natalinas do Papa Francisco ser\u00e3o sem presen\u00e7a de fi\u00e9is"},"content":{"rendered":"<p style=\"text-align: justify;\">O Vaticano informou que as celebra\u00e7\u00f5es lit\u00fargicas do\u00a0Natal\u00a0presididas pelo Papa Francisco ser\u00e3o sem a presen\u00e7a dos fi\u00e9is.<\/p>\n<p style=\"text-align: justify;\">Esta comunica\u00e7\u00e3o foi enviada ao corpo diplom\u00e1tico ante a Santa S\u00e9 pelo escrit\u00f3rio de protocolo, na qual tamb\u00e9m se indicou que as cerim\u00f4nias do Pont\u00edfice ser\u00e3o transmitidas ao vivo, como ocorreu na \u00faltima\u00a0Semana Santa\u00a0e P\u00e1scoa.<\/p>\n<p style=\"text-align: justify;\">O n\u00famero de cont\u00e1gios por Covid-19 aumentou recentemente na It\u00e1lia.<\/p>\n<p style=\"text-align: justify;\">Por isso, as autoridades do governo italiano implementaram novas restri\u00e7\u00f5es em todo o pa\u00eds. Por exemplo, a partir desta segunda-feira, todos os bares e restaurantes fechar\u00e3o \u00e0s 18h, incrementar\u00e3o o ensino superior \u00e0 dist\u00e2ncia, solicitam que se permane\u00e7a em casa da meia-noite \u00e0s 5h e \u00e9 obrigat\u00f3rio o uso de m\u00e1scaras tamb\u00e9m ao ar livre.<\/p>\n<p style=\"text-align: justify;\">Por sua vez, no Vaticano s\u00e3o aplicadas medidas para prevenir o cont\u00e1gio. No entanto, at\u00e9 o momento, 13 guardas su\u00ed\u00e7os testaram positivo para Covid-19 e, por isso, est\u00e3o em isolamento e continuam as verifica\u00e7\u00f5es de pessoas que estiveram em contato recentemente.<\/p>\n<p style=\"text-align: justify;\"><em>Publicado originalmente em\u00a0<a href=\"https:\/\/www.aciprensa.com\/noticias\/vaticano-celebraciones-navidenas-del-papa-francisco-seran-sin-presencia-de-fieles-15988\">ACI Prensa<\/a>. Traduzido e adaptado por Natalia Zimbr\u00e3o.<\/em><\/p>\n","protected":false},"excerpt":{"rendered":"<p>O Vaticano informou que as celebra\u00e7\u00f5es lit\u00fargicas do\u00a0Natal\u00a0presididas pelo Papa Francisco ser\u00e3o sem a presen\u00e7a dos fi\u00e9is. Esta comunica\u00e7\u00e3o foi enviada ao corpo diplom\u00e1tico ante a Santa S\u00e9 pelo escrit\u00f3rio de protocolo, na qual tamb\u00e9m se indicou que as cerim\u00f4nias do Pont\u00edfice ser\u00e3o transmitidas ao vivo, como ocorreu na \u00faltima\u00a0Semana Santa\u00a0e P\u00e1scoa. O n\u00famero de [&hellip;]<\/p>\n","protected":false},"author":1,"featured_media":63785,"comment_status":"open","ping_status":"closed","sticky":false,"template":"","format":"standard","meta":{"footnotes":""},"categories":[4],"tags":[],"class_list":["post-63784","post","type-post","status-publish","format-standard","has-post-thumbnail","hentry","category-cotidiano"],"_links":{"self":[{"href":"https:\/\/catolicanet.net\/wp-cnet\/wp-json\/wp\/v2\/posts\/63784","targetHints":{"allow":["GET"]}}],"collection":[{"href":"https:\/\/catolicanet.net\/wp-cnet\/wp-json\/wp\/v2\/posts"}],"about":[{"href":"https:\/\/catolicanet.net\/wp-cnet\/wp-json\/wp\/v2\/types\/post"}],"author":[{"embeddable":true,"href":"https:\/\/catolicanet.net\/wp-cnet\/wp-json\/wp\/v2\/users\/1"}],"replies":[{"embeddable":true,"href":"https:\/\/catolicanet.net\/wp-cnet\/wp-json\/wp\/v2\/comments?post=63784"}],"version-history":[{"count":1,"href":"https:\/\/catolicanet.net\/wp-cnet\/wp-json\/wp\/v2\/posts\/63784\/revisions"}],"predecessor-version":[{"id":63786,"href":"https:\/\/catolicanet.net\/wp-cnet\/wp-json\/wp\/v2\/posts\/63784\/revisions\/63786"}],"wp:featuredmedia":[{"embeddable":true,"href":"https:\/\/catolicanet.net\/wp-cnet\/wp-json\/wp\/v2\/media\/63785"}],"wp:attachment":[{"href":"https:\/\/catolicanet.net\/wp-cnet\/wp-json\/wp\/v2\/media?parent=63784"}],"wp:term":[{"taxonomy":"category","embeddable":true,"href":"https:\/\/catolicanet.net\/wp-cnet\/wp-json\/wp\/v2\/categories?post=63784"},{"taxonomy":"post_tag","embeddable":true,"href":"https:\/\/catolicanet.net\/wp-cnet\/wp-json\/wp\/v2\/tags?post=63784"}],"curies":[{"name":"wp","href":"https:\/\/api.w.org\/{rel}","templated":true}]}}