{"id":63781,"date":"2020-10-26T09:35:20","date_gmt":"2020-10-26T12:35:20","guid":{"rendered":"https:\/\/catolicanet.net\/wp-cnet\/?p=63781"},"modified":"2020-10-26T12:36:15","modified_gmt":"2020-10-26T15:36:15","slug":"cnbb-convida-brasileiros-a-plantarem-uma-arvore-no-dia-de-finados-em-memoria-dos-que-se-foram","status":"publish","type":"post","link":"https:\/\/catolicanet.net\/wp-cnet\/cnbb-convida-brasileiros-a-plantarem-uma-arvore-no-dia-de-finados-em-memoria-dos-que-se-foram\/","title":{"rendered":"CNBB CONVIDA BRASILEIROS A PLANTAREM UMA \u00c1RVORE NO DIA DE FINADOS EM MEM\u00d3RIA DOS QUE SE FORAM"},"content":{"rendered":"<p style=\"text-align: justify;\">No pr\u00f3ximo dois de novembro, Dia de Finados, os brasileiros s\u00e3o convidados a plantarem uma \u00e1rvore em mem\u00f3ria dos entes falecidos. De acordo com o bispo auxiliar do Rio de Janeiro e secret\u00e1rio-geral da CNBB, dom Joel Portella Amado, \u201cesse gesto, al\u00e9m de evitar as tradicionais aglomera\u00e7\u00f5es nos cemit\u00e9rios, liga-se tamb\u00e9m \u00e0 triste destrui\u00e7\u00e3o ecol\u00f3gica decorrente das queimadas em algumas regi\u00f5es do pa\u00eds\u201d.<\/p>\n<p style=\"text-align: justify;\">A campanha convida as pessoas a tamb\u00e9m publicarem a sua foto no Instagram plantando a \u00e1rvore e contando a hist\u00f3ria de quem recebe a homenagem. Basta fazer uma foto e publicar na plataforma usando a hashtag\u00a0<b>#CuidarDaSaudade.\u00a0\u00a0<\/b>As fotos ser\u00e3o publicadas no hotsite da campanha, que est\u00e1 hospedado no site da CNBB:\u00a0<a href=\"https:\/\/www.cnbb.org.br\/cuidardasaudade\/\">https:\/\/www.cnbb.org.br\/cuidardasaudade\/<\/a><\/p>\n<h3 style=\"text-align: justify;\">Cuidar da saudade e da Casa Comum<\/h3>\n<p style=\"text-align: justify;\">A iniciativa tem como slogan \u201c\u00c9 tempo de cuidar da saudade e da Casa Comum\u201d e faz parte da A\u00e7\u00e3o Solid\u00e1ria Emergencial da Igreja no Brasil \u201c\u00c9 Tempo de Cuidar\u201d. A A\u00e7\u00e3o Solid\u00e1ria, criada pela CNBB e pela C\u00e1ritas desde o in\u00edcio da pandemia da Covid-19, tem como objetivo estimular diversas iniciativas de cuidado com o pr\u00f3ximo, desde a arrecada\u00e7\u00e3o e distribui\u00e7\u00e3o de doa\u00e7\u00f5es at\u00e9 a ajuda nos campos religioso, humano e emocional. A a\u00e7\u00e3o do Dia de Finados tamb\u00e9m conta com a participa\u00e7\u00e3o da Pascom Brasil e da Signis Brasil.<\/p>\n<p style=\"text-align: justify;\">O convite para plantar uma \u00e1rvore no Dia de Finados, segundo dom Joel, \u00e9 feito a \u201ctodos que experimentam a saudade e se angustiam com a devasta\u00e7\u00e3o ambiental\u201d. Dentro da perspectiva ecol\u00f3gica, a CNBB indica o plantio de \u00e1rvores nativas de cada regi\u00e3o e, se poss\u00edvel, \u00e1rvores aliment\u00edcias. Al\u00e9m disso, \u00e9 recomend\u00e1vel que se evitem sementes, fazendo o plantio a partir de mudas, com proced\u00eancia garantida.<\/p>\n<p><img loading=\"lazy\" decoding=\"async\" class=\"alignnone wp-image-254244 size-large lazyloaded\" src=\"https:\/\/eadn-wc02-718006.nxedge.io\/cdn\/wp-content\/uploads\/2020\/10\/LogoTempoDeCuidarDaCasaComum2-1024x576.png\" sizes=\"auto, (max-width: 1024px) 100vw, 1024px\" srcset=\"https:\/\/eadn-wc02-718006.nxedge.io\/cdn\/wp-content\/uploads\/2020\/10\/LogoTempoDeCuidarDaCasaComum2-1024x576.png 1024w, https:\/\/eadn-wc02-718006.nxedge.io\/cdn\/wp-content\/uploads\/2020\/10\/LogoTempoDeCuidarDaCasaComum2-300x169.png 300w, https:\/\/eadn-wc02-718006.nxedge.io\/cdn\/wp-content\/uploads\/2020\/10\/LogoTempoDeCuidarDaCasaComum2-768x432.png 768w, https:\/\/eadn-wc02-718006.nxedge.io\/cdn\/wp-content\/uploads\/2020\/10\/LogoTempoDeCuidarDaCasaComum2-1536x864.png 1536w, https:\/\/eadn-wc02-718006.nxedge.io\/cdn\/wp-content\/uploads\/2020\/10\/LogoTempoDeCuidarDaCasaComum2-500x281.png 500w, https:\/\/eadn-wc02-718006.nxedge.io\/cdn\/wp-content\/uploads\/2020\/10\/LogoTempoDeCuidarDaCasaComum2.png 1920w\" alt=\"\" width=\"1024\" height=\"576\" data-srcset=\"https:\/\/eadn-wc02-718006.nxedge.io\/cdn\/wp-content\/uploads\/2020\/10\/LogoTempoDeCuidarDaCasaComum2-1024x576.png 1024w, https:\/\/eadn-wc02-718006.nxedge.io\/cdn\/wp-content\/uploads\/2020\/10\/LogoTempoDeCuidarDaCasaComum2-300x169.png 300w, https:\/\/eadn-wc02-718006.nxedge.io\/cdn\/wp-content\/uploads\/2020\/10\/LogoTempoDeCuidarDaCasaComum2-768x432.png 768w, https:\/\/eadn-wc02-718006.nxedge.io\/cdn\/wp-content\/uploads\/2020\/10\/LogoTempoDeCuidarDaCasaComum2-1536x864.png 1536w, https:\/\/eadn-wc02-718006.nxedge.io\/cdn\/wp-content\/uploads\/2020\/10\/LogoTempoDeCuidarDaCasaComum2-500x281.png 500w, https:\/\/eadn-wc02-718006.nxedge.io\/cdn\/wp-content\/uploads\/2020\/10\/LogoTempoDeCuidarDaCasaComum2.png 1920w\" data-src=\"https:\/\/eadn-wc02-718006.nxedge.io\/cdn\/wp-content\/uploads\/2020\/10\/LogoTempoDeCuidarDaCasaComum2-1024x576.png\" data-sizes=\"(max-width: 1024px) 100vw, 1024px\" \/><\/p>\n","protected":false},"excerpt":{"rendered":"<p>No pr\u00f3ximo dois de novembro, Dia de Finados, os brasileiros s\u00e3o convidados a plantarem uma \u00e1rvore em mem\u00f3ria dos entes falecidos. De acordo com o bispo auxiliar do Rio de Janeiro e secret\u00e1rio-geral da CNBB, dom Joel Portella Amado, \u201cesse gesto, al\u00e9m de evitar as tradicionais aglomera\u00e7\u00f5es nos cemit\u00e9rios, liga-se tamb\u00e9m \u00e0 triste destrui\u00e7\u00e3o ecol\u00f3gica [&hellip;]<\/p>\n","protected":false},"author":1,"featured_media":63782,"comment_status":"open","ping_status":"closed","sticky":false,"template":"","format":"standard","meta":{"footnotes":""},"categories":[7,13],"tags":[],"class_list":["post-63781","post","type-post","status-publish","format-standard","has-post-thumbnail","hentry","category-cnbb","category-featured"],"_links":{"self":[{"href":"https:\/\/catolicanet.net\/wp-cnet\/wp-json\/wp\/v2\/posts\/63781","targetHints":{"allow":["GET"]}}],"collection":[{"href":"https:\/\/catolicanet.net\/wp-cnet\/wp-json\/wp\/v2\/posts"}],"about":[{"href":"https:\/\/catolicanet.net\/wp-cnet\/wp-json\/wp\/v2\/types\/post"}],"author":[{"embeddable":true,"href":"https:\/\/catolicanet.net\/wp-cnet\/wp-json\/wp\/v2\/users\/1"}],"replies":[{"embeddable":true,"href":"https:\/\/catolicanet.net\/wp-cnet\/wp-json\/wp\/v2\/comments?post=63781"}],"version-history":[{"count":1,"href":"https:\/\/catolicanet.net\/wp-cnet\/wp-json\/wp\/v2\/posts\/63781\/revisions"}],"predecessor-version":[{"id":63783,"href":"https:\/\/catolicanet.net\/wp-cnet\/wp-json\/wp\/v2\/posts\/63781\/revisions\/63783"}],"wp:featuredmedia":[{"embeddable":true,"href":"https:\/\/catolicanet.net\/wp-cnet\/wp-json\/wp\/v2\/media\/63782"}],"wp:attachment":[{"href":"https:\/\/catolicanet.net\/wp-cnet\/wp-json\/wp\/v2\/media?parent=63781"}],"wp:term":[{"taxonomy":"category","embeddable":true,"href":"https:\/\/catolicanet.net\/wp-cnet\/wp-json\/wp\/v2\/categories?post=63781"},{"taxonomy":"post_tag","embeddable":true,"href":"https:\/\/catolicanet.net\/wp-cnet\/wp-json\/wp\/v2\/tags?post=63781"}],"curies":[{"name":"wp","href":"https:\/\/api.w.org\/{rel}","templated":true}]}}