{"id":63778,"date":"2020-10-26T12:34:42","date_gmt":"2020-10-26T15:34:42","guid":{"rendered":"https:\/\/catolicanet.net\/wp-cnet\/?p=63778"},"modified":"2020-10-26T12:34:42","modified_gmt":"2020-10-26T15:34:42","slug":"penitenciaria-apostolica-indulgencias-plenarias-prorrogadas-para-todo-o-mes-de-novembro-2","status":"publish","type":"post","link":"https:\/\/catolicanet.net\/wp-cnet\/penitenciaria-apostolica-indulgencias-plenarias-prorrogadas-para-todo-o-mes-de-novembro-2\/","title":{"rendered":"PENITENCIARIA APOST\u00d3LICA: INDULG\u00caNCIAS PLEN\u00c1RIAS PRORROGADAS PARA TODO O M\u00caS DE NOVEMBRO"},"content":{"rendered":"<p style=\"text-align: justify;\"><em>\u201cEste ano, nas atuais conting\u00eancias devidas \u00e0 pandemia da \u201cCovid-19\u201d, as Indulg\u00eancias Plen\u00e1rias para os fi\u00e9is defuntos ser\u00e3o prorrogadas para todo o m\u00eas de novembro, adequando as obras e condi\u00e7\u00f5es a fim de garantir a incolumidade dos fi\u00e9is.\u201d<\/em><\/p>\n<div style=\"text-align: justify;\">\n<div class=\"article__embed article__embed--unwrap article__embed--dark\">\n<div class=\"article__innerTitle\">\u00c9 o que afirma o Decreto da Penitenciaria Apost\u00f3lica sobre as Indulg\u00eancias Plen\u00e1rias publicado, nesta sexta-feira (23\/10), assinado pelo penitencieiro-mor, cardeal Mauro Piacenza, e pelo regente do dicast\u00e9rio, mons. Krzysztof Nykiel, v\u00e1lido para todo o m\u00eas de novembro, dedicado aos defuntos. O documento responde \u00e0s s\u00faplicas dos bispos que, por causa do coronav\u00edrus, pediram para \u201ccomutar as obras piedosas a fim de alcan\u00e7ar as Indulg\u00eancias Plen\u00e1rias aplicadas \u00e0s almas do Purgat\u00f3rio, de acordo com o Manual de Indulg\u00eancias\u201d.<\/div>\n<div><\/div>\n<\/div>\n<\/div>\n<h5 style=\"text-align: justify;\">Rezar pelos falecidos<\/h5>\n<p style=\"text-align: justify;\">O organismo vaticano, por mandato especial do Papa Francisco, estabeleceu e decidiu que, este ano, para evitar aglomera\u00e7\u00f5es onde forem proibidas, a Indulg\u00eancia Plen\u00e1ria para aqueles que visitam um cemit\u00e9rio e rezam pelos defuntos, ainda que apenas mentalmente, de norma estabelecida apenas de 1\u00b0 a 8 de novembro, pode ser transferida para outros dias do mesmo m\u00eas at\u00e9 seu t\u00e9rmino. Tais dias, escolhidos livremente pelo fiel, tamb\u00e9m podem ser separados uns dos outros.<\/p>\n<p style=\"text-align: justify;\">A Penitenciaria Apost\u00f3lica decretou que a Indulg\u00eancia Plen\u00e1ria de 2 de novembro, estabelecida por ocasi\u00e3o da Comemora\u00e7\u00e3o de Todos os Fi\u00e9is Defuntos para aqueles que visitam piedosamente uma igreja ou um orat\u00f3rio e ali rezam o \u201cPai-Nosso\u201d e o \u201cCredo\u201d, pode ser transferida n\u00e3o apenas para o domingo precedente ou seguinte ou para o dia da Solenidade de Todos os Santos, mas tamb\u00e9m para outro dia do m\u00eas de novembro, \u00e0 livre escolha de cada fiel.<\/p>\n<p style=\"text-align: justify;\">Os idosos, os doentes e todos aqueles que por motivos graves n\u00e3o podem sair de casa, por exemplo, por causa das restri\u00e7\u00f5es impostas pela autoridade competente para o tempo de pandemia, a fim de evitar que um grande n\u00famero de fi\u00e9is se aglomere nos lugares sagrados, poder\u00e3o obter a Indulg\u00eancia Plen\u00e1ria desde que, unindo-se espiritualmente a todos os outros fi\u00e9is, completamente distantes do pecado e com a inten\u00e7\u00e3o de cumprir o mais r\u00e1pido poss\u00edvel as tr\u00eas condi\u00e7\u00f5es habituais (confiss\u00e3o sacramental, Comunh\u00e3o eucar\u00edstica e ora\u00e7\u00e3o segundo as inten\u00e7\u00f5es do Santo Padre), rezem ora\u00e7\u00f5es piedosas pelos falecidos\u00a0diante de uma imagem de Jesus ou da Bem-aventurada Virgem Maria, como por exemplo, Laudes e V\u00e9speras do Of\u00edcio dos Defuntos, o Ros\u00e1rio Mariano, o Ter\u00e7o da Divina Miseric\u00f3rdia, outras ora\u00e7\u00f5es pelos mortos queridos dos fi\u00e9is, fa\u00e7am a leitura meditada de uma das passagens evang\u00e9licas propostas pela liturgia dos defuntos ou uma obra de miseric\u00f3rdia oferecendo a Deus as dores e dificuldades da pr\u00f3pria vida.<\/p>\n<h5 style=\"text-align: justify;\">Celebrar a missa tr\u00eas vezes no Dia de Finados<\/h5>\n<p style=\"text-align: justify;\">Segundo o Decreto, para obter mais facilmente a gra\u00e7a divina atrav\u00e9s da caridade pastoral, a Penitenciaria pede fervorosamente a todos os sacerdotes, dotados das faculdades oportunas, para se oferecerem generosamente para a celebra\u00e7\u00e3o do Sacramento da Penit\u00eancia e administrarem a Sagrada Comunh\u00e3o aos enfermos.<\/p>\n<p style=\"text-align: justify;\">Com rela\u00e7\u00e3o \u00e0s condi\u00e7\u00f5es espirituais para obter plenamente a Indulg\u00eancia, o organismo vaticano lembra que \u00e9 preciso recorrer \u00e0s indica\u00e7\u00f5es j\u00e1 emitidas na nota \u201cSobre o Sacramento da Penit\u00eancia na atual situa\u00e7\u00e3o de pandemia\u201d, emitida pela Penitenciaria Apost\u00f3lica em 19 de mar\u00e7o de 2020.<\/p>\n<p style=\"text-align: justify;\">Como as almas do Purgat\u00f3rio s\u00e3o ajudadas pelos sufr\u00e1gios dos fi\u00e9is e especialmente pelo sacrif\u00edcio do Altar agrad\u00e1vel a Deus, todos os sacerdotes s\u00e3o fortemente convidados a celebrar a missa tr\u00eas vezes no dia da Comemora\u00e7\u00e3o de Todos os Fi\u00e9is Defuntos, de acordo com a Constitui\u00e7\u00e3o Apost\u00f3lica \u201cIncruentum Altaris\u201d, emitida pelo Papa Bento XV, em 10 de agosto de 1915.<\/p>\n<h5 style=\"text-align: justify;\">Piacenza: com a morte, a vida n\u00e3o \u00e9 tirada, mas transformada<\/h5>\n<p style=\"text-align: justify;\">Entrevista de\u00a0Gabriella Ceraso\u00a0ao<b>\u00a0<\/b>penitencieiro-mor,\u00a0cardeal Mauro Piacenza, a prop\u00f3sito do Decreto da Penitenciaria Apost\u00f3lica sobre as Indulg\u00eancias Plen\u00e1rias.<\/p>\n<p style=\"text-align: justify;\">Em entrevista ao\u00a0Vatican News,\u00a0o penitencieiro-mor, cardeal Mauro Piacenza, se det\u00e9m nos detalhes das novidades introduzidas pelo novo Decreto \u201ca fim de evitar aglomera\u00e7\u00f5es onde s\u00e3o proibidas\u201d e sobre as refer\u00eancias particulares contidas no documento em rela\u00e7\u00e3o aos doentes e idosos, mas tamb\u00e9m aos sacerdotes, todos protagonistas, de formas diferentes, deste per\u00edodo extremamente dif\u00edcil.<\/p>\n<p style=\"text-align: justify;\"><b>Cardeal Piacenza:<\/b>\u00a0A tradi\u00e7\u00e3o codificada \u00e9 a da indulg\u00eancia plen\u00e1ria em cada dia do Oitav\u00e1rio de 1\u00b0 a 8 de novembro, para todos aqueles que visitam os cemit\u00e9rios, rezando pelos defuntos, e em 2 de novembro, a visita a uma igreja ou orat\u00f3rio recitando o Pai-Nosso e o Credo. Este \u00e9 o padr\u00e3o. A partir da\u00ed, levamos em considera\u00e7\u00e3o as normas emitidas pelas diversas autoridades civis dos v\u00e1rios Estados, a fim de limitar aglomera\u00e7\u00f5es neste tempo de pandemia. Muitos presidentes das Confer\u00eancias Episcopais nos perguntaram o que fazer para atender \u00e0s necessidades dos pa\u00edses onde esta devo\u00e7\u00e3o \u00e9 muito vivida, na verdade, \u00e9 talvez aquela com o maior n\u00famero de confiss\u00f5es e comunh\u00f5es durante o ano. Ent\u00e3o, o que fazer se n\u00e3o podemos sair de casa ou se a sa\u00edda \u00e9 fortemente limitada? Por esta raz\u00e3o, considerando que em muitos lugares a comemora\u00e7\u00e3o dos defuntos \u00e9 muito sentida e se expressa sobretudo na Santa Missa e na visita aos cemit\u00e9rios, pensou-se em diluir no tempo a possibilidade de usufruir das indulg\u00eancias e assim, durante todo o m\u00eas de novembro, ser\u00e1 poss\u00edvel adquirir o que era previsto para os primeiros 8 dias de novembro. Ent\u00e3o, as pessoas poder\u00e3o adiar as visitas sem criar uma multid\u00e3o. Recordamos que a indulg\u00eancia lucrativa no dia 2 de novembro na igreja pode ser adquirida em qualquer dia do m\u00eas, e esta \u00e9 a segunda nova possibilidade, a segunda abertura que introduzimos, com a ora\u00e7\u00e3o do Pai-Nosso e do Credo, deixando a livre escolha do dia aos fi\u00e9is.<\/p>\n<p style=\"text-align: justify;\"><b>Um pensamento especial no Decreto dirige-se aos doentes e aos idosos, em que termos?<\/b><\/p>\n<p style=\"text-align: justify;\"><b>Cardeal Piacenza:\u00a0<\/b>Quem n\u00e3o pode sair, talvez porque est\u00e1 em isolamento ou porque est\u00e1 doente, poder\u00e1 obter a indulg\u00eancia rezando diante de uma imagem de Nosso Senhor ou da Bem-aventurada Virgem, rezando, por exemplo, as Laudes, as V\u00e9speras do Of\u00edcio dos Defuntos, o Ros\u00e1rio, o Ter\u00e7o da Divina Miseric\u00f3rdia ou ora\u00e7\u00f5es mais usuais para cada tradi\u00e7\u00e3o, ou tamb\u00e9m fazer uma leitura meditada do Evangelho de uma das tr\u00eas Missas previstas para os fi\u00e9is falecidos e, por fim, oferecer obras de miseric\u00f3rdia. Quanto ao resto, as indica\u00e7\u00f5es s\u00e3o as j\u00e1 emitidas pela Penitenciaria em 19 de mar\u00e7o passado, por exemplo, no caso de doentes graves, na nota que apontava para a possibilidade de uma assist\u00eancia mais pr\u00f3xima aos doentes, mesmo sem presen\u00e7a f\u00edsica.<\/p>\n<p style=\"text-align: justify;\"><b>O decreto se dirige tamb\u00e9m aos sacerdotes para os quais s\u00e3o fornecidas recomenda\u00e7\u00f5es espec\u00edficas\u2026<\/b><\/p>\n<p style=\"text-align: justify;\"><b>Cardeal Piacenza:<\/b>\u00a0Sim, h\u00e1 um pensamento particular tamb\u00e9m para os sacerdotes que convidamos a uma disponibilidade mais ampla poss\u00edvel, j\u00e1 que a maior riqueza que temos para o sufr\u00e1gio dos defuntos \u00e9 a Santa Missa. Desde 2 de novembro de 1915, por uma Constitui\u00e7\u00e3o de Bento XV, os sacerdotes t\u00eam a faculdade de celebrar tr\u00eas Santas Missas. Ent\u00e3o n\u00f3s os exortamos, na medida do poss\u00edvel, a celebrar as tr\u00eas, mesmo porque mais missas significa menos aglomera\u00e7\u00f5es e esta poderia ser uma forma de ajudar os fi\u00e9is. Os sacerdotes tamb\u00e9m s\u00e3o exortados a serem generosos no Minist\u00e9rio das Confiss\u00f5es e a darem a Sagrada Comunh\u00e3o aos enfermos, de modo a terem mais disponibilidade para sufragar os seus defuntos, senti-los pr\u00f3ximos, ir ao encontro de todos esses nobres sentimentos que comp\u00f5em a Comunh\u00e3o dos Santos.<\/p>\n<p style=\"text-align: justify;\"><b>Como os fi\u00e9is podem ser ajudados a viver intensamente a comemora\u00e7\u00e3o dos mortos, mas tamb\u00e9m a Solenidade de Todos os Santos?<\/b><\/p>\n<p style=\"text-align: justify;\"><b>Cardeal Piacenza<\/b>: Algumas pessoas se acostumaram um pouco \u00e0s celebra\u00e7\u00f5es na televis\u00e3o, e embora isso seja uma coisa boa, especialmente para os idosos que n\u00e3o podem sair, pode marcar um certo descontentamento com a presen\u00e7a nas celebra\u00e7\u00f5es. H\u00e1, portanto, uma busca nos bispos a fim de implementar todas as solu\u00e7\u00f5es poss\u00edveis para trazer as pessoas de volta \u00e0 Igreja sempre com respeito por tudo o que precisa ser feito para a situa\u00e7\u00e3o particular na qual infelizmente nos encontramos. Agora, a Solenidade de Todos os Santos \u00e9 tamb\u00e9m uma solenidade educativa para as fam\u00edlias que muitas vezes comemoram os mortos juntos.<\/p>\n<p style=\"text-align: justify;\"><b>H\u00e1 uma forte liga\u00e7\u00e3o entre essas duas celebra\u00e7\u00f5es\u2026<\/b><\/p>\n<p style=\"text-align: justify;\"><b>Cardeal Piacenza:<\/b>\u00a0S\u00e3o muito unidas, juntas formam a festa do ser a fam\u00edlia de Deus. No Para\u00edso h\u00e1 todos os santos canonizados que conhecemos, mas tamb\u00e9m h\u00e1 muitos rostos que n\u00e3o conhecemos, que viveram uma vida crist\u00e3, em sil\u00eancio, sem nenhum clamor e nos quais os holofotes deste mundo n\u00e3o foram colocados. Assim, com todos eles, parentes, amigos, vizinhos que fazem parte da fam\u00edlia no c\u00e9u, a pessoa se encontra na fam\u00edlia de Deus. H\u00e1 uma bela passagem de Isa\u00edas que diz que Deus escreveu o nosso nome na palma de sua m\u00e3o, para dizer como Ele nos mant\u00e9m pr\u00f3ximos, e a Solenidade de Todos os Santos expressa tudo isso. E mais, todos os nossos mortos podem estar no povo do Para\u00edso. Assim, a Solenidade dos Santos \u00e9 uma abertura de vis\u00e3o que, acompanhada pela comemora\u00e7\u00e3o dos defuntos e pela visita aos t\u00famulos, nos d\u00e1 uma no\u00e7\u00e3o do v\u00ednculo. Com a morte, a vida n\u00e3o \u00e9 tirada, mas transformada e n\u00f3s mantemos uma rela\u00e7\u00e3o com quem morre, uma rela\u00e7\u00e3o que n\u00e3o \u00e9 mais f\u00edsica, mas \u00e9 uma rela\u00e7\u00e3o real, talvez ainda mais real, porque n\u00e3o h\u00e1 nem mesmo o limite de tempo e espa\u00e7o. Na Comunh\u00e3o dos Santos a pessoa que passou para a eternidade pode estar num v\u00ednculo muito especial conosco que estamos aqui. Por isso, acredito que este \u00e9 outro aspecto que n\u00e3o devemos perder ou melhor reinventar onde est\u00e1 um pouco opaco.<\/p>\n<p style=\"text-align: justify;\">No pensamento de nossos defuntos, traduzimos toda nossa f\u00e9 em Cristo ressuscitado: \u00e9 nossa esperan\u00e7a que os irm\u00e3os atualmente n\u00e3o vis\u00edveis entre n\u00f3s estejam em comunh\u00e3o com o Senhor. Somos chamados nestes dias a reacender nossa certeza na gl\u00f3ria e na bem-aventuran\u00e7a eterna, e pedimos com humildade e confian\u00e7a o perd\u00e3o para aqueles que nos deixaram, para as suas pequenas ou grandes faltas, aqueles que j\u00e1 est\u00e3o salvos no amor de Deus, e renovamos nosso compromisso de f\u00e9. Afinal, o Para\u00edso \u00e9 a casa dos servos fi\u00e9is. Todos n\u00f3s poderemos um dia viver felizes na luz de Deus, desde que tenhamos acreditado n\u00e3o apenas em palavras, mas tamb\u00e9m em obras. Este \u00e9 o pensamento que eu gostaria de deixar.<\/p>\n<pre><em>Texto: Mariangela Jaguraba - Vatican News<\/em><\/pre>\n","protected":false},"excerpt":{"rendered":"<p>\u201cEste ano, nas atuais conting\u00eancias devidas \u00e0 pandemia da \u201cCovid-19\u201d, as Indulg\u00eancias Plen\u00e1rias para os fi\u00e9is defuntos ser\u00e3o prorrogadas para todo o m\u00eas de novembro, adequando as obras e condi\u00e7\u00f5es a fim de garantir a incolumidade dos fi\u00e9is.\u201d \u00c9 o que afirma o Decreto da Penitenciaria Apost\u00f3lica sobre as Indulg\u00eancias Plen\u00e1rias publicado, nesta sexta-feira (23\/10), [&hellip;]<\/p>\n","protected":false},"author":1,"featured_media":63779,"comment_status":"open","ping_status":"closed","sticky":false,"template":"","format":"standard","meta":{"footnotes":""},"categories":[7],"tags":[],"class_list":["post-63778","post","type-post","status-publish","format-standard","has-post-thumbnail","hentry","category-cnbb"],"_links":{"self":[{"href":"https:\/\/catolicanet.net\/wp-cnet\/wp-json\/wp\/v2\/posts\/63778","targetHints":{"allow":["GET"]}}],"collection":[{"href":"https:\/\/catolicanet.net\/wp-cnet\/wp-json\/wp\/v2\/posts"}],"about":[{"href":"https:\/\/catolicanet.net\/wp-cnet\/wp-json\/wp\/v2\/types\/post"}],"author":[{"embeddable":true,"href":"https:\/\/catolicanet.net\/wp-cnet\/wp-json\/wp\/v2\/users\/1"}],"replies":[{"embeddable":true,"href":"https:\/\/catolicanet.net\/wp-cnet\/wp-json\/wp\/v2\/comments?post=63778"}],"version-history":[{"count":1,"href":"https:\/\/catolicanet.net\/wp-cnet\/wp-json\/wp\/v2\/posts\/63778\/revisions"}],"predecessor-version":[{"id":63780,"href":"https:\/\/catolicanet.net\/wp-cnet\/wp-json\/wp\/v2\/posts\/63778\/revisions\/63780"}],"wp:featuredmedia":[{"embeddable":true,"href":"https:\/\/catolicanet.net\/wp-cnet\/wp-json\/wp\/v2\/media\/63779"}],"wp:attachment":[{"href":"https:\/\/catolicanet.net\/wp-cnet\/wp-json\/wp\/v2\/media?parent=63778"}],"wp:term":[{"taxonomy":"category","embeddable":true,"href":"https:\/\/catolicanet.net\/wp-cnet\/wp-json\/wp\/v2\/categories?post=63778"},{"taxonomy":"post_tag","embeddable":true,"href":"https:\/\/catolicanet.net\/wp-cnet\/wp-json\/wp\/v2\/tags?post=63778"}],"curies":[{"name":"wp","href":"https:\/\/api.w.org\/{rel}","templated":true}]}}