{"id":63772,"date":"2020-10-26T09:26:37","date_gmt":"2020-10-26T12:26:37","guid":{"rendered":"https:\/\/catolicanet.net\/wp-cnet\/?p=63772"},"modified":"2020-10-26T12:29:09","modified_gmt":"2020-10-26T15:29:09","slug":"ucrania-shevchuk-fortalecer-as-redes-de-assistencia-paroquial","status":"publish","type":"post","link":"https:\/\/catolicanet.net\/wp-cnet\/ucrania-shevchuk-fortalecer-as-redes-de-assistencia-paroquial\/","title":{"rendered":"Ucr\u00e2nia. Shevchuk: \u201cFortalecer as redes de assist\u00eancia paroquial\u201d"},"content":{"rendered":"<div class=\"article__subTitle\" style=\"text-align: justify;\">\u201cDar de comer aos pobres\u201d \u00e9 o slogan escolhido pela Igreja greco-cat\u00f3lica ucraniana para a campanha de solidariedade em apoio \u00e0s pessoas que sofrem por causa da pandemia de coronav\u00edrus.<\/div>\n<div class=\"title__separator\" style=\"text-align: justify;\"><\/div>\n<div class=\"article__text \">\n<p style=\"text-align: justify;\"><b>Vatican News\u00a0\u00a0\u00a0\u00a0\u00a0\u00a0\u00a0\u00a0\u00a0\u00a0\u00a0\u00a0<\/b><\/p>\n<p style=\"text-align: justify;\">A Igreja greco-cat\u00f3lica ucraniana promove uma coleta de alimentos no domingo, 15 de novembro, 4\u00ba Dia Mundial dos Pobres. Durante um recente encontro on-line com os sacerdotes da Arquieparquia de Kiev-Haly\u010d, o arcebispo-mor da Igreja greco-cat\u00f3lica ucraniana, Sua Beatitude Sviatoslav Shevchuk, disse que esta \u00e9 \u201cuma iniciativa que precisa de continuidade. N\u00e3o deve ser um epis\u00f3dio isolado, mas uma ocasi\u00e3o para relan\u00e7ar e apoiar o servi\u00e7o de assist\u00eancia aos mais necessitados, especialmente nas par\u00f3quias\u201d.<\/p>\n<div style=\"text-align: justify;\">\n<div class=\"article__embed article__embed--unwrap article__embed--dark\">\n<div class=\"article__innerTitle\">Ou\u00e7a e compartilhe<\/div>\n<div>\n<!--[if lt IE 9]><script>document.createElement('audio');<\/script><![endif]-->\n<audio class=\"wp-audio-shortcode\" id=\"audio-63772-1\" preload=\"none\" style=\"width: 100%;\" controls=\"controls\"><source type=\"audio\/mpeg\" src=\"https:\/\/media.vaticannews.va\/media\/audio\/s1\/2020\/10\/26\/12\/135767832_F135767832.mp3?_=1\" \/><a href=\"https:\/\/media.vaticannews.va\/media\/audio\/s1\/2020\/10\/26\/12\/135767832_F135767832.mp3\">https:\/\/media.vaticannews.va\/media\/audio\/s1\/2020\/10\/26\/12\/135767832_F135767832.mp3<\/a><\/audio>\n<\/div>\n<\/div>\n<\/div>\n<p style=\"text-align: justify;\">Segundo o diretor da Caritas local, pe. Volodymyr Chorniy, respons\u00e1vel pelo servi\u00e7o social da Arquieparquia de Ivano-Frankivsk, \u201ca iniciativa \u00e9 oportuna, especialmente neste momento\u201d. \u201cA Covid impediu muitos restaurantes de trabalhar e por isso eles fecharam. S\u00e3o os mesmos trabalhadores do setor que doavam alimentos para as nossas cantinas\u201d, frisou o sacerdote.<\/p>\n<h2 style=\"text-align: justify;\">Conflito, Covid e condi\u00e7\u00f5es clim\u00e1ticas adversas<\/h2>\n<p style=\"text-align: justify;\">O diretor da Caritas acrescentou que \u201cas condi\u00e7\u00f5es clim\u00e1ticas adversas, a seca no leste e as inunda\u00e7\u00f5es no oeste da Ucr\u00e2nia puseram a agricultura de joelhos e muitos agricultores perderam suas colheitas, sua principal fonte de subsist\u00eancia\u201d. Al\u00e9m disso, h\u00e1 seis anos o pa\u00eds vive uma situa\u00e7\u00e3o de conflito e o n\u00famero de deslocados internos \u00e9 cada vez maior. \u201cPensamos com grande preocupa\u00e7\u00e3o como os setores mais fr\u00e1geis da popula\u00e7\u00e3o conseguir\u00e3o enfrentar o inverno\u201d, disse ainda pe. Volodymyr. O sacerdote deu detalhes sobre o trabalho da Caritas em Ivano-Frankivsk: \u201cAntes da pandemia, 120 pessoas por dia vinham \u00e0 nossa cantina. Hoje, atingimos uma m\u00e9dia de 230-260. Desse n\u00famero, muitos s\u00e3o novos desempregados\u201d.<\/p>\n<\/div>\n","protected":false},"excerpt":{"rendered":"<p>\u201cDar de comer aos pobres\u201d \u00e9 o slogan escolhido pela Igreja greco-cat\u00f3lica ucraniana para a campanha de solidariedade em apoio \u00e0s pessoas que sofrem por causa da pandemia de coronav\u00edrus. Vatican News\u00a0\u00a0\u00a0\u00a0\u00a0\u00a0\u00a0\u00a0\u00a0\u00a0\u00a0\u00a0 A Igreja greco-cat\u00f3lica ucraniana promove uma coleta de alimentos no domingo, 15 de novembro, 4\u00ba Dia Mundial dos Pobres. Durante um recente encontro [&hellip;]<\/p>\n","protected":false},"author":1,"featured_media":63773,"comment_status":"open","ping_status":"closed","sticky":false,"template":"","format":"standard","meta":{"footnotes":""},"categories":[3],"tags":[],"class_list":["post-63772","post","type-post","status-publish","format-standard","has-post-thumbnail","hentry","category-vaticano"],"_links":{"self":[{"href":"https:\/\/catolicanet.net\/wp-cnet\/wp-json\/wp\/v2\/posts\/63772","targetHints":{"allow":["GET"]}}],"collection":[{"href":"https:\/\/catolicanet.net\/wp-cnet\/wp-json\/wp\/v2\/posts"}],"about":[{"href":"https:\/\/catolicanet.net\/wp-cnet\/wp-json\/wp\/v2\/types\/post"}],"author":[{"embeddable":true,"href":"https:\/\/catolicanet.net\/wp-cnet\/wp-json\/wp\/v2\/users\/1"}],"replies":[{"embeddable":true,"href":"https:\/\/catolicanet.net\/wp-cnet\/wp-json\/wp\/v2\/comments?post=63772"}],"version-history":[{"count":1,"href":"https:\/\/catolicanet.net\/wp-cnet\/wp-json\/wp\/v2\/posts\/63772\/revisions"}],"predecessor-version":[{"id":63774,"href":"https:\/\/catolicanet.net\/wp-cnet\/wp-json\/wp\/v2\/posts\/63772\/revisions\/63774"}],"wp:featuredmedia":[{"embeddable":true,"href":"https:\/\/catolicanet.net\/wp-cnet\/wp-json\/wp\/v2\/media\/63773"}],"wp:attachment":[{"href":"https:\/\/catolicanet.net\/wp-cnet\/wp-json\/wp\/v2\/media?parent=63772"}],"wp:term":[{"taxonomy":"category","embeddable":true,"href":"https:\/\/catolicanet.net\/wp-cnet\/wp-json\/wp\/v2\/categories?post=63772"},{"taxonomy":"post_tag","embeddable":true,"href":"https:\/\/catolicanet.net\/wp-cnet\/wp-json\/wp\/v2\/tags?post=63772"}],"curies":[{"name":"wp","href":"https:\/\/api.w.org\/{rel}","templated":true}]}}