{"id":63742,"date":"2020-10-23T09:53:38","date_gmt":"2020-10-23T12:53:38","guid":{"rendered":"https:\/\/catolicanet.net\/wp-cnet\/?p=63742"},"modified":"2020-10-23T13:54:18","modified_gmt":"2020-10-23T16:54:18","slug":"frei-galvao-sob-a-otica-de-bento-xvi-zeloso-sabio-e-prudente","status":"publish","type":"post","link":"https:\/\/catolicanet.net\/wp-cnet\/frei-galvao-sob-a-otica-de-bento-xvi-zeloso-sabio-e-prudente\/","title":{"rendered":"Frei Galv\u00e3o sob a \u00f3tica de Bento XVI: &#8220;zeloso, s\u00e1bio e prudente&#8221;"},"content":{"rendered":"<h2 class=\"subtitle\" style=\"text-align: justify;\">Bento XVI destaca as virtudes do primeiro santo nascido no Brasil<\/h2>\n<p style=\"text-align: justify;\">Foi o ent\u00e3o Papa Bento XVI que canonizou S\u00e3o Frei Galv\u00e3o, o primeiro santo nascido no Brasil. A missa aconteceu no dia 11 de maio de 2007, no Campo de Marte, em S\u00e3o Paulo.<\/p>\n<p style=\"text-align: justify;\">Na homilia, Bento XVI fez quest\u00e3o de destacar os aspectos da vida vida de Frei Galv\u00e3o. S\u00e3o caracter\u00edsticas que, de fato, o fizeram atingir a gl\u00f3ria dos altares.<\/p>\n<p style=\"text-align: justify;\">Primeiramente, o Papa enalteceu o carisma evangelizador de S\u00e3o Frei Galv\u00e3o. Disse ele:<\/p>\n<blockquote><p><em>\u201cDemos gra\u00e7as a Deus pelos cont\u00ednuos benef\u00edcios alcan\u00e7ados pelo poderoso influxo evangelizador que o Esp\u00edrito Santo imprimiu em tantas almas atrav\u00e9s do Frei Galv\u00e3o. O carisma franciscano, evangelicamente vivido, produziu frutos significativos atrav\u00e9s do seu testemunho de fervoroso adorador da Eucaristia, de prudente e s\u00e1bio orientador das almas que o procuravam e de grande devoto da Imaculada Concei\u00e7\u00e3o de Maria, de quem ele se considerava \u2018filho e perp\u00e9tuo escravo\u2019\u201d.<\/em><\/p><\/blockquote>\n<h3 style=\"text-align: justify;\">Frei Galv\u00e3o e Nossa Senhora<\/h3>\n<p style=\"text-align: justify;\">Ali\u00e1s, sobre a devo\u00e7\u00e3o do primeiro santo brasileiro a Nossa Senhora, Bento XVI afirmou:<\/p>\n<blockquote>\n<p align=\"left\"><em>\u201cFrei Galv\u00e3o, assumiu com voz prof\u00e9tica a verdade da\u00a0Imaculada Concei\u00e7\u00e3o. Ela, a\u00a0Tota Pulchra, a Virgem Pur\u00edssima, que concebeu em seu seio o Redentor dos homens e foi preservada de toda mancha original, quer ser o sigilo definitivo do nosso encontro com Deus, nosso Salvador. N\u00e3o h\u00e1 fruto da gra\u00e7a na hist\u00f3ria da salva\u00e7\u00e3o que n\u00e3o tenha como instrumento necess\u00e1rio a media\u00e7\u00e3o de Nossa Senhora.<\/em><\/p>\n<p align=\"left\"><em>De fato, este nosso Santo entregou-se de modo irrevoc\u00e1vel \u00e0 M\u00e3e de Jesus desde a sua juventude, querendo pertencer-lhe para sempre e escolhendo a Virgem Maria como M\u00e3e e Protetora das suas filhas espirituais.\u201d<\/em><\/p>\n<\/blockquote>\n<h3 style=\"text-align: justify;\" align=\"left\">Frei Galv\u00e3o: \u201chomem de paz e caridade\u201d<\/h3>\n<p style=\"text-align: justify;\">Al\u00e9m disso, o agora Papa-Em\u00e9rito\u00a0 fez quest\u00e3o de destacar a disposi\u00e7\u00e3o de Frei Galv\u00e3o a ajudar ao pr\u00f3ximo:<\/p>\n<blockquote><p><em>\u201cSignificativo \u00e9 o exemplo do Frei Galv\u00e3o pela sua disponibilidade para servir o povo sempre quando era solicitado. Conselheiro de fama, pacificador das almas e das fam\u00edlias, dispensador da caridade especialmente dos pobres e dos enfermos. Muito procurado para as confiss\u00f5es, pois era zeloso, s\u00e1bio e prudente. Uma caracter\u00edstica de quem ama de verdade \u00e9 n\u00e3o querer que o Amado seja ofendido, por isso a convers\u00e3o dos pecadores era a grande paix\u00e3o do nosso Santo.\u201d<\/em><\/p><\/blockquote>\n<h3 style=\"text-align: justify;\">Exemplo contra o hedonismo<\/h3>\n<p style=\"text-align: justify;\">Por fim, Bento XVI disse que S\u00e3o Frei Galv\u00e3o \u00e9 um exemplo a ser seguido neste mundo marcado pela busca pelo prazer:<\/p>\n<div id=\"article-desk-content-p6-ad_2020_10_23_frei-galvao-sob-a-otica-de-bento-xvi-zeloso-sabio-e-prudente\" class=\"css-y9mcup\" style=\"text-align: justify;\" data-google-query-id=\"COf-ydyWy-wCFZc0uQYdL78MWg\">\n<div id=\"google_ads_iframe_64500793\/PT_DESK_ARTICLE_WELCOME_1X1_0__container__\"><\/div>\n<\/div>\n<blockquote>\n<p align=\"left\"><em>\u201cComo soam atuais para n\u00f3s, que vivemos numa \u00e9poca t\u00e3o cheia de hedonismo, as palavras que aparecem na C\u00e9dula de consagra\u00e7\u00e3o da sua castidade: \u201ctirai-me antes a vida que ofender o vosso bendito Filho, meu Senhor\u201d. S\u00e3o palavras fortes, de uma alma apaixonada, que deveriam fazer parte da vida normal de cada crist\u00e3o, seja ele consagrado ou n\u00e3o, e que despertam desejos de fidelidade a Deus dentro ou fora do matrim\u00f4nio. O mundo precisa de vidas limpas, de almas claras, de intelig\u00eancias simples que rejeitem ser consideradas criaturas objeto de prazer. \u00c9 preciso dizer n\u00e3o \u00e0queles meios de comunica\u00e7\u00e3o social que ridicularizam a santidade do matrim\u00f4nio e a virgindade antes do casamento.\u201d<\/em><\/p>\n<\/blockquote>\n<p style=\"text-align: justify;\"><a href=\"http:\/\/www.vatican.va\/content\/benedict-xvi\/pt\/homilies\/2007\/documents\/hf_ben-xvi_hom_20070511_canonization-brazil.html\" target=\"_blank\" rel=\"noopener noreferrer\">Clique aqui<\/a>\u00a0e leia na \u00edntegra a homilia de Bento XVI na missa de canoniza\u00e7\u00e3o de Frei Galv\u00e3o.<\/p>\n","protected":false},"excerpt":{"rendered":"<p>Bento XVI destaca as virtudes do primeiro santo nascido no Brasil Foi o ent\u00e3o Papa Bento XVI que canonizou S\u00e3o Frei Galv\u00e3o, o primeiro santo nascido no Brasil. A missa aconteceu no dia 11 de maio de 2007, no Campo de Marte, em S\u00e3o Paulo. Na homilia, Bento XVI fez quest\u00e3o de destacar os aspectos [&hellip;]<\/p>\n","protected":false},"author":1,"featured_media":63743,"comment_status":"open","ping_status":"closed","sticky":false,"template":"","format":"standard","meta":{"footnotes":""},"categories":[4],"tags":[],"class_list":["post-63742","post","type-post","status-publish","format-standard","has-post-thumbnail","hentry","category-cotidiano"],"_links":{"self":[{"href":"https:\/\/catolicanet.net\/wp-cnet\/wp-json\/wp\/v2\/posts\/63742","targetHints":{"allow":["GET"]}}],"collection":[{"href":"https:\/\/catolicanet.net\/wp-cnet\/wp-json\/wp\/v2\/posts"}],"about":[{"href":"https:\/\/catolicanet.net\/wp-cnet\/wp-json\/wp\/v2\/types\/post"}],"author":[{"embeddable":true,"href":"https:\/\/catolicanet.net\/wp-cnet\/wp-json\/wp\/v2\/users\/1"}],"replies":[{"embeddable":true,"href":"https:\/\/catolicanet.net\/wp-cnet\/wp-json\/wp\/v2\/comments?post=63742"}],"version-history":[{"count":1,"href":"https:\/\/catolicanet.net\/wp-cnet\/wp-json\/wp\/v2\/posts\/63742\/revisions"}],"predecessor-version":[{"id":63744,"href":"https:\/\/catolicanet.net\/wp-cnet\/wp-json\/wp\/v2\/posts\/63742\/revisions\/63744"}],"wp:featuredmedia":[{"embeddable":true,"href":"https:\/\/catolicanet.net\/wp-cnet\/wp-json\/wp\/v2\/media\/63743"}],"wp:attachment":[{"href":"https:\/\/catolicanet.net\/wp-cnet\/wp-json\/wp\/v2\/media?parent=63742"}],"wp:term":[{"taxonomy":"category","embeddable":true,"href":"https:\/\/catolicanet.net\/wp-cnet\/wp-json\/wp\/v2\/categories?post=63742"},{"taxonomy":"post_tag","embeddable":true,"href":"https:\/\/catolicanet.net\/wp-cnet\/wp-json\/wp\/v2\/tags?post=63742"}],"curies":[{"name":"wp","href":"https:\/\/api.w.org\/{rel}","templated":true}]}}