{"id":63739,"date":"2020-10-23T09:49:50","date_gmt":"2020-10-23T12:49:50","guid":{"rendered":"https:\/\/catolicanet.net\/wp-cnet\/?p=63739"},"modified":"2020-10-23T13:52:20","modified_gmt":"2020-10-23T16:52:20","slug":"vaticano-facilita-obtencao-de-indulgencia-plenaria-no-dia-dos-fieis-defuntos","status":"publish","type":"post","link":"https:\/\/catolicanet.net\/wp-cnet\/vaticano-facilita-obtencao-de-indulgencia-plenaria-no-dia-dos-fieis-defuntos\/","title":{"rendered":"Vaticano facilita obten\u00e7\u00e3o de indulg\u00eancia plen\u00e1ria no dia dos fi\u00e9is defuntos"},"content":{"rendered":"<p style=\"text-align: justify;\">A Santa S\u00e9 decidiu que, nos lugares onde as medidas adotadas para evitar o cont\u00e1gio por coronav\u00edrus dificultam a frequ\u00eancia aos cemit\u00e9rios, amplie-se a todo o m\u00eas de novembro as indulg\u00eancias plen\u00e1rias para os fi\u00e9is defuntos por ocasi\u00e3o do Dia de Todos os Fi\u00e9is Defuntos, em 2 de novembro.<\/p>\n<p style=\"text-align: justify;\">Por meio de um decreto assinado penitencieiro-mor, Cardeal Mauro Piacenza, com mandato do Papa Francisco, a Santa S\u00e9 estabelece que \u201ca Indulg\u00eancia Plen\u00e1ria para aqueles que visitam um cemit\u00e9rio e rezam pelos defuntos, ainda que apenas mentalmente, de norma estabelecida apenas de 1\u00b0 a 8 de novembro, pode ser transferida para outros dias do mesmo m\u00eas at\u00e9 seu t\u00e9rmino. Tais dias, escolhidos livremente pelo fiel, tamb\u00e9m podem ser separados uns dos outros\u201d.<\/p>\n<p style=\"text-align: justify;\">Tamb\u00e9m se decreta que &#8220;a Indulg\u00eancia Plen\u00e1ria de 2 de novembro, estabelecida por ocasi\u00e3o da Comemora\u00e7\u00e3o de Todos os Fi\u00e9is Defuntos para aqueles que visitam piedosamente uma\u00a0igreja\u00a0ou um orat\u00f3rio e ali rezam o \u2018Pai-Nosso\u2019 e o \u2018Credo\u2019, pode ser transferida n\u00e3o apenas para o domingo precedente ou seguinte ou para o dia da Solenidade de Todos os Santos, mas tamb\u00e9m para outro dia do m\u00eas de novembro, \u00e0 livre escolha de cada fiel\u201d.<\/p>\n<p style=\"text-align: justify;\">Estabelece-se ainda que \u201cidosos, os doentes e todos aqueles que por motivos graves n\u00e3o podem sair de casa, por exemplo, por causa das restri\u00e7\u00f5es impostas pela autoridade competente para o tempo de pandemia, a fim de evitar que um grande n\u00famero de fi\u00e9is se aglomere nos lugares sagrados, poder\u00e3o obter a Indulg\u00eancia Plen\u00e1ria desde que, unindo-se espiritualmente a todos os outros fi\u00e9is\u201d.<\/p>\n<p style=\"text-align: justify;\">Para isso, devem estar \u201ccompletamente distantes do pecado e com a inten\u00e7\u00e3o de cumprir o mais r\u00e1pido poss\u00edvel as tr\u00eas condi\u00e7\u00f5es habituais (confiss\u00e3o sacramental, Comunh\u00e3o eucar\u00edstica e ora\u00e7\u00e3o segundo as inten\u00e7\u00f5es do Santo Padre), rezem ora\u00e7\u00f5es piedosas pelos falecidos diante de uma imagem de Jesus ou da Bem-aventurada\u00a0Virgem Maria\u201d.<\/p>\n<p style=\"text-align: justify;\">Essas ora\u00e7\u00f5es podem ser, por exemplo, \u201cLaudes e V\u00e9speras do Of\u00edcio dos Defuntos, o Ros\u00e1rio Mariano, o Ter\u00e7o da Divina Miseric\u00f3rdia, outras ora\u00e7\u00f5es pelos mortos queridos dos fi\u00e9is\u201d.<\/p>\n<p style=\"text-align: justify;\">Tamb\u00e9m \u00e9 v\u00e1lido para lucrar a indulg\u00eancia que \u201cfa\u00e7am a leitura meditada de uma das passagens evang\u00e9licas propostas pela liturgia dos defuntos ou uma obra de miseric\u00f3rdia oferecendo a Deus as dores e dificuldades da pr\u00f3pria\u00a0vida\u201d.<\/p>\n<p style=\"text-align: justify;\">Por \u00faltimo, \u201cconvida-se fervorosamente todos os sacerdotes a celebrar tr\u00eas vezes a Santa\u00a0Missa\u00a0no dia da Comemora\u00e7\u00e3o de Todos os Fi\u00e9is Defuntos\u201d.<\/p>\n<p style=\"text-align: justify;\">Segundo especificado no Decreto, esta amplia\u00e7\u00e3o decretada pela Penitenciaria Apost\u00f3lica se deve \u00e0s \u201cn\u00e3o poucas s\u00faplicas dos Santos Pastores, os quais pediram para este ano, devido \u00e0 epidemia de Covid-19, comutar as obras piedosas a fim de alcan\u00e7ar as Indulg\u00eancias Plen\u00e1rias aplicadas \u00e0s almas do Purgat\u00f3rio\u201d.<\/p>\n<p style=\"text-align: justify;\"><em>Publicado originalmente em\u00a0<a href=\"https:\/\/www.aciprensa.com\/noticias\/vaticano-facilita-la-obtencion-de-la-indulgencia-plenaria-en-el-dia-de-los-fieles-difuntos-74465\">ACI Prensa<\/a>. Traduzido e adaptado por Natalia Zimbr\u00e3o.<\/em><\/p>\n","protected":false},"excerpt":{"rendered":"<p>A Santa S\u00e9 decidiu que, nos lugares onde as medidas adotadas para evitar o cont\u00e1gio por coronav\u00edrus dificultam a frequ\u00eancia aos cemit\u00e9rios, amplie-se a todo o m\u00eas de novembro as indulg\u00eancias plen\u00e1rias para os fi\u00e9is defuntos por ocasi\u00e3o do Dia de Todos os Fi\u00e9is Defuntos, em 2 de novembro. Por meio de um decreto assinado [&hellip;]<\/p>\n","protected":false},"author":1,"featured_media":63740,"comment_status":"open","ping_status":"closed","sticky":false,"template":"","format":"standard","meta":{"footnotes":""},"categories":[4,13],"tags":[],"class_list":["post-63739","post","type-post","status-publish","format-standard","has-post-thumbnail","hentry","category-cotidiano","category-featured"],"_links":{"self":[{"href":"https:\/\/catolicanet.net\/wp-cnet\/wp-json\/wp\/v2\/posts\/63739","targetHints":{"allow":["GET"]}}],"collection":[{"href":"https:\/\/catolicanet.net\/wp-cnet\/wp-json\/wp\/v2\/posts"}],"about":[{"href":"https:\/\/catolicanet.net\/wp-cnet\/wp-json\/wp\/v2\/types\/post"}],"author":[{"embeddable":true,"href":"https:\/\/catolicanet.net\/wp-cnet\/wp-json\/wp\/v2\/users\/1"}],"replies":[{"embeddable":true,"href":"https:\/\/catolicanet.net\/wp-cnet\/wp-json\/wp\/v2\/comments?post=63739"}],"version-history":[{"count":1,"href":"https:\/\/catolicanet.net\/wp-cnet\/wp-json\/wp\/v2\/posts\/63739\/revisions"}],"predecessor-version":[{"id":63741,"href":"https:\/\/catolicanet.net\/wp-cnet\/wp-json\/wp\/v2\/posts\/63739\/revisions\/63741"}],"wp:featuredmedia":[{"embeddable":true,"href":"https:\/\/catolicanet.net\/wp-cnet\/wp-json\/wp\/v2\/media\/63740"}],"wp:attachment":[{"href":"https:\/\/catolicanet.net\/wp-cnet\/wp-json\/wp\/v2\/media?parent=63739"}],"wp:term":[{"taxonomy":"category","embeddable":true,"href":"https:\/\/catolicanet.net\/wp-cnet\/wp-json\/wp\/v2\/categories?post=63739"},{"taxonomy":"post_tag","embeddable":true,"href":"https:\/\/catolicanet.net\/wp-cnet\/wp-json\/wp\/v2\/tags?post=63739"}],"curies":[{"name":"wp","href":"https:\/\/api.w.org\/{rel}","templated":true}]}}