{"id":6372,"date":"2015-08-13T12:15:32","date_gmt":"2015-08-13T15:15:32","guid":{"rendered":"http:\/\/catolicanet.net\/wp-cnet\/fatima-peregrinacao-de-agosto-desafiou-a-uma-maior-lconscienciar-solidaria-perante-os-migrantes-e-refugiados\/"},"modified":"2017-04-11T13:10:34","modified_gmt":"2017-04-11T16:10:34","slug":"fatima-peregrinacao-de-agosto-desafiou-a-uma-maior-lconscienciar-solidaria-perante-os-migrantes-e-refugiados","status":"publish","type":"post","link":"https:\/\/catolicanet.net\/wp-cnet\/fatima-peregrinacao-de-agosto-desafiou-a-uma-maior-lconscienciar-solidaria-perante-os-migrantes-e-refugiados\/","title":{"rendered":"F\u00e1tima: Peregrina\u00e7\u00e3o de agosto desafiou a uma maior \u00abconsci\u00eancia\u00bb solid\u00e1ria perante os migrantes e refugiados"},"content":{"rendered":"<p style=\"text-align: justify;\"><img decoding=\"async\" src=\"http:\/\/catolicanet.com.br\/images\/stories\/geral\/21santuario_fatima_procissao.jpg\" border=\"0\" align=\"left\" \/> O bispo das For\u00e7as Armadas e de Seguran\u00e7a sublinhou hoje em F\u00e1tima a necessidade de uma maior \u201cconsci\u00eancia\u201d solid\u00e1ria para com os migrantes e refugiados.<\/p>\n<p>Durante a missa de encerramento da peregrina\u00e7\u00e3o internacional dos dias 12 e 13 de agosto ao santu\u00e1rio Mariano, D. Manuel Linda apelou \u00e0 erradica\u00e7\u00e3o dos \u201cmuros de cimento armado e de mentalidades que se isolam e se fecham ao exterior\u201d.<\/p>\n<p>\u201cBasta de cimeiras para descortinar formas de impedir que os povos da fome se aproximem da nossa casa, apenas para apanharem as migalhas que caem da nossa mesa! N\u00e3o mais o travar caminho aos que fogem \u00e0 carnificina horrorosa e b\u00e1rbara dos que matam em nome de uma f\u00e9!\u201d, exortou o prelado, perante milhares de peregrinos.<\/p>\n<p>A peregrina\u00e7\u00e3o internacional de agosto tem este ano como tema\u00a0 \u201cFormamos um s\u00f3 corpo\u201d e coincidiu como habitualmente com a 43.\u00aa Semana Nacional das Migra\u00e7\u00f5es, sendo dedicada em especial a todos os migrantes e refugiados.<\/p>\n<p>Num recinto preenchido por muitos emigrantes portugueses que aproveitaram as f\u00e9rias para regressar a casa e tamb\u00e9m passar pelo Santu\u00e1rio de F\u00e1tima, D. Manuel Linda aludiu \u00e0 situa\u00e7\u00e3o de muitos refugiados que batem \u00e0 porta da Europa em busca de uma vida melhor, que procuram escapar \u00e0 guerra, \u00e0 pobreza e \u00e0 persegui\u00e7\u00e3o religiosa nos seus pa\u00edses.<\/p>\n<p>Para o bispo das For\u00e7as Armadas e de Seguran\u00e7a, \u00e9 hora da Uni\u00e3o Europeia \u201cdeixar de invocar falta de recursos \u2013 ela que at\u00e9 os esbanja em a\u00e7\u00f5es n\u00e3o muito \u00e9ticas \u2013 para se continuar a fazer do Mediterr\u00e2neo a vala comum\u201d onde morrem tantos refugiados, sobretudo os vindos de \u00c1frica e que acorrem \u00e0 costa italiana.<\/p>\n<p>Muitos deles perdem a vida antes de chegarem ao destino, transportados em barcos sobre lotados e sem qualquer tipo de seguran\u00e7a, aut\u00eanticas \u201ccarretas funer\u00e1rias\u201d que depressam sucumbem \u00e0 for\u00e7a das \u00e1guas, aponta o membro da Comiss\u00e3o Episcopal da Pastoral Social e Mobilidade Humana.<\/p>\n<p>Recusar o acolhimento e o apoio a estas pessoas, na opini\u00e3o do bispo, \u00e9 um ato de \u201cxenofobia e racismo\u201d que s\u00e3o n\u00e3o s\u00f3 crimes \u201ccontra a humanidade\u201d mas \u201ccontra Deus\u201d.<\/p>\n<p>Isto porque enquanto o \u201cprojeto de Deus para o mundo\u201d aponta para \u201cum futuro de unidade do g\u00e9nero humano e de fraternidade entre todos\u201d, o que se tem visto \u00e9 \u201cuma humanidade que teima em introduzir o seu\u201d pr\u00f3prio plano, que n\u00e3o poucas vezes tem levado ao \u201cconflito, \u00e0s barreiras, ao isolamento, \u00e0 desconfian\u00e7a, ao \u00f3dio e \u00e0 morte\u201d.<\/p>\n<p>\u201cFoi assim nas duas guerras mundiais \u2013estamos no centen\u00e1rio da primeira e, depois de amanh\u00e3, comemoraremos os 70 anos do final da segunda-, foi assim em Auschwitz e parece ser assim em tantos dramas do presente\u201d, frisou D. Manuel Linda.<\/p>\n<p>Reconhecendo que a quest\u00e3o dos migrantes e refugiados n\u00e3o \u00e9 \u201cde f\u00e1cil solu\u00e7\u00e3o nem passa por se abrirem as fronteiras de forma indiscriminada\u201d, o bispo das For\u00e7as Armadas e de Seguran\u00e7a incentivou as comunidades cat\u00f3licas a se empenharem na busca de alternativas.<\/p>\n<p>\u201cTemos o direito de exigir aos pol\u00edticos do mundo solu\u00e7\u00f5es s\u00e9rias e sustent\u00e1veis. Mas temos tamb\u00e9m de criar e difundir uma nova mentalidade: a do tal projeto universal de Deus que se h\u00e1-de sobrepor aos regionalismos e \u00e0s barreiras humanas\u201d, sustentou.<\/p>\n<p>A todos os emigrantes presentes, D. Manuel Linda desafiou tamb\u00e9m a abra\u00e7arem \u201ca nobre miss\u00e3o\u201d de, onde quer que estejam, \u201clevarem aos homens e mulheres a abertura de esp\u00edrito\u201d, o exemplo de uma \u201cIgreja que n\u00e3o possui fronteiras e \u00e9 m\u00e3e de todos\u201d.<\/p>\n<p style=\"text-align: justify;\">Fonte: Ag\u00eancia Ecclesia<\/p>\n","protected":false},"excerpt":{"rendered":"<p>O bispo das For\u00e7as Armadas e de Seguran\u00e7a sublinhou hoje em F\u00e1tima a necessidade de uma maior \u201cconsci\u00eancia\u201d solid\u00e1ria para com os migrantes e refugiados. Durante a missa de encerramento da peregrina\u00e7\u00e3o internacional dos dias 12 e 13 de agosto ao santu\u00e1rio Mariano, D. Manuel Linda apelou \u00e0 erradica\u00e7\u00e3o dos \u201cmuros de cimento armado e [&hellip;]<\/p>\n","protected":false},"author":1,"featured_media":0,"comment_status":"closed","ping_status":"closed","sticky":false,"template":"","format":"standard","meta":{"footnotes":""},"categories":[4],"tags":[],"class_list":["post-6372","post","type-post","status-publish","format-standard","hentry","category-cotidiano"],"_links":{"self":[{"href":"https:\/\/catolicanet.net\/wp-cnet\/wp-json\/wp\/v2\/posts\/6372","targetHints":{"allow":["GET"]}}],"collection":[{"href":"https:\/\/catolicanet.net\/wp-cnet\/wp-json\/wp\/v2\/posts"}],"about":[{"href":"https:\/\/catolicanet.net\/wp-cnet\/wp-json\/wp\/v2\/types\/post"}],"author":[{"embeddable":true,"href":"https:\/\/catolicanet.net\/wp-cnet\/wp-json\/wp\/v2\/users\/1"}],"replies":[{"embeddable":true,"href":"https:\/\/catolicanet.net\/wp-cnet\/wp-json\/wp\/v2\/comments?post=6372"}],"version-history":[{"count":1,"href":"https:\/\/catolicanet.net\/wp-cnet\/wp-json\/wp\/v2\/posts\/6372\/revisions"}],"predecessor-version":[{"id":11317,"href":"https:\/\/catolicanet.net\/wp-cnet\/wp-json\/wp\/v2\/posts\/6372\/revisions\/11317"}],"wp:attachment":[{"href":"https:\/\/catolicanet.net\/wp-cnet\/wp-json\/wp\/v2\/media?parent=6372"}],"wp:term":[{"taxonomy":"category","embeddable":true,"href":"https:\/\/catolicanet.net\/wp-cnet\/wp-json\/wp\/v2\/categories?post=6372"},{"taxonomy":"post_tag","embeddable":true,"href":"https:\/\/catolicanet.net\/wp-cnet\/wp-json\/wp\/v2\/tags?post=6372"}],"curies":[{"name":"wp","href":"https:\/\/api.w.org\/{rel}","templated":true}]}}