{"id":63711,"date":"2020-10-23T09:31:38","date_gmt":"2020-10-23T12:31:38","guid":{"rendered":"https:\/\/catolicanet.net\/wp-cnet\/?p=63711"},"modified":"2020-10-23T13:32:29","modified_gmt":"2020-10-23T16:32:29","slug":"parolin-educar-ao-cuidado-para-orientar-a-politica-e-a-economia","status":"publish","type":"post","link":"https:\/\/catolicanet.net\/wp-cnet\/parolin-educar-ao-cuidado-para-orientar-a-politica-e-a-economia\/","title":{"rendered":"Parolin: educar ao \u201ccuidado\u201d para orientar a pol\u00edtica e a economia"},"content":{"rendered":"<figure class=\"article__image\" style=\"text-align: justify;\"><span class=\"didascalia_img\">Cardeal Parolin divulga mensagem em v\u00eddeo nesta sexta-feira (23) sobre ecologia integral\u00a0<\/span><\/figure>\n<div class=\"article__meta\">\n<div class=\"article__subTitle\" style=\"text-align: justify;\">Na Confer\u00eancia Internacional intitulada \u201cThe milestones of the Integral ecology for a human Economy&#8221;, promovida em modalidade on-line pela Funda\u00e7\u00e3o Centesimus Annus pro Pontifice, a mensagem em v\u00eddeo do secret\u00e1rio de Estado do Vaticano, cardeal Parolin, retoma os temas centrais da Laudato si\u2019 e os integra com a recente Enc\u00edclica &#8220;Fratelli tutti&#8221;. O convite \u00e9 para reformular um modelo de desenvolvimento e de crescimento que coloque no centro a dignidade humana, o valor justo do trabalho e o papel fundamental da educa\u00e7\u00e3o para a solidariedade.<\/div>\n<div class=\"title__separator\" style=\"text-align: justify;\"><\/div>\n<div class=\"article__text \">\n<p style=\"text-align: justify;\"><b>Antonella Palermo &#8211; Vatican News\u00a0<\/b><\/p>\n<p style=\"text-align: justify;\">No ano especial que o Papa Francisco quis dedicar \u00e0 ora\u00e7\u00e3o, \u00e0 reflex\u00e3o e \u00e0s boas pr\u00e1ticas inspiradas na Enc\u00edclica Laudato si&#8217;, a Funda\u00e7\u00e3o Centesimus Annus pro Pontifice organizou uma confer\u00eancia internacional em duas sess\u00f5es sobre um duplo tema: &#8220;Governance and Business models&#8221; (em 23 de outubro) e &#8220;Education and Training&#8221; (em 30 de outubro). Ambos os eventos foram agendados em modalidade on-line, na plataforma Zoom, dada a prolongada emerg\u00eancia da pandemia de Covid-19. A abertura foi feita pelo cardeal Pietro Parolin, secret\u00e1rio de Estado do Vaticano, atrav\u00e9s de uma mensagem de v\u00eddeo em que tra\u00e7a um fio comum entre a Laudato si&#8217; e a Fratelli tutti.<\/p>\n<h2 style=\"text-align: justify;\">A pandemia e nossas falsas seguran\u00e7as<\/h2>\n<p style=\"text-align: justify;\">&#8220;Aproveitar este momento de prova\u00e7\u00e3o como um momento de decis\u00e3o&#8221;: esse foi o convite do Papa Francisco no extraordin\u00e1rio momento de ora\u00e7\u00e3o universal feito, na fase aguda da pandemia, na Pra\u00e7a de S\u00e3o Pedro no dia 27 de mar\u00e7o. Dessas palavras, de uma cita\u00e7\u00e3o ampla daquele discurso que permaneceu imediatamente memor\u00e1vel, e tamb\u00e9m da Enc\u00edclica Fratelli tutti, na qual o Pont\u00edfice nos lembra que &#8220;a pandemia nos exp\u00f4s \u00e0s nossas falsas seguran\u00e7as&#8221;, for\u00e7ando-nos a contar com a fragilidade das criaturas finitas, como somos, o Cardeal Parolin iniciou nesta sexta-feira (23) o seu discurso. O desafio, sublinhou Parolin, \u00e9 restaurar o curso do navio da humanidade em dire\u00e7\u00e3o ao Senhor e aos outros, num esp\u00edrito de coopera\u00e7\u00e3o, na redescoberta de nossa perten\u00e7a ao mundo como irm\u00e3os e irm\u00e3s<\/p>\n<h2 style=\"text-align: justify;\">Centralidade da pessoa e promo\u00e7\u00e3o da cultura do cuidado<\/h2>\n<p style=\"text-align: justify;\">O cardeal Parolin volta a explicar que o conceito de &#8216;ecologia integral&#8217; vai muito al\u00e9m da dimens\u00e3o meramente &#8216;ambientalista&#8217;, pondo em quest\u00e3o uma vis\u00e3o integral e multifacetada da vida que inspira as melhores pol\u00edticas, os indicadores, os processos de pesquisa e desenvolvimento e os crit\u00e9rios de avalia\u00e7\u00e3o, evitando interpreta\u00e7\u00f5es distorcidas do que \u00e9 desenvolvimento e crescimento. A centralidade da pessoa humana e a necessidade de promover uma cultura do cuidado, em oposi\u00e7\u00e3o \u00e0 cultura do desperd\u00edcio: \u00e9 o ponto focal desta abordagem da vida e da gest\u00e3o de recursos.<\/p>\n<p style=\"text-align: justify;\">O descarte pode se manifestar de muitas maneiras, indicou Parolin, como &#8220;na obsess\u00e3o de reduzir os custos do trabalho, perdendo assim o sentido do valor do direito\/dever de trabalhar, que representa um elemento essencial para a realiza\u00e7\u00e3o tanto da personalidade de cada pessoa quanto daquele dever de solidariedade dentro de nossa comunidade social, que se estende tamb\u00e9m \u00e0s gera\u00e7\u00f5es futuras&#8221;. Essa mudan\u00e7a de dire\u00e7\u00e3o deve ser conduzida &#8220;alavancando a dimens\u00e3o \u00e9tico-social envolvida no conceito de ecologia integral&#8221;, declarou Parolin, enfatizando a import\u00e2ncia decisiva da instru\u00e7\u00e3o e da forma\u00e7\u00e3o para acompanhar solu\u00e7\u00f5es pol\u00edticas e t\u00e9cnicas. &#8220;\u00c9 atrav\u00e9s deste tipo de educa\u00e7\u00e3o e pedagogia&#8221;, enfatizou ele, &#8220;que \u00e9 poss\u00edvel direcionar tanto a pol\u00edtica quanto a economia para um desenvolvimento humano genuinamente integral e sustent\u00e1vel, em benef\u00edcio de todos os povos da Terra e especialmente dos mais pobres&#8221;.<\/p>\n<\/div>\n<\/div>\n","protected":false},"excerpt":{"rendered":"<p>Cardeal Parolin divulga mensagem em v\u00eddeo nesta sexta-feira (23) sobre ecologia integral\u00a0 Na Confer\u00eancia Internacional intitulada \u201cThe milestones of the Integral ecology for a human Economy&#8221;, promovida em modalidade on-line pela Funda\u00e7\u00e3o Centesimus Annus pro Pontifice, a mensagem em v\u00eddeo do secret\u00e1rio de Estado do Vaticano, cardeal Parolin, retoma os temas centrais da Laudato si\u2019 [&hellip;]<\/p>\n","protected":false},"author":1,"featured_media":63712,"comment_status":"open","ping_status":"closed","sticky":false,"template":"","format":"standard","meta":{"footnotes":""},"categories":[3],"tags":[],"class_list":["post-63711","post","type-post","status-publish","format-standard","has-post-thumbnail","hentry","category-vaticano"],"_links":{"self":[{"href":"https:\/\/catolicanet.net\/wp-cnet\/wp-json\/wp\/v2\/posts\/63711","targetHints":{"allow":["GET"]}}],"collection":[{"href":"https:\/\/catolicanet.net\/wp-cnet\/wp-json\/wp\/v2\/posts"}],"about":[{"href":"https:\/\/catolicanet.net\/wp-cnet\/wp-json\/wp\/v2\/types\/post"}],"author":[{"embeddable":true,"href":"https:\/\/catolicanet.net\/wp-cnet\/wp-json\/wp\/v2\/users\/1"}],"replies":[{"embeddable":true,"href":"https:\/\/catolicanet.net\/wp-cnet\/wp-json\/wp\/v2\/comments?post=63711"}],"version-history":[{"count":1,"href":"https:\/\/catolicanet.net\/wp-cnet\/wp-json\/wp\/v2\/posts\/63711\/revisions"}],"predecessor-version":[{"id":63713,"href":"https:\/\/catolicanet.net\/wp-cnet\/wp-json\/wp\/v2\/posts\/63711\/revisions\/63713"}],"wp:featuredmedia":[{"embeddable":true,"href":"https:\/\/catolicanet.net\/wp-cnet\/wp-json\/wp\/v2\/media\/63712"}],"wp:attachment":[{"href":"https:\/\/catolicanet.net\/wp-cnet\/wp-json\/wp\/v2\/media?parent=63711"}],"wp:term":[{"taxonomy":"category","embeddable":true,"href":"https:\/\/catolicanet.net\/wp-cnet\/wp-json\/wp\/v2\/categories?post=63711"},{"taxonomy":"post_tag","embeddable":true,"href":"https:\/\/catolicanet.net\/wp-cnet\/wp-json\/wp\/v2\/tags?post=63711"}],"curies":[{"name":"wp","href":"https:\/\/api.w.org\/{rel}","templated":true}]}}