{"id":63708,"date":"2020-10-23T09:27:52","date_gmt":"2020-10-23T12:27:52","guid":{"rendered":"https:\/\/catolicanet.net\/wp-cnet\/?p=63708"},"modified":"2020-10-23T13:31:09","modified_gmt":"2020-10-23T16:31:09","slug":"francisco-ecologia-integral-necessaria-uma-profunda-conversao-interior","status":"publish","type":"post","link":"https:\/\/catolicanet.net\/wp-cnet\/francisco-ecologia-integral-necessaria-uma-profunda-conversao-interior\/","title":{"rendered":"Francisco: ecologia integral, necess\u00e1ria uma profunda convers\u00e3o interior"},"content":{"rendered":"<div class=\"article__subTitle\" style=\"text-align: justify;\">Mensagem do Papa aos participantes do Encontro Internacional EcoOne, iniciativa ecol\u00f3gica do Movimento dos Focolares. O Papa chama a aten\u00e7\u00e3o para &#8220;a necessidade urgente de um novo paradigma socioecon\u00f4mico mais inclusivo&#8221;.<\/div>\n<div class=\"title__separator\" style=\"text-align: justify;\"><\/div>\n<div class=\"article__text \">\n<p style=\"text-align: justify;\"><b>Mariangela Jaguraba &#8211; Vatican News<\/b><\/p>\n<p style=\"text-align: justify;\">O Papa Francisco enviou uma mensagem, nesta sexta-feira (23\/10) aos participantes do Encontro Internacional EcoOne, iniciativa ecol\u00f3gica do Movimento dos Focolares, que se realiza em Castel Gandolfo, nas proximidades de Roma, at\u00e9 25 de outubro, no \u00e2mbito do Ano Especial dedicado ao quinto anivers\u00e1rio da Carta Enc\u00edclica Laudato si\u2019.<\/p>\n<div style=\"text-align: justify;\">\n<div class=\"article__embed article__embed--unwrap article__embed--dark\">\n<div class=\"article__innerTitle\">Ou\u00e7a e compartilhe<\/div>\n<div>\n<!--[if lt IE 9]><script>document.createElement('audio');<\/script><![endif]-->\n<audio class=\"wp-audio-shortcode\" id=\"audio-63708-1\" preload=\"none\" style=\"width: 100%;\" controls=\"controls\"><source type=\"audio\/mpeg\" src=\"https:\/\/media.vaticannews.va\/media\/audio\/s1\/2020\/10\/23\/14\/135763768_F135763768.mp3?_=1\" \/><a href=\"https:\/\/media.vaticannews.va\/media\/audio\/s1\/2020\/10\/23\/14\/135763768_F135763768.mp3\">https:\/\/media.vaticannews.va\/media\/audio\/s1\/2020\/10\/23\/14\/135763768_F135763768.mp3<\/a><\/audio>\n<\/div>\n<\/div>\n<\/div>\n<p style=\"text-align: justify;\">O encontro envolve uma rede de professores, acad\u00eamicos, pesquisadores e profissionais das ci\u00eancias ambientais e tem como tema \u00abNovos caminhos para a ecologia integral: cinco anos depois da Laudato si\u2019\u00bb. O objetivo do evento \u00e9 examinar o impacto desse documento no mundo contempor\u00e2neo, analisando o papel que indiv\u00edduos e organismos sociais podem desempenhar no cuidado da Casa comum.<\/p>\n<h2 style=\"text-align: justify;\">Tudo est\u00e1 interligado<\/h2>\n<p style=\"text-align: justify;\">No in\u00edcio de seu discurso, Francisco agradeceu a EcoOne e aos representantes do Dicast\u00e9rio para o Servi\u00e7o do Desenvolvimento Humano Integral e do Movimento Cat\u00f3lico Global pelo Clima, que colaboraram para tornar poss\u00edvel este evento que \u201canalisa uma vis\u00e3o relacional da humanidade e do cuidado do nosso mundo a partir de uma variedade de perspectivas: \u00e9tica, cient\u00edfica, social e teol\u00f3gica\u201d.<\/p>\n<p style=\"text-align: justify;\">\u201cRecordando a convic\u00e7\u00e3o de Chiara Lubich de que o mundo criado traz em si mesmo um carisma de unidade, confio que a sua perspectiva possa guiar o seu trabalho no reconhecimento de que \u00abtudo est\u00e1 interligado\u00bb e que \u00abse exige uma preocupa\u00e7\u00e3o pelo meio ambiente, unida ao amor sincero pelos seres humanos e a um compromisso constante com os problemas da sociedade\u00bb\u201d, ressalta o Papa no texto.<\/p>\n<p style=\"text-align: justify;\">Francisco chama a aten\u00e7\u00e3o para a \u201cnecessidade urgente de um novo paradigma socioecon\u00f4mico mais inclusivo que reflita a verdade de que somos \u00abuma \u00fanica humanidade, como caminhantes da mesma carne humana, como filhos desta mesma terra que nos alberga a todos\u00bb. Esta solidariedade rec\u00edproca e com o mundo que nos rodeia, requer uma vontade firme de desenvolver e implementar medidas concretas que favore\u00e7am a dignidade de toda a pessoa em suas rela\u00e7\u00f5es humanas, familiares e trabalhistas, combatendo ao mesmo tempo as causas estruturais da pobreza e empenhando-se por proteger o ambiente natural\u201d.<\/p>\n<h2 style=\"text-align: justify;\">Profunda convers\u00e3o interior<\/h2>\n<p style=\"text-align: justify;\">Segundo o Pont\u00edfice, \u201cpara alcan\u00e7ar uma ecologia integral, \u00e9 necess\u00e1ria uma profunda convers\u00e3o interior quer a n\u00edvel pessoal quer comunit\u00e1rio\u201d.<\/p>\n<p style=\"text-align: justify;\">Lembrando os grandes desafios que temos de enfrentar neste momento, como as mudan\u00e7as clim\u00e1ticas, a necessidade de um desenvolvimento sustent\u00e1vel e a contribui\u00e7\u00e3o que a religi\u00e3o pode dar para a supera\u00e7\u00e3o da crise ambiental, Francisco afirma que \u201c\u00e9 essencial romper com a l\u00f3gica da explora\u00e7\u00e3o e do ego\u00edsmo e promover a pr\u00e1tica de um estilo de vida s\u00f3brio, simples e humilde\u201d.<\/p>\n<p style=\"text-align: justify;\">O Papa espera que esta iniciativa ecol\u00f3gica dos Focolarinos possa \u201ccultivar uma corresponsabilidade de uns pelos outros como filhos de Deus e um renovado compromisso de bons administradores do seu dom da cria\u00e7\u00e3o\u201d, e conduzir a \u201cnovos caminhos que levem a uma ecologia integral em prol do bem comum da fam\u00edlia humana e do mundo\u201d.<\/p>\n<\/div>\n","protected":false},"excerpt":{"rendered":"<p>Mensagem do Papa aos participantes do Encontro Internacional EcoOne, iniciativa ecol\u00f3gica do Movimento dos Focolares. O Papa chama a aten\u00e7\u00e3o para &#8220;a necessidade urgente de um novo paradigma socioecon\u00f4mico mais inclusivo&#8221;. Mariangela Jaguraba &#8211; Vatican News O Papa Francisco enviou uma mensagem, nesta sexta-feira (23\/10) aos participantes do Encontro Internacional EcoOne, iniciativa ecol\u00f3gica do Movimento [&hellip;]<\/p>\n","protected":false},"author":1,"featured_media":63709,"comment_status":"open","ping_status":"closed","sticky":false,"template":"","format":"standard","meta":{"footnotes":""},"categories":[13,3],"tags":[],"class_list":["post-63708","post","type-post","status-publish","format-standard","has-post-thumbnail","hentry","category-featured","category-vaticano"],"_links":{"self":[{"href":"https:\/\/catolicanet.net\/wp-cnet\/wp-json\/wp\/v2\/posts\/63708","targetHints":{"allow":["GET"]}}],"collection":[{"href":"https:\/\/catolicanet.net\/wp-cnet\/wp-json\/wp\/v2\/posts"}],"about":[{"href":"https:\/\/catolicanet.net\/wp-cnet\/wp-json\/wp\/v2\/types\/post"}],"author":[{"embeddable":true,"href":"https:\/\/catolicanet.net\/wp-cnet\/wp-json\/wp\/v2\/users\/1"}],"replies":[{"embeddable":true,"href":"https:\/\/catolicanet.net\/wp-cnet\/wp-json\/wp\/v2\/comments?post=63708"}],"version-history":[{"count":1,"href":"https:\/\/catolicanet.net\/wp-cnet\/wp-json\/wp\/v2\/posts\/63708\/revisions"}],"predecessor-version":[{"id":63710,"href":"https:\/\/catolicanet.net\/wp-cnet\/wp-json\/wp\/v2\/posts\/63708\/revisions\/63710"}],"wp:featuredmedia":[{"embeddable":true,"href":"https:\/\/catolicanet.net\/wp-cnet\/wp-json\/wp\/v2\/media\/63709"}],"wp:attachment":[{"href":"https:\/\/catolicanet.net\/wp-cnet\/wp-json\/wp\/v2\/media?parent=63708"}],"wp:term":[{"taxonomy":"category","embeddable":true,"href":"https:\/\/catolicanet.net\/wp-cnet\/wp-json\/wp\/v2\/categories?post=63708"},{"taxonomy":"post_tag","embeddable":true,"href":"https:\/\/catolicanet.net\/wp-cnet\/wp-json\/wp\/v2\/tags?post=63708"}],"curies":[{"name":"wp","href":"https:\/\/api.w.org\/{rel}","templated":true}]}}