{"id":63679,"date":"2020-10-22T09:23:04","date_gmt":"2020-10-22T12:23:04","guid":{"rendered":"https:\/\/catolicanet.net\/wp-cnet\/?p=63679"},"modified":"2020-10-22T13:25:34","modified_gmt":"2020-10-22T16:25:34","slug":"iniciativas-da-igreja-no-brasil-ajudam-no-combate-as-fake-news","status":"publish","type":"post","link":"https:\/\/catolicanet.net\/wp-cnet\/iniciativas-da-igreja-no-brasil-ajudam-no-combate-as-fake-news\/","title":{"rendered":"INICIATIVAS DA IGREJA NO BRASIL AJUDAM NO COMBATE \u00c0S FAKE NEWS"},"content":{"rendered":"<p style=\"text-align: justify;\">A facilidade de cria\u00e7\u00e3o de canais para divulga\u00e7\u00e3o de informa\u00e7\u00f5es na internet e a import\u00e2ncia que as plataformas de comunica\u00e7\u00e3o e relacionamento ganharam atualmente v\u00eam impulsionando um fen\u00f4meno da difus\u00e3o das chamadas\u00a0<em>fake news<\/em>\u00a0(as not\u00edcias falsas). Apesar de parecer recente, o termo \u00e9 mais antigo do que aparenta. De acordo com o dicion\u00e1rio Merriam-Webster, essa express\u00e3o \u00e9 usada desde o final do s\u00e9culo XIX.<\/p>\n<p style=\"text-align: justify;\">Segundo um relat\u00f3rio da consultoria Gartner, em 2022 consumiremos mais boatos que informa\u00e7\u00e3o verdadeira. O assunto \u00e9 t\u00e3o s\u00e9rio que motivou um debate no Senado Federal. Em junho deste ano foi aprovado\u00a0o Projeto de Lei (PL) 2.630\/2020, que prop\u00f5e medidas de combate \u00e0 propaga\u00e7\u00e3o de not\u00edcias falsas. O projeto, conhecido como PL das\u00a0<em>fake news<\/em>, teve 44 votos favor\u00e1veis e 32 votos contr\u00e1rios. O texto seguiu para a C\u00e2mara.<\/p>\n<p style=\"text-align: justify;\">O projeto estabelece normas para trazer transpar\u00eancia a provedores de redes sociais e de servi\u00e7os de troca de mensagens privada. O PL busca o combate \u00e0 divulga\u00e7\u00e3o de not\u00edcias falsas postadas em anonimato ou com o uso de perfis falsos e de disparos em massa. Ao mesmo tempo, o texto fala em garantir liberdade de express\u00e3o, comunica\u00e7\u00e3o e manifesta\u00e7\u00e3o do pensamento.<\/p>\n<p style=\"text-align: justify;\">O fato \u00e9 que as not\u00edcias falsas espalham desinforma\u00e7\u00e3o e, muitas vezes, dificultaram principalmente neste per\u00edodo de pandemia, a divulga\u00e7\u00e3o de informa\u00e7\u00f5es e orienta\u00e7\u00f5es corretas. O bispo de Santo Andr\u00e9 (SP) e presidente da Comiss\u00e3o para a Doutrina da F\u00e9 da Confer\u00eancia Nacional dos Bispos do Brasil (CNBB), dom Pedro Cipollini,\u00a0<a href=\"https:\/\/www.cnbb.org.br\/fake-news-problema-serio\/\">publicou um artigo com o t\u00edtulo \u201cFake News: problema s\u00e9rio!\u201d<\/a>.<\/p>\n<p style=\"text-align: justify;\">No texto, o bispo diz que o mundo das F<em><span data-markjs=\"true\" data-ogac=\"\" data-ogab=\"\" data-ogsc=\"\" data-ogsb=\"\">ake<\/span><\/em><em>\u00a0<\/em><em>News<\/em><em>\u00a0<\/em>\u00e9 o mundo da \u201cp\u00f3s-verdade\u201d<em>, onde<\/em>\u00a0n\u00e3o existem fatos, mas somente interpreta\u00e7\u00f5es: \u201cIsto oferece como recompensa a mais bela ilus\u00e3o: a de ter sempre raz\u00e3o, independentemente de qualquer desmentido\u201d.<\/p>\n<blockquote><p>\u201cNecessita-se urgente de uma comunica\u00e7\u00e3o verdadeira levada avante por comunicadores verdadeiros. A comunica\u00e7\u00e3o verdadeira tem o poder de criar pontes, favorecer encontro e inclus\u00e3o. Traz grande bem \u00e0 sociedade especialmente hoje, quando o mundo digital facilita a amplia\u00e7\u00e3o do poder da palavra. Palavras e a\u00e7\u00f5es deveriam ser tais, que nos ajudassem a sair dos c\u00edrculos viciosos de condena\u00e7\u00f5es e vingan\u00e7as, que mantem prisioneiros os indiv\u00edduos e as na\u00e7\u00f5es, expressando-se atrav\u00e9s de mensagens de \u00f3dio\u201d, disse dom Cipollini em seu artigo.<\/p><\/blockquote>\n<p style=\"text-align: justify;\">Ainda, conforme o bispo, nada mais necess\u00e1rio hoje, para combater as F<em><span data-markjs=\"true\" data-ogac=\"\" data-ogab=\"\" data-ogsc=\"\" data-ogsb=\"\">ake<\/span><\/em><em>\u00a0<\/em><em>News<\/em>\u00a0do que a imprensa livre, com profissionais honestos, buscadores da verdade e narradores da realidade como ela \u00e9.<\/p>\n<h3 style=\"text-align: justify;\"><strong>A Igreja no Brasil no combate \u00e0s Fake News<\/strong><\/h3>\n<p style=\"text-align: justify;\">A Igreja no Brasil tamb\u00e9m tem se empenhado no combate \u00e0s fake news.\u00a0 A Confer\u00eancia Nacional dos Bispos do Brasil (CNBB) ser\u00e1 embaixadora da campanha #EuVotoSemFakecampanha\u201d, lan\u00e7ada pelo Tribunal Superior Eleitoral (TSE) no dia 29 de setembro deste ano. O objetivo da\u00a0 iniciativa \u00e9 que os candidatos sejam eleitos de maneira leg\u00edtima e \u00e9tica, por meio de informa\u00e7\u00f5es verdadeiras, divulgadas em seu contexto, livres de distor\u00e7\u00f5es.<\/p>\n<p style=\"text-align: justify;\">Segundo Thiago Rondon, coordenador digital de Combate \u00e0 Desinforma\u00e7\u00e3o do TSE, o principal objetivo da campanha \u00e9 passar informa\u00e7\u00f5es precisas sobre o processo eleitoral, como os cuidados sanit\u00e1rios para a realiza\u00e7\u00e3o do voto no dia das elei\u00e7\u00f5es, o funcionamento do fluxo de vota\u00e7\u00e3o e as orienta\u00e7\u00f5es para os eleitores em rela\u00e7\u00e3o \u00e0 apresenta\u00e7\u00e3o de documentos, entre outras. \u201cTendo acesso \u00e0 informa\u00e7\u00e3o verdadeira, a popula\u00e7\u00e3o fica mais tranquila para votar e mais preparada para combater as chamadas\u00a0<em>fake news<\/em>\u201d, destaca.<\/p>\n<p style=\"text-align: justify;\">Neste sentido, a CNBB soma-se ao esfor\u00e7o da mobiliza\u00e7\u00e3o e coaliz\u00e3o de checagem de fatos sobre o processo eleitoral da sociedade brasileira para\u00a0 combater a dissemina\u00e7\u00e3o de \u201cfalsas not\u00edcias\u201d, \u201cfakenews\u201d, no contexto das disputas travadas aos cargos p\u00fablicos no executivo e legislativos municipais no m\u00eas de novembro.<\/p>\n<h4 style=\"text-align: justify;\"><strong>Cartilha formativa<\/strong><\/h4>\n<p style=\"text-align: justify;\">A Rede Eclesial Pan-Amaz\u00f4nica (REPAM-Brasil) lan\u00e7ou uma cartilha virtual formativa para ajudar no combate \u00e0s Fake News. Organizada pelo setor de comunica\u00e7\u00e3o da Rede, a proposta \u00e9 oferecer um material que ajude a refletir, discernir e combater a dissemina\u00e7\u00e3o de not\u00edcias falsas.<a title=\"\" href=\"https:\/\/www.cnbb.org.br\/wp-content\/uploads\/2020\/06\/Sem-t%C3%ADtulo-1.jpg\" data-rel=\"lightbox-image-0\" data-rl_title=\"\" data-rl_caption=\"\"><img loading=\"lazy\" decoding=\"async\" class=\"wp-image-240503 alignright lazyloaded\" src=\"https:\/\/119140.smushcdn.com\/1785248\/wp-content\/uploads\/2020\/06\/Sem-t%C3%ADtulo-1.jpg?lossy=1&amp;strip=1&amp;webp=1\" sizes=\"auto, (max-width: 355px) 100vw, 355px\" srcset=\"https:\/\/119140.smushcdn.com\/1785248\/wp-content\/uploads\/2020\/06\/Sem-t\u00edtulo-1-219x300.jpg?lossy=1&amp;strip=1&amp;webp=1 219w, https:\/\/119140.smushcdn.com\/1785248\/wp-content\/uploads\/2020\/06\/Sem-t\u00edtulo-1.jpg?lossy=1&amp;strip=1&amp;webp=1 394w\" alt=\"\" width=\"355\" height=\"487\" data-srcset=\"https:\/\/119140.smushcdn.com\/1785248\/wp-content\/uploads\/2020\/06\/Sem-t\u00edtulo-1-219x300.jpg?lossy=1&amp;strip=1&amp;webp=1 219w, https:\/\/119140.smushcdn.com\/1785248\/wp-content\/uploads\/2020\/06\/Sem-t\u00edtulo-1.jpg?lossy=1&amp;strip=1&amp;webp=1 394w\" data-src=\"https:\/\/119140.smushcdn.com\/1785248\/wp-content\/uploads\/2020\/06\/Sem-t\u00edtulo-1.jpg?lossy=1&amp;strip=1&amp;webp=1\" data-sizes=\"(max-width: 355px) 100vw, 355px\" \/><\/a><\/p>\n<p style=\"text-align: justify;\">A cartilha apresenta os conceitos, tipos e oferece dicas de como identificar e combater as Fake News e, ainda, apresenta algumas ferramentas, como aplicativos e sites, que podem ajudar na checagem das not\u00edcias para verificar a veracidade das informa\u00e7\u00f5es compartilhadas.<\/p>\n<p style=\"text-align: justify;\">Em entrevista \u00e0 Repam, a secret\u00e1ria executiva da Rede, irm\u00e3 Maria Irene Lopes, disse que a inten\u00e7\u00e3o da cartilha \u00e9 contribuir para que as pessoas possam se proteger das muitas inverdades e boatos que circulam pela internet.<\/p>\n<blockquote><p>\u201cNesse tempo de tantas not\u00edcias, precisamos ficar atentos aos processos de desinforma\u00e7\u00e3o e ajudar que as pessoas tenham ferramentas para n\u00e3o permitir que informa\u00e7\u00f5es falsas sejam espalhadas\u201d, afirmou irm\u00e3 Irene.<\/p><\/blockquote>\n<p style=\"text-align: justify;\">A produ\u00e7\u00e3o do material contou com a participa\u00e7\u00e3o de estudantes de comunica\u00e7\u00e3o social \u2013 jornalismo e publicidade \u2013 do Centro Universit\u00e1rio Est\u00e1cio de Bras\u00edlia.<\/p>\n<p style=\"text-align: justify;\"><strong>Clique (<a href=\"http:\/\/repam.org.br\/wp-content\/uploads\/2020\/06\/Cartilha-Fake-News.pdf\">aqui<\/a>) e acesse a cartilha.<\/strong><\/p>\n<p style=\"text-align: justify;\">\n<pre>Com informa\u00e7\u00f5es da Ag\u00eancia Brasil. Foto de Capa: Pixabay<\/pre>\n","protected":false},"excerpt":{"rendered":"<p>A facilidade de cria\u00e7\u00e3o de canais para divulga\u00e7\u00e3o de informa\u00e7\u00f5es na internet e a import\u00e2ncia que as plataformas de comunica\u00e7\u00e3o e relacionamento ganharam atualmente v\u00eam impulsionando um fen\u00f4meno da difus\u00e3o das chamadas\u00a0fake news\u00a0(as not\u00edcias falsas). Apesar de parecer recente, o termo \u00e9 mais antigo do que aparenta. De acordo com o dicion\u00e1rio Merriam-Webster, essa express\u00e3o [&hellip;]<\/p>\n","protected":false},"author":1,"featured_media":63680,"comment_status":"open","ping_status":"closed","sticky":false,"template":"","format":"standard","meta":{"footnotes":""},"categories":[7],"tags":[],"class_list":["post-63679","post","type-post","status-publish","format-standard","has-post-thumbnail","hentry","category-cnbb"],"_links":{"self":[{"href":"https:\/\/catolicanet.net\/wp-cnet\/wp-json\/wp\/v2\/posts\/63679","targetHints":{"allow":["GET"]}}],"collection":[{"href":"https:\/\/catolicanet.net\/wp-cnet\/wp-json\/wp\/v2\/posts"}],"about":[{"href":"https:\/\/catolicanet.net\/wp-cnet\/wp-json\/wp\/v2\/types\/post"}],"author":[{"embeddable":true,"href":"https:\/\/catolicanet.net\/wp-cnet\/wp-json\/wp\/v2\/users\/1"}],"replies":[{"embeddable":true,"href":"https:\/\/catolicanet.net\/wp-cnet\/wp-json\/wp\/v2\/comments?post=63679"}],"version-history":[{"count":1,"href":"https:\/\/catolicanet.net\/wp-cnet\/wp-json\/wp\/v2\/posts\/63679\/revisions"}],"predecessor-version":[{"id":63681,"href":"https:\/\/catolicanet.net\/wp-cnet\/wp-json\/wp\/v2\/posts\/63679\/revisions\/63681"}],"wp:featuredmedia":[{"embeddable":true,"href":"https:\/\/catolicanet.net\/wp-cnet\/wp-json\/wp\/v2\/media\/63680"}],"wp:attachment":[{"href":"https:\/\/catolicanet.net\/wp-cnet\/wp-json\/wp\/v2\/media?parent=63679"}],"wp:term":[{"taxonomy":"category","embeddable":true,"href":"https:\/\/catolicanet.net\/wp-cnet\/wp-json\/wp\/v2\/categories?post=63679"},{"taxonomy":"post_tag","embeddable":true,"href":"https:\/\/catolicanet.net\/wp-cnet\/wp-json\/wp\/v2\/tags?post=63679"}],"curies":[{"name":"wp","href":"https:\/\/api.w.org\/{rel}","templated":true}]}}