{"id":63672,"date":"2020-10-22T09:15:55","date_gmt":"2020-10-22T12:15:55","guid":{"rendered":"https:\/\/catolicanet.net\/wp-cnet\/?p=63672"},"modified":"2020-10-22T13:17:14","modified_gmt":"2020-10-22T16:17:14","slug":"francisco-sao-joao-paulo-ii-foi-um-dom-extraordinario-do-senhor-a-igreja","status":"publish","type":"post","link":"https:\/\/catolicanet.net\/wp-cnet\/francisco-sao-joao-paulo-ii-foi-um-dom-extraordinario-do-senhor-a-igreja\/","title":{"rendered":"Francisco: &#8220;S\u00e3o Jo\u00e3o Paulo II foi um dom extraordin\u00e1rio do Senhor \u00e0 Igreja&#8221;"},"content":{"rendered":"<div class=\"article__subTitle\" style=\"text-align: justify;\">&#8220;Recordemos a sua f\u00e9: que seja de exemplo para viver o nosso testemunho hoje\u201d, afirma o Papa Francisco no dia da memoria lit\u00fargica de S\u00e3o Jo\u00e3o Paulo II.<\/div>\n<div class=\"title__separator\" style=\"text-align: justify;\"><\/div>\n<div class=\"article__text \">\n<p style=\"text-align: justify;\"><b>Vatican News<\/b><\/p>\n<div style=\"text-align: justify;\">\n<div class=\"article__embed article__embed--unwrap article__embed--dark\">\n<div class=\"article__innerTitle\">Ou\u00e7a e compartilhe<\/div>\n<div>\n<!--[if lt IE 9]><script>document.createElement('audio');<\/script><![endif]-->\n<audio class=\"wp-audio-shortcode\" id=\"audio-63672-1\" preload=\"none\" style=\"width: 100%;\" controls=\"controls\"><source type=\"audio\/mpeg\" src=\"https:\/\/media.vaticannews.va\/media\/audio\/s1\/2020\/10\/22\/12\/135762332_F135762332.mp3?_=1\" \/><a href=\"https:\/\/media.vaticannews.va\/media\/audio\/s1\/2020\/10\/22\/12\/135762332_F135762332.mp3\">https:\/\/media.vaticannews.va\/media\/audio\/s1\/2020\/10\/22\/12\/135762332_F135762332.mp3<\/a><\/audio>\n<\/div>\n<\/div>\n<\/div>\n<p style=\"text-align: justify;\">Nesta quinta-feira, 22 de outubro, a Igreja recorda S\u00e3o Jo\u00e3o Paulo II. Para a ocasi\u00e3o, o Papa Francisco postou 2 tu\u00edtes nas redes sociais. O primeiro diz:\u00a0<i>\u201cHoje em dia muito frequentemente o homem n\u00e3o sabe o que traz no interior de si mesmo, no profundo do seu \u00e2nimo e do seu cora\u00e7\u00e3o&#8230; Permiti a Cristo falar ao homem. Somente Ele tem palavras de vida, de vida eterna\u201d.<\/i><\/p>\n<p style=\"text-align: justify;\">No segundo tu\u00edte, Francisco diz:\u00a0<i>\u201cS\u00e3o Jo\u00e3o Paulo II, apaixonado pela vida e fascinado pelo mist\u00e9rio de Deus, do mundo e do homem, foi um dom extraordin\u00e1rio do Senhor \u00e0 Igreja. Recordemos a sua f\u00e9: que seja de exemplo para viver o nosso testemunho hoje\u201d.<\/i><\/p>\n<div style=\"text-align: justify;\">\n<div class=\"article__embed article__embed--border embed_style\">\n<blockquote><p>\u201cN\u00e3o, n\u00e3o tenhais medo! Antes, procurai abrir, melhor, escancarar as portas a Cristo! (S\u00e3o Jo\u00e3o Paulo II)\u201d<\/p><\/blockquote>\n<\/div>\n<\/div>\n<p style=\"text-align: justify;\">Um incentivo, numa \u00e9poca de muros e sistemas opostos m\u00e1ximos, a confiar num \u201cpoder salvador\u201d maior. Agora que o muro a ser abatido \u00e9 o v\u00edrus infinitamente pequeno, o apelo de Karol Wojtyla ressoa intacto em sua pertin\u00eancia. Foi o que disse ao\u00a0<b>Vatican News<\/b>\u00a0o postulador da causa de canoniza\u00e7\u00e3o de S\u00e3o Jo\u00e3o Paulo II, mons.\u00a0<b>Slawomir Oder<\/b>.<\/p>\n<p style=\"text-align: justify;\"><b>Mons. Oder<\/b>: Absolutamente sim. Lembro-me de uma frase que encontrei em seus escritos logo no in\u00edcio de seu pontificado, quando ele repercorre toda sua hist\u00f3ria e conclui: \u201cDebitor factus sum\u201d, \u201cTornei-me devedor\u201d. Para mim isto \u00e9 tamb\u00e9m uma chave de leitura para interpretar o que \u00e9 o fen\u00f4meno de Jo\u00e3o Paulo II: ele paga com sua vida a d\u00edvida de amor, especialmente em rela\u00e7\u00e3o a Cristo, e \u00e9 por isso que as palavras \u201cProcurai abrir, melhor, escancarar as portas a Cristo\u201d t\u00eam um valor program\u00e1tico e permanecem v\u00e1lidas ainda hoje. Porque assim como a vida de Jo\u00e3o Paulo II foi pagar uma d\u00edvida em rela\u00e7\u00e3o ao amor de Deus, tamb\u00e9m hoje, ao aceitar este convite, podemos de alguma forma fazer a nossa parte no pagamento de nossa d\u00edvida em rela\u00e7\u00e3o a este pont\u00edfice, em rela\u00e7\u00e3o \u00e0 hist\u00f3ria em que vivemos. Se hoje, mesmo no contexto do mundo atingido pela pandemia, recorremos a Cristo, podemos tamb\u00e9m abrir os nossos cora\u00e7\u00f5es e mentes, nossas consci\u00eancias, abrir os sistemas pol\u00edticos, econ\u00f4micos, estatais, culturais, os vastos campos em que o homem atua, \u00e0 mensagem crist\u00e3.<\/p>\n<p style=\"text-align: justify;\"><b>Jo\u00e3o Paulo II mostrou grande for\u00e7a: que testemunho ele nos deixou em sua maneira de viver a doen\u00e7a?<\/b><\/p>\n<p style=\"text-align: justify;\"><b>Mons. Oder:\u00a0<\/b>Penso que para todos n\u00f3s permanece uma imagem forte, aquela que nos deixou no final de seus dias, na \u00faltima Sexta-feira Santa, aquela filmagem televisiva de sua participa\u00e7\u00e3o na \u00faltima Via-Sacra no Coliseu: n\u00e3o mais presente fisicamente entre muitos peregrinos, mas em sua capela segurando a cruz. Para ele a cruz era a chave de leitura para entender a dor humana e uma chave que abria as portas da esperan\u00e7a.<\/p>\n<p style=\"text-align: justify;\"><b>Jo\u00e3o Paulo II, Karol Wojtyla, foi um protagonista da hist\u00f3ria. N\u00e3o me lembro quem disse que todos d\u00e3o a sua contribui\u00e7\u00e3o, alguns com uma v\u00edrgula outros com um cap\u00edtulo. Wojtyla vale mais que um livro.<\/b><\/p>\n<p style=\"text-align: justify;\"><b>Mons. Oder:\u00a0<\/b>N\u00e3o h\u00e1 d\u00favidas. Realmente fomos testemunhas de mudan\u00e7as de \u00e9pocas que certamente tiveram ra\u00edzes muito distantes. Um elemento foi a elei\u00e7\u00e3o de Jo\u00e3o Paulo II, o homem que veio de um pa\u00eds distante, da Pol\u00f4nia, al\u00e9m da Cortina de Ferro: de repente com ele tamb\u00e9m tivemos que nos dar contar da \u00a0exist\u00eancia do Leste Europeu. Mas embora fosse um protagonista com a sua palavra, com o encorajamento, ele era extremamente humilde. Quando algu\u00e9m lhe dizia que foi ele quem derrubou o comunismo, ele negava claramente. Dizia que era a Provid\u00eancia Divina, servindo-se tamb\u00e9m dele. Jo\u00e3o Paulo II foi um homem que acompanhou todos estes processos com sua ora\u00e7\u00e3o, em primeiro lugar, mas depois com sua palavra, com seu ensinamento, com o testemunho de sua coragem e com gestos prof\u00e9ticos. Jo\u00e3o Paulo II nos ensinou a n\u00e3o nos resignarmos \u00e0 mediocridade, mas a viver a plenitude de nossa vida a fim de fazer de nossa vida uma verdadeira obra-prima.<\/p>\n<h2 style=\"text-align: justify;\">Elei\u00e7\u00e3o de S\u00e3o Jo\u00e3o Paulo II<\/h2>\n<p style=\"text-align: justify;\">O dia 22 de outubro de 1978 marca o in\u00edcio do Pontificado de Jo\u00e3o Paulo II. Um dia hist\u00f3rico precedido, em 16 de outubro, pela sua elei\u00e7\u00e3o \u00e0 C\u00e1tedra de Pedro.<\/p>\n<div style=\"text-align: justify;\">\n<div class=\"article__embed article__embed--unwrap article__embed--dark\">\n<div class=\"embed-container\"><iframe id=\"595361589\" src=\"https:\/\/www.youtube.com\/embed\/Nd3894x_eN8?wmode=opaque&amp;rel=0&amp;autohide=1&amp;showinfo=0&amp;wmode=transparent&amp;modestbranding=1&amp;enablejsapi=1&amp;origin=https:\/\/www.vaticannews.va&amp;start=&amp;end=\" allowfullscreen=\"allowfullscreen\" data-gtm-yt-inspected-7781034_9=\"true\" data-mce-fragment=\"1\"><\/iframe><\/div>\n<div class=\"article__innerTitle\">A elei\u00e7\u00e3o do Papa Wojty\u0142a<\/div>\n<\/div>\n<\/div>\n<p style=\"text-align: justify;\">O dia da elei\u00e7\u00e3o foi marcado pela primeira sauda\u00e7\u00e3o e pela primeira b\u00ean\u00e7\u00e3o: &#8220;Os eminent\u00edssimos cardeais\u00a0 &#8211; diz Jo\u00e3o Paulo II &#8211;\u00a0 chamaram um novo bispo de Roma. Eles o chamaram de um pa\u00eds distante &#8230; distante, mas sempre t\u00e3o pr\u00f3ximo pela comunh\u00e3o na f\u00e9 e na tradi\u00e7\u00e3o crist\u00e3. Tive medo em aceitar este compromisso, mas o fiz com esp\u00edrito de obedi\u00eancia a Nosso Senhor Jesus Cristo e de total confian\u00e7a em sua M\u00e3e, Nossa Senhora Sant\u00edssima&#8221;.<\/p>\n<h2 style=\"text-align: justify;\">Abram-se os confins dos Estados<\/h2>\n<p style=\"text-align: justify;\">Alguns dias mais tarde, na homilia da Missa no in\u00edcio do Pontificado, Jo\u00e3o Paulo II pronunciou as seguintes palavras:<\/p>\n<p style=\"text-align: justify;\"><i>\u201cIrm\u00e3os e Irm\u00e3s: n\u00e3o tenhais medo de acolher Cristo e de aceitar o Seu poder! E ajudai o Papa e todos aqueles que querem servir a Cristo e, com o poder de Cristo, servir o homem e a humanidade inteira! N\u00e3o, n\u00e3o tenhais medo! Antes, procurai abrir, melhor, escancarar as portas a Cristo! Ao Seu poder salvador abri os confins dos Estados, os sistemas econ\u00f4micos assim como os pol\u00edticos, os vastos campos de cultura, de civiliza\u00e7\u00e3o e de progresso! N\u00e3o tenhais medo! Cristo sabe bem &#8220;o que \u00e9 que est\u00e1 dentro do homem&#8221;. Somente Ele o sabe!\u201d<\/i><\/p>\n<p style=\"text-align: justify;\">Naquele mesmo dia, Jo\u00e3o Paulo II tamb\u00e9m elevou &#8220;uma ora\u00e7\u00e3o fervorosa, humilde e confiante&#8221;: &#8220;\u00d3 Cristo! Faz com que eu possa me tornar e ser o servidor do teu \u00fanico poder! Servidor do teu doce poder! Servidor do teu poder que n\u00e3o conhece o ocaso! Faz com que eu possa ser um servo! Antes, servo de teus servos&#8221;.<\/p>\n<h2 style=\"text-align: justify;\">Aos filhos e filhas de l\u00edngua portuguesa<\/h2>\n<p style=\"text-align: justify;\">Aos fi\u00e9is de l\u00edngua portuguesa disse:<\/p>\n<p style=\"text-align: justify;\"><i>\u201cIrm\u00e3os e Filhos de l\u00edngua portuguesa (em portugu\u00eas): Como &#8220;servo dos servos de Deus&#8221;, eu vos sa\u00fado afetuosamente no Senhor. Aben\u00e7oando-vos, confio na caridade da vossa ora\u00e7\u00e3o e na vossa fidelidade, para viverdes sempre a mensagem deste dia e deste rito: Tu \u00e9s o Cristo, o Filho de Deus vivo!\u201d<\/i><\/p>\n<h2 style=\"text-align: justify;\">Que as palavras de S\u00e3o Jo\u00e3o Paulo II continuam a inspirar<\/h2>\n<p style=\"text-align: justify;\">Comentando as palavras pronunciadas por S\u00e3o Jo\u00e3o Paulo II em 1978, o Papa Francisco assim se dirigiu aos fi\u00e9is poloneses presentes na Audi\u00eancia Geral de 17 de outubro de 2019.<\/p>\n<div style=\"text-align: justify;\">\n<div class=\"article__embed article__embed--unwrap article__embed--dark\">\n<div class=\"embed-container\"><iframe id=\"717412214\" src=\"https:\/\/www.youtube.com\/embed\/e6ZUc6-Jx_s?wmode=opaque&amp;rel=0&amp;autohide=1&amp;showinfo=0&amp;wmode=transparent&amp;modestbranding=1&amp;enablejsapi=1&amp;origin=https:\/\/www.vaticannews.va&amp;start=&amp;end=\" allowfullscreen=\"allowfullscreen\" data-gtm-yt-inspected-7781034_9=\"true\" data-mce-fragment=\"1\"><\/iframe><\/div>\n<div class=\"article__innerTitle\">O Papa Francisco recorda os 41 anos da elei\u00e7\u00e3o de Wojtyla<\/div>\n<\/div>\n<\/div>\n<h2 style=\"text-align: justify;\">Sinal indel\u00e9vel<\/h2>\n<p style=\"text-align: justify;\">\u00a0Por ocasi\u00e3o de uma Conven\u00e7\u00e3o realizada em 13 de outubro de 2018, o Papa Francisco enfatizou que S\u00e3o Jo\u00e3o Paulo II &#8220;deixou um sinal indel\u00e9vel na Igreja e na sociedade&#8221;. &#8220;Que a redescoberta do testemunho de fidelidade a Deus e de amor ao homem deste meu vener\u00e1vel antecessor \u2013 l\u00ea-se na carta\u00a0 &#8211; encoraje todos, especialmente os jovens, a escancararem as portas a Cristo para um compromisso generoso em favor da paz, da fraternidade e da solidariedade &#8220;.<\/p>\n<h2 style=\"text-align: justify;\">Terceiro Pontificado mais longo da hist\u00f3ria<\/h2>\n<p style=\"text-align: justify;\">Jo\u00e3o Paulo II faleceu em Roma, no Pal\u00e1cio Apost\u00f3lico do Vaticano,\u00a0 no s\u00e1bado, 2 de abril de 2005, \u00e0s 21h37, na v\u00e9spera do Domingo da Divina Miseric\u00f3rdia, por ele institu\u00eddo. Seu pontificado foi o terceiro mais longo da hist\u00f3ria, depois do de Pedro e de Pio IX. O funeral solene na Pra\u00e7a S\u00e3o Pedro foi celebrado no dia 8 de abril. Beatificado em 2011 por seu sucessor imediato, Bento XVI, foi canonizado em 27 de abril de 2014 pelo Papa Francisco.<\/p>\n<\/div>\n","protected":false},"excerpt":{"rendered":"<p>&#8220;Recordemos a sua f\u00e9: que seja de exemplo para viver o nosso testemunho hoje\u201d, afirma o Papa Francisco no dia da memoria lit\u00fargica de S\u00e3o Jo\u00e3o Paulo II. Vatican News Ou\u00e7a e compartilhe Nesta quinta-feira, 22 de outubro, a Igreja recorda S\u00e3o Jo\u00e3o Paulo II. Para a ocasi\u00e3o, o Papa Francisco postou 2 tu\u00edtes nas [&hellip;]<\/p>\n","protected":false},"author":1,"featured_media":63673,"comment_status":"open","ping_status":"closed","sticky":false,"template":"","format":"standard","meta":{"footnotes":""},"categories":[3],"tags":[],"class_list":["post-63672","post","type-post","status-publish","format-standard","has-post-thumbnail","hentry","category-vaticano"],"_links":{"self":[{"href":"https:\/\/catolicanet.net\/wp-cnet\/wp-json\/wp\/v2\/posts\/63672","targetHints":{"allow":["GET"]}}],"collection":[{"href":"https:\/\/catolicanet.net\/wp-cnet\/wp-json\/wp\/v2\/posts"}],"about":[{"href":"https:\/\/catolicanet.net\/wp-cnet\/wp-json\/wp\/v2\/types\/post"}],"author":[{"embeddable":true,"href":"https:\/\/catolicanet.net\/wp-cnet\/wp-json\/wp\/v2\/users\/1"}],"replies":[{"embeddable":true,"href":"https:\/\/catolicanet.net\/wp-cnet\/wp-json\/wp\/v2\/comments?post=63672"}],"version-history":[{"count":1,"href":"https:\/\/catolicanet.net\/wp-cnet\/wp-json\/wp\/v2\/posts\/63672\/revisions"}],"predecessor-version":[{"id":63674,"href":"https:\/\/catolicanet.net\/wp-cnet\/wp-json\/wp\/v2\/posts\/63672\/revisions\/63674"}],"wp:featuredmedia":[{"embeddable":true,"href":"https:\/\/catolicanet.net\/wp-cnet\/wp-json\/wp\/v2\/media\/63673"}],"wp:attachment":[{"href":"https:\/\/catolicanet.net\/wp-cnet\/wp-json\/wp\/v2\/media?parent=63672"}],"wp:term":[{"taxonomy":"category","embeddable":true,"href":"https:\/\/catolicanet.net\/wp-cnet\/wp-json\/wp\/v2\/categories?post=63672"},{"taxonomy":"post_tag","embeddable":true,"href":"https:\/\/catolicanet.net\/wp-cnet\/wp-json\/wp\/v2\/tags?post=63672"}],"curies":[{"name":"wp","href":"https:\/\/api.w.org\/{rel}","templated":true}]}}