{"id":63662,"date":"2020-10-22T09:10:43","date_gmt":"2020-10-22T12:10:43","guid":{"rendered":"https:\/\/catolicanet.net\/wp-cnet\/?p=63662"},"modified":"2020-10-22T13:11:46","modified_gmt":"2020-10-22T16:11:46","slug":"santa-se-china-continuar-o-dialogo-aberto-e-construtivo","status":"publish","type":"post","link":"https:\/\/catolicanet.net\/wp-cnet\/santa-se-china-continuar-o-dialogo-aberto-e-construtivo\/","title":{"rendered":"Santa S\u00e9 \u2013 China: \u201ccontinuar o di\u00e1logo aberto e construtivo\u201d"},"content":{"rendered":"<figure class=\"article__image\" style=\"text-align: justify;\"><span class=\"didascalia_img\">Cat\u00f3licos na China\u00a0<\/span><\/figure>\n<div class=\"article__meta\">\n<div class=\"article__subTitle\" style=\"text-align: justify;\">A Sala de Imprensa da Santa S\u00e9 comunicou que o Acordo Provis\u00f3rio entre a Santa S\u00e9 e a Rep\u00fablica Popular da China sobre a nomea\u00e7\u00e3o dos Bispos foi prorrogado por mais dois anos<\/div>\n<div class=\"title__separator\" style=\"text-align: justify;\"><\/div>\n<div class=\"article__text \">\n<p style=\"text-align: justify;\">Vatican News<\/p>\n<p style=\"text-align: justify;\">Na manh\u00e3 desta quinta-feira (22\/10), a Sala de Imprensa da Santa S\u00e9, publicou um comunicado sobre a prorroga\u00e7\u00e3o do Acordo Provis\u00f3rio entre a Santa S\u00e9 e a Rep\u00fablica Popular da China, que estava em vigor desde 22 de setembro de 2018.<\/p>\n<p style=\"text-align: justify;\">\u201cAo expirar a vig\u00eancia do Acordo Provis\u00f3rio entre a Santa S\u00e9 e a Rep\u00fablica Popular da China sobre a nomea\u00e7\u00e3o dos Bispos \u2013 comunica a nota &#8211; assinado em Pequim em 22 de setembro de 2018 e que entrou em vigor um m\u00eas depois, as duas Partes concordaram em prorrogar a fase experimental de implementa\u00e7\u00e3o do Acordo Provis\u00f3rio por mais dois anos\u201d.<\/p>\n<p style=\"text-align: justify;\">Em seguida explica-se as raz\u00f5es pelas quais a prorroga\u00e7\u00e3o foi efetivada: \u201cA Santa S\u00e9, acreditando que o in\u00edcio da aplica\u00e7\u00e3o do Acordo acima mencionado &#8211; de valor eclesial e pastoral fundamental &#8211; foi positivo, gra\u00e7as \u00e0 boa comunica\u00e7\u00e3o e colabora\u00e7\u00e3o entre as Partes no assunto acordado, est\u00e1 empenhada em continuar o di\u00e1logo aberto e construtivo para promover a vida da Igreja Cat\u00f3lica e o bem do povo chin\u00eas\u201d.<\/p>\n<\/div>\n<\/div>\n","protected":false},"excerpt":{"rendered":"<p>Cat\u00f3licos na China\u00a0 A Sala de Imprensa da Santa S\u00e9 comunicou que o Acordo Provis\u00f3rio entre a Santa S\u00e9 e a Rep\u00fablica Popular da China sobre a nomea\u00e7\u00e3o dos Bispos foi prorrogado por mais dois anos Vatican News Na manh\u00e3 desta quinta-feira (22\/10), a Sala de Imprensa da Santa S\u00e9, publicou um comunicado sobre a [&hellip;]<\/p>\n","protected":false},"author":1,"featured_media":63663,"comment_status":"open","ping_status":"closed","sticky":false,"template":"","format":"standard","meta":{"footnotes":""},"categories":[3],"tags":[],"class_list":["post-63662","post","type-post","status-publish","format-standard","has-post-thumbnail","hentry","category-vaticano"],"_links":{"self":[{"href":"https:\/\/catolicanet.net\/wp-cnet\/wp-json\/wp\/v2\/posts\/63662","targetHints":{"allow":["GET"]}}],"collection":[{"href":"https:\/\/catolicanet.net\/wp-cnet\/wp-json\/wp\/v2\/posts"}],"about":[{"href":"https:\/\/catolicanet.net\/wp-cnet\/wp-json\/wp\/v2\/types\/post"}],"author":[{"embeddable":true,"href":"https:\/\/catolicanet.net\/wp-cnet\/wp-json\/wp\/v2\/users\/1"}],"replies":[{"embeddable":true,"href":"https:\/\/catolicanet.net\/wp-cnet\/wp-json\/wp\/v2\/comments?post=63662"}],"version-history":[{"count":1,"href":"https:\/\/catolicanet.net\/wp-cnet\/wp-json\/wp\/v2\/posts\/63662\/revisions"}],"predecessor-version":[{"id":63664,"href":"https:\/\/catolicanet.net\/wp-cnet\/wp-json\/wp\/v2\/posts\/63662\/revisions\/63664"}],"wp:featuredmedia":[{"embeddable":true,"href":"https:\/\/catolicanet.net\/wp-cnet\/wp-json\/wp\/v2\/media\/63663"}],"wp:attachment":[{"href":"https:\/\/catolicanet.net\/wp-cnet\/wp-json\/wp\/v2\/media?parent=63662"}],"wp:term":[{"taxonomy":"category","embeddable":true,"href":"https:\/\/catolicanet.net\/wp-cnet\/wp-json\/wp\/v2\/categories?post=63662"},{"taxonomy":"post_tag","embeddable":true,"href":"https:\/\/catolicanet.net\/wp-cnet\/wp-json\/wp\/v2\/tags?post=63662"}],"curies":[{"name":"wp","href":"https:\/\/api.w.org\/{rel}","templated":true}]}}