{"id":63614,"date":"2020-10-21T09:52:22","date_gmt":"2020-10-21T12:52:22","guid":{"rendered":"https:\/\/catolicanet.net\/wp-cnet\/?p=63614"},"modified":"2020-10-21T13:54:56","modified_gmt":"2020-10-21T16:54:56","slug":"reze-pelo-brasil-com-o-terco-da-esperanca-e-da-solidariedade-nesta-quarta-feira-as-15h30-3","status":"publish","type":"post","link":"https:\/\/catolicanet.net\/wp-cnet\/reze-pelo-brasil-com-o-terco-da-esperanca-e-da-solidariedade-nesta-quarta-feira-as-15h30-3\/","title":{"rendered":"REZE PELO BRASIL COM O TER\u00c7O DA ESPERAN\u00c7A E DA SOLIDARIEDADE NESTA QUARTA-FEIRA, \u00c0S 15H30"},"content":{"rendered":"<p style=\"text-align: justify;\">Nesta quarta-feira, 21 de outubro, \u00e0s 15h30, reze com a Igreja no Brasil o Ter\u00e7o da Esperan\u00e7a e da Solidariedade em prol do m\u00eas mission\u00e1rio. Esta edi\u00e7\u00e3o do ter\u00e7o ser\u00e1 conduzida pela volunt\u00e1ria do Instituto das Mission\u00e1rias da Imaculada Padre Kolbe, Ramona Ayala juntamente as mission\u00e1rias do instituto, Josimara dos Santos, Josenilda de Oliveira e Marisa Banegas e a volunt\u00e1ria L\u00eddia Ferreira.<\/p>\n<p style=\"text-align: justify;\">O Ter\u00e7o foi produzido e gravado nos est\u00fadios da TV Imaculada da arquidiocese de Campo Grande (MS) e ser\u00e1\u00a0transmitido, \u00e0s 15h30, pelas emissoras de TV e r\u00e1dio de inspira\u00e7\u00e3o cat\u00f3lica do pa\u00eds e retransmitido simultaneamente pelas redes sociais da CNBB, Facebook, YouTube e Twitter.<\/p>\n<p style=\"text-align: justify;\">O Ter\u00e7o da Esperan\u00e7a e da Solidariedade \u00e9 uma iniciativa da CNBB que vem sendo transmitida, semanalmente, pelas emissoras de TV e r\u00e1dio de inspira\u00e7\u00e3o cat\u00f3lica desde o m\u00eas de mar\u00e7o com a inten\u00e7\u00e3o de integrar toda a Igreja no Brasil na ora\u00e7\u00e3o pela inten\u00e7\u00e3o de todos os infectados e falecidos em raz\u00e3o da pandemia do novo Coronav\u00edrus.<\/p>\n<p style=\"text-align: justify;\"><strong>\u00a0Acompanhe:<\/strong><\/p>\n<p style=\"text-align: justify;\"><a href=\"https:\/\/web.facebook.com\/cnbbnacional\/posts\/3318948658141743\">\u00a0www.facebook.com\/cnbbnacional<\/a><\/p>\n<div id=\"fb-root\" class=\" fb_reset\">\n<div>\n<div><\/div>\n<\/div>\n<\/div>\n<p>&nbsp;<\/p>\n<div class=\"fb-post fb_iframe_widget\" data-href=\"https:\/\/www.facebook.com\/cnbbnacional\/posts\/3318948658141743\" data-width=\"640\"><iframe loading=\"lazy\" class=\"\" title=\"fb:post Facebook Social Plugin\" src=\"https:\/\/www.facebook.com\/v8.0\/plugins\/post.php?app_id=&amp;channel=https%3A%2F%2Fstaticxx.facebook.com%2Fx%2Fconnect%2Fxd_arbiter%2F%3Fversion%3D46%23cb%3Dff63aa458f6da%26domain%3Dwww.cnbb.org.br%26origin%3Dhttps%253A%252F%252Fwww.cnbb.org.br%252Ff269788e656c9d%26relation%3Dparent.parent&amp;container_width=704&amp;href=https%3A%2F%2Fwww.facebook.com%2Fcnbbnacional%2Fposts%2F3318948658141743&amp;locale=en_US&amp;sdk=joey&amp;width=640\" name=\"f3f5967ad5aa3ec\" width=\"640px\" height=\"1000px\" frameborder=\"0\" scrolling=\"no\" allowfullscreen=\"allowfullscreen\" data-testid=\"fb:post Facebook Social Plugin\" data-mce-fragment=\"1\"><\/iframe><\/div>\n<p><a href=\"http:\/\/www.youtube.com\/cnbbnacional\" data-rel=\"lightbox-video-0\">www.youtube.com\/cnbbnacional<\/a><\/p>\n<div class=\"ast-oembed-container\">\n<div>\n<p><iframe loading=\"lazy\" title=\"Ter\u00e7o da Esperan\u00e7a e da Solidariedade | CNBB - 21\/10\" width=\"696\" height=\"392\" src=\"https:\/\/www.youtube.com\/embed\/SmLbLD67vNM?feature=oembed\" frameborder=\"0\" allow=\"accelerometer; autoplay; clipboard-write; encrypted-media; gyroscope; picture-in-picture\" allowfullscreen><\/iframe><\/p>\n<\/div>\n<\/div>\n","protected":false},"excerpt":{"rendered":"<p>Nesta quarta-feira, 21 de outubro, \u00e0s 15h30, reze com a Igreja no Brasil o Ter\u00e7o da Esperan\u00e7a e da Solidariedade em prol do m\u00eas mission\u00e1rio. Esta edi\u00e7\u00e3o do ter\u00e7o ser\u00e1 conduzida pela volunt\u00e1ria do Instituto das Mission\u00e1rias da Imaculada Padre Kolbe, Ramona Ayala juntamente as mission\u00e1rias do instituto, Josimara dos Santos, Josenilda de Oliveira e [&hellip;]<\/p>\n","protected":false},"author":1,"featured_media":63615,"comment_status":"open","ping_status":"closed","sticky":false,"template":"","format":"standard","meta":{"footnotes":""},"categories":[3],"tags":[],"class_list":["post-63614","post","type-post","status-publish","format-standard","has-post-thumbnail","hentry","category-vaticano"],"_links":{"self":[{"href":"https:\/\/catolicanet.net\/wp-cnet\/wp-json\/wp\/v2\/posts\/63614","targetHints":{"allow":["GET"]}}],"collection":[{"href":"https:\/\/catolicanet.net\/wp-cnet\/wp-json\/wp\/v2\/posts"}],"about":[{"href":"https:\/\/catolicanet.net\/wp-cnet\/wp-json\/wp\/v2\/types\/post"}],"author":[{"embeddable":true,"href":"https:\/\/catolicanet.net\/wp-cnet\/wp-json\/wp\/v2\/users\/1"}],"replies":[{"embeddable":true,"href":"https:\/\/catolicanet.net\/wp-cnet\/wp-json\/wp\/v2\/comments?post=63614"}],"version-history":[{"count":1,"href":"https:\/\/catolicanet.net\/wp-cnet\/wp-json\/wp\/v2\/posts\/63614\/revisions"}],"predecessor-version":[{"id":63616,"href":"https:\/\/catolicanet.net\/wp-cnet\/wp-json\/wp\/v2\/posts\/63614\/revisions\/63616"}],"wp:featuredmedia":[{"embeddable":true,"href":"https:\/\/catolicanet.net\/wp-cnet\/wp-json\/wp\/v2\/media\/63615"}],"wp:attachment":[{"href":"https:\/\/catolicanet.net\/wp-cnet\/wp-json\/wp\/v2\/media?parent=63614"}],"wp:term":[{"taxonomy":"category","embeddable":true,"href":"https:\/\/catolicanet.net\/wp-cnet\/wp-json\/wp\/v2\/categories?post=63614"},{"taxonomy":"post_tag","embeddable":true,"href":"https:\/\/catolicanet.net\/wp-cnet\/wp-json\/wp\/v2\/tags?post=63614"}],"curies":[{"name":"wp","href":"https:\/\/api.w.org\/{rel}","templated":true}]}}