{"id":63608,"date":"2020-10-21T09:48:32","date_gmt":"2020-10-21T12:48:32","guid":{"rendered":"https:\/\/catolicanet.net\/wp-cnet\/?p=63608"},"modified":"2020-10-21T13:50:07","modified_gmt":"2020-10-21T16:50:07","slug":"eleicoes-2020-a-luz-da-fratelli-tutti-presidente-da-cnbb-fala-sobre-a-politica-melhor","status":"publish","type":"post","link":"https:\/\/catolicanet.net\/wp-cnet\/eleicoes-2020-a-luz-da-fratelli-tutti-presidente-da-cnbb-fala-sobre-a-politica-melhor\/","title":{"rendered":"ELEI\u00c7\u00d5ES 2020: \u00c0 LUZ DA FRATELLI TUTTI, PRESIDENTE DA CNBB FALA SOBRE A \u201cPOL\u00cdTICA MELHOR\u201d"},"content":{"rendered":"<p style=\"text-align: justify;\">Contrapontos podem guardar a for\u00e7a capaz de reconfigurar interpreta\u00e7\u00f5es e, consequentemente, redefinir rumos, na vida pessoal ou na sociedade. Oportuno \u00e9, pois, de acordo com o arcebispo de Belo Horizonte e presidente da Confer\u00eancia Nacional dos Bispos do Brasil (CNBB), dom Walmor Oliveira de Azevedo, se dedicar ao contraponto que o Papa Francisco estabelece entre a \u201cpol\u00edtica melhor\u201d e a desacreditada pol\u00edtica, no quinto cap\u00edtulo de sua recente Carta Enc\u00edclica Fratelli Tutti, sobre a fraternidade e a amizade social.<\/p>\n<p style=\"text-align: justify;\">Dom Walmor afirmou em seu artigo intitulado\u00a0<strong>\u201cA Pol\u00edtica Melhor\u201d<\/strong>\u00a0que h\u00e1 um crescente descr\u00e9dito em rela\u00e7\u00e3o \u00e0 pol\u00edtica, particularmente a partid\u00e1ria, conforme se percebe no Brasil. Essa aus\u00eancia de credibilidade, de acordo com ele, \u00e9 um fen\u00f4meno que se consolidou ao longo da hist\u00f3ria, enraizando-se no imagin\u00e1rio dos cidad\u00e3os, impondo preju\u00edzos \u00e0 sociedade.<\/p>\n<p style=\"text-align: justify;\">\u201cUma das consequ\u00eancias graves desse descr\u00e9dito com a pol\u00edtica \u00e9 a permissividade na l\u00f3gica da economia. Cada vez menos considerada pelos cidad\u00e3os, a pol\u00edtica fica \u00e0 merc\u00ea do desgoverno excludente do dinheiro, que se torna o mandat\u00e1rio maior. \u00c9 preciso, pois, revigorar o exerc\u00edcio da cidadania, compreendendo que a \u201cpol\u00edtica melhor\u201d \u00e9 a que est\u00e1 a servi\u00e7o do bem comum. Esse entendimento proposto pelo Papa Francisco exige reconhecer a incontest\u00e1vel import\u00e2ncia da pol\u00edtica\u201d, salientou dom Walmor.<\/p>\n<p style=\"text-align: justify;\">Sabe-se, neste ano de elei\u00e7\u00f5es municipais, sobre a import\u00e2ncia de se acertar nas escolhas. Segundo dom Walmor h\u00e1 um quadro abundante de candidatos. \u201cIsso exige maior aten\u00e7\u00e3o dos eleitores para identificar aqueles que s\u00e3o capazes de ir al\u00e9m das promessas e efetivamente trabalhar pelo bem comum\u201d, garante. O desafio, de acordo com o arcebispo, \u00e9 saber quem tem qualifica\u00e7\u00e3o human\u00edstica e compet\u00eancia para liderar em uma realidade desafiadora. \u201cApesar de existir ampla lista de nomes a serem submetidos ao voto nas elei\u00e7\u00f5es, s\u00e3o raros os que re\u00fanem essas necess\u00e1rias qualidades. Ao inv\u00e9s disso, observa-se o desprezo sobre a situa\u00e7\u00e3o dos mais pobres, camuflado sob o formato populista ou liberal para, demagogicamente, instrumentalizar os mais vulner\u00e1veis e alcan\u00e7ar interesses ego\u00edstas\u201d, aponta.<\/p>\n<p style=\"text-align: justify;\">Dom Walmor diz ser verdade a exist\u00eancia de l\u00edderes populares capazes de interpretar os anseios de um povo, a sua din\u00e2mica cultural e as grandes tend\u00eancias de uma sociedade, conforme reflete a Carta Enc\u00edclica Fratelli Tutti.<\/p>\n<p style=\"text-align: justify;\">Para dom Walmor \u00e9 incalcul\u00e1vel o tamanho do desafio ante a urg\u00eancia de operar mudan\u00e7a no cora\u00e7\u00e3o humano para reconfigurar h\u00e1bitos e estilos de vida. \u201cModos de pensar estreitos e percep\u00e7\u00f5es limitadas a respeito do mundo inviabilizam avan\u00e7os sociais, promovem o fen\u00f4meno da superficializa\u00e7\u00e3o da pol\u00edtica, trazendo preju\u00edzos para o exerc\u00edcio da cidadania\u201d, diz. Entre essas fragilidades humanas, o arcebispo garante que a Carta Enc\u00edclica sublinha a tend\u00eancia constante para o ego\u00edsmo, que faz parte daquilo que a tradi\u00e7\u00e3o crist\u00e3 chama \u201cconcupisc\u00eancia\u201d \u2013 a inclina\u00e7\u00e3o do ser humano a fechar-se na iman\u00eancia do pr\u00f3prio eu, do seu grupo, dos seus interesses mesquinhos. \u201c\u00c9 hora de fazer nascer contrapontos \u00e0 pol\u00edtica desacreditada, enraizada nas limita\u00e7\u00f5es humanas, a partir de vigorosa tarefa educativa. Essa tarefa seja capaz de inspirar h\u00e1bitos solid\u00e1rios, a considera\u00e7\u00e3o da vida de modo integral, com rela\u00e7\u00f5es mais humanizadas\u201d, afirmou.<\/p>\n<p style=\"text-align: justify;\">Nesse caminho, ainda conforme dom Walmor, a pr\u00f3pria sociedade reagir\u00e1 \u00e0s suas injusti\u00e7as, \u00e0s aberra\u00e7\u00f5es, aos abusos dos poderes econ\u00f4micos, tecnol\u00f3gicos, pol\u00edticos e midi\u00e1ticos. \u201cTorna-se, pois, urgente dedicar-se ao que \u00e9 necess\u00e1rio para fazer prevalecer a \u2018pol\u00edtica melhor\u2019. E a partir de novos sentidos, com narrativas edificantes, estabelecer din\u00e2micas capazes de banir, definitivamente, obscurantismos e todas as pr\u00e1ticas que inviabilizam a preserva\u00e7\u00e3o da vida, da Casa Comum\u201d, finalizou.<\/p>\n<p style=\"text-align: justify;\">Leia o artigo do bispo na \u00edntegra:<\/p>\n<div class=\"iframely-embed\">\n<div class=\"iframely-responsive\"><iframe src=\"https:\/\/cdn.iframe.ly\/kvzNMEJ?maxheight=1000&amp;v=1&amp;app=1\" allowfullscreen=\"allowfullscreen\" data-mce-fragment=\"1\"><\/iframe><\/div>\n<\/div>\n<p>&nbsp;<\/p>\n<p>&nbsp;<\/p>\n","protected":false},"excerpt":{"rendered":"<p>Contrapontos podem guardar a for\u00e7a capaz de reconfigurar interpreta\u00e7\u00f5es e, consequentemente, redefinir rumos, na vida pessoal ou na sociedade. Oportuno \u00e9, pois, de acordo com o arcebispo de Belo Horizonte e presidente da Confer\u00eancia Nacional dos Bispos do Brasil (CNBB), dom Walmor Oliveira de Azevedo, se dedicar ao contraponto que o Papa Francisco estabelece entre [&hellip;]<\/p>\n","protected":false},"author":1,"featured_media":63609,"comment_status":"open","ping_status":"closed","sticky":false,"template":"","format":"standard","meta":{"footnotes":""},"categories":[3],"tags":[],"class_list":["post-63608","post","type-post","status-publish","format-standard","has-post-thumbnail","hentry","category-vaticano"],"_links":{"self":[{"href":"https:\/\/catolicanet.net\/wp-cnet\/wp-json\/wp\/v2\/posts\/63608","targetHints":{"allow":["GET"]}}],"collection":[{"href":"https:\/\/catolicanet.net\/wp-cnet\/wp-json\/wp\/v2\/posts"}],"about":[{"href":"https:\/\/catolicanet.net\/wp-cnet\/wp-json\/wp\/v2\/types\/post"}],"author":[{"embeddable":true,"href":"https:\/\/catolicanet.net\/wp-cnet\/wp-json\/wp\/v2\/users\/1"}],"replies":[{"embeddable":true,"href":"https:\/\/catolicanet.net\/wp-cnet\/wp-json\/wp\/v2\/comments?post=63608"}],"version-history":[{"count":1,"href":"https:\/\/catolicanet.net\/wp-cnet\/wp-json\/wp\/v2\/posts\/63608\/revisions"}],"predecessor-version":[{"id":63610,"href":"https:\/\/catolicanet.net\/wp-cnet\/wp-json\/wp\/v2\/posts\/63608\/revisions\/63610"}],"wp:featuredmedia":[{"embeddable":true,"href":"https:\/\/catolicanet.net\/wp-cnet\/wp-json\/wp\/v2\/media\/63609"}],"wp:attachment":[{"href":"https:\/\/catolicanet.net\/wp-cnet\/wp-json\/wp\/v2\/media?parent=63608"}],"wp:term":[{"taxonomy":"category","embeddable":true,"href":"https:\/\/catolicanet.net\/wp-cnet\/wp-json\/wp\/v2\/categories?post=63608"},{"taxonomy":"post_tag","embeddable":true,"href":"https:\/\/catolicanet.net\/wp-cnet\/wp-json\/wp\/v2\/tags?post=63608"}],"curies":[{"name":"wp","href":"https:\/\/api.w.org\/{rel}","templated":true}]}}