{"id":63602,"date":"2020-10-21T09:44:51","date_gmt":"2020-10-21T12:44:51","guid":{"rendered":"https:\/\/catolicanet.net\/wp-cnet\/?p=63602"},"modified":"2020-10-21T13:45:56","modified_gmt":"2020-10-21T16:45:56","slug":"papa-nomeia-dom-moacir-arantes-como-bispo-para-a-vacante-diocese-de-barreiras-ba","status":"publish","type":"post","link":"https:\/\/catolicanet.net\/wp-cnet\/papa-nomeia-dom-moacir-arantes-como-bispo-para-a-vacante-diocese-de-barreiras-ba\/","title":{"rendered":"PAPA NOMEIA DOM MOACIR ARANTES COMO BISPO PARA A VACANTE DIOCESE DE BARREIRAS (BA)"},"content":{"rendered":"<p style=\"text-align: justify;\">O papa Francisco nomeou nesta quarta-feira, 21 de outubro, dom Moacir Silva Arantes, 51 anos, atual bispo auxiliar na arquidiocese de Goi\u00e2nia (GO), como o terceiro bispo da diocese de Barreiras (BA). A diocese estava vacante desde a nomea\u00e7\u00e3o de dom Josaf\u00e1 Menezes da Silva como arcebispo de Vit\u00f3ria da Conquista (BA), em 9 outubro de 2019.<\/p>\n<h3 style=\"text-align: justify;\">Trajet\u00f3ria eclesial<\/h3>\n<p style=\"text-align: justify;\">\n<p style=\"text-align: justify;\">Mineiro de Itapecerica, dom Moacir nasceu em 3 de junho de 1969, filho de Bento Alves Arantes e Irene Pinto de Ara\u00fajo, dom Moacir Silva Arantes, sendo o 13\u00ba de 15 irm\u00e3os. Formou-se em filosofia e teologia em Belo Horizonte (MG) e foi ordenado padre em 14 de agosto de 1999.<\/p>\n<p style=\"text-align: justify;\">J\u00e1 foi p\u00e1roco e administrador paroquial em seis munic\u00edpios da diocese de Divin\u00f3polis (MG), bem como reitor dos semin\u00e1rios diocesanos, membro do conselho presbiteral e coordenador da Pastoral das Voca\u00e7\u00f5es e minist\u00e9rios da diocese.<\/p>\n<p style=\"text-align: justify;\">No Regional Leste 2 (Esp\u00edrito Santo e Minas Gerais) foi assessor eclesi\u00e1stico da Pastoral Familiar e por \u00faltimo assessor nacional da Comiss\u00e3o Episcopal Pastoral para a Vida e a Fam\u00edlia, da Confer\u00eancia Nacional dos Bispos do Brasil (CNBB).<\/p>\n<p style=\"text-align: justify;\">Dom Moacir foi nomeado bispo auxiliar de Goi\u00e2nia pelo papa Francisco, no dia 11 de maio de 2016, e ordenado na igreja matriz de S\u00e3o Bento, em sua terra natal, Itapecerica (MG), no dia 13 de agosto do mesmo ano, sob a imposi\u00e7\u00e3o das m\u00e3os do bispo em\u00e9rito de Divin\u00f3polis (MG), dom Jos\u00e9 Belvino do Nascimento, e dos bispos co-ordenantes, dom Jos\u00e9 Carlos de Souza Campos (diocesano de Divin\u00f3polis) e dom Washington Cruz, arcebispo de Goi\u00e2nia.<\/p>\n<p style=\"text-align: justify;\">Tomou posse no dia 26 de agosto de 2016, na catedral Nossa Senhora Auxiliadora, em Goi\u00e2nia. Seu lema episcopal \u00e9\u00a0<em>In Simplicitate Cordis<\/em>\u00a0(Com simplicidade de cora\u00e7\u00e3o). O bispo integra a atual presid\u00eancia do Regional Centro-Oeste da CNBB, com mandato at\u00e9 2023, onde exerce a fun\u00e7\u00e3o de secret\u00e1rio.<\/p>\n<blockquote>\n<h3>Sauda\u00e7\u00e3o a Dom Moacir Silva Arantes<\/h3>\n<p>&nbsp;<\/p><\/blockquote>\n<p style=\"text-align: justify;\">Bras\u00edlia-DF, 21 de outubro de 2020<\/p>\n<p style=\"text-align: justify;\">Estimado irm\u00e3o, Dom Moacir Arantes,<\/p>\n<p style=\"text-align: justify;\">A Confer\u00eancia Nacional dos Bispos do Brasil (CNBB) recebeu com alegria a not\u00edcia de sua nomea\u00e7\u00e3o como bispo de Barreiras (BA), nesta quarta-feira, 21 de outubro de 2020.<\/p>\n<p style=\"text-align: justify;\">Desejosos de que tenha exitoso pastoreio \u00e0 frente desta Igreja Particular, destacamos as palavras do Santo Padre ap\u00f3s a ora\u00e7\u00e3o do \u00c2ngelus no domingo 18 de outubro, ao recordar Dia Mundial das Miss\u00f5es 2020, para nos fortalecer nesta exigente miss\u00e3o de tecer a fraternidade na terra: \u201c\u201cEis-me aqui, envia-me! Tecel\u00f5es de fraternidade. Essa \u00e9 uma palavra bonita \u201ctecel\u00f5es\u201d. Cada crist\u00e3o \u00e9 chamado a ser um tecel\u00e3o de fraternidade. De maneira especial, assim s\u00e3o os mission\u00e1rios e mission\u00e1rias \u2013 sacerdotes, leigos, homens e mulheres consagrados \u2013 que semeiam o Evangelho no grande campo do mundo. Rezemos por eles e ofere\u00e7amos-lhe o nosso apoio concreto\u201d.<\/p>\n<p style=\"text-align: justify;\">Agradecemos a sua dedica\u00e7\u00e3o \u00e0 esta Confer\u00eancia, especialmente pela contribui\u00e7\u00e3o na Comiss\u00e3o Episcopal Pastoral para a Vida e a Fam\u00edlia, por seu trabalho como bispo auxiliar da arquidiocese de Goi\u00e2nia (GO), e pelo seu servi\u00e7o \u00e0 caminhada da Igreja no regional Centro-Oeste da CNBB, onde tem contribu\u00eddo, como secret\u00e1rio, na atual presid\u00eancia cujo mandato vai at\u00e9 2023.<\/p>\n<p style=\"text-align: justify;\">Com nossas preces,<\/p>\n<p style=\"text-align: justify;\"><strong>Dom Walmor Oliveira de Azevedo<\/strong><br \/>\nArcebispo de Belo Horizonte (MG)<br \/>\n<em>Presidente da CNBB<\/em><\/p>\n<p style=\"text-align: justify;\"><strong>Dom Jaime Spengler<\/strong><br \/>\nArcebispo de Porto Alegre (RS)<br \/>\n<em>Primeiro Vice-Presidente da CNBB<\/em><\/p>\n<p style=\"text-align: justify;\"><strong>Dom M\u00e1rio Ant\u00f4nio da Silva<\/strong><br \/>\nBispo de Roraima (RR)<br \/>\n<em>Segundo Vice-Presidente da CNBB<\/em><\/p>\n<p style=\"text-align: justify;\"><strong>Dom Joel Portella Amado<\/strong><br \/>\nBispo auxiliar da arquidiocese de S\u00e3o Sebasti\u00e3o do Rio de Janeiro (RJ)<br \/>\n<em>Secret\u00e1rio-geral da CNBB<\/em><\/p>\n","protected":false},"excerpt":{"rendered":"<p>O papa Francisco nomeou nesta quarta-feira, 21 de outubro, dom Moacir Silva Arantes, 51 anos, atual bispo auxiliar na arquidiocese de Goi\u00e2nia (GO), como o terceiro bispo da diocese de Barreiras (BA). A diocese estava vacante desde a nomea\u00e7\u00e3o de dom Josaf\u00e1 Menezes da Silva como arcebispo de Vit\u00f3ria da Conquista (BA), em 9 outubro [&hellip;]<\/p>\n","protected":false},"author":1,"featured_media":63603,"comment_status":"open","ping_status":"closed","sticky":false,"template":"","format":"standard","meta":{"footnotes":""},"categories":[3],"tags":[],"class_list":["post-63602","post","type-post","status-publish","format-standard","has-post-thumbnail","hentry","category-vaticano"],"_links":{"self":[{"href":"https:\/\/catolicanet.net\/wp-cnet\/wp-json\/wp\/v2\/posts\/63602","targetHints":{"allow":["GET"]}}],"collection":[{"href":"https:\/\/catolicanet.net\/wp-cnet\/wp-json\/wp\/v2\/posts"}],"about":[{"href":"https:\/\/catolicanet.net\/wp-cnet\/wp-json\/wp\/v2\/types\/post"}],"author":[{"embeddable":true,"href":"https:\/\/catolicanet.net\/wp-cnet\/wp-json\/wp\/v2\/users\/1"}],"replies":[{"embeddable":true,"href":"https:\/\/catolicanet.net\/wp-cnet\/wp-json\/wp\/v2\/comments?post=63602"}],"version-history":[{"count":1,"href":"https:\/\/catolicanet.net\/wp-cnet\/wp-json\/wp\/v2\/posts\/63602\/revisions"}],"predecessor-version":[{"id":63604,"href":"https:\/\/catolicanet.net\/wp-cnet\/wp-json\/wp\/v2\/posts\/63602\/revisions\/63604"}],"wp:featuredmedia":[{"embeddable":true,"href":"https:\/\/catolicanet.net\/wp-cnet\/wp-json\/wp\/v2\/media\/63603"}],"wp:attachment":[{"href":"https:\/\/catolicanet.net\/wp-cnet\/wp-json\/wp\/v2\/media?parent=63602"}],"wp:term":[{"taxonomy":"category","embeddable":true,"href":"https:\/\/catolicanet.net\/wp-cnet\/wp-json\/wp\/v2\/categories?post=63602"},{"taxonomy":"post_tag","embeddable":true,"href":"https:\/\/catolicanet.net\/wp-cnet\/wp-json\/wp\/v2\/tags?post=63602"}],"curies":[{"name":"wp","href":"https:\/\/api.w.org\/{rel}","templated":true}]}}