{"id":63577,"date":"2020-10-21T09:13:10","date_gmt":"2020-10-21T12:13:10","guid":{"rendered":"https:\/\/catolicanet.net\/wp-cnet\/?p=63577"},"modified":"2020-10-21T13:26:12","modified_gmt":"2020-10-21T16:26:12","slug":"o-papa-na-audiencia-geral-a-oracao-e-a-salvacao-do-ser-humano","status":"publish","type":"post","link":"https:\/\/catolicanet.net\/wp-cnet\/o-papa-na-audiencia-geral-a-oracao-e-a-salvacao-do-ser-humano\/","title":{"rendered":"O Papa na Audi\u00eancia Geral: a ora\u00e7\u00e3o \u00e9 a salva\u00e7\u00e3o do ser humano"},"content":{"rendered":"<div class=\"article__subTitle\" style=\"text-align: justify;\">&#8220;Para aprender este modo de rezar, o Salt\u00e9rio \u00e9 uma grande escola. Vimos que os Salmos nem sempre usam palavras requintadas e am\u00e1veis, e muitas vezes t\u00eam as cicatrizes da exist\u00eancia&#8221;, disse Francisco na catequese da Audi\u00eancia Geral.<\/div>\n<div class=\"title__separator\" style=\"text-align: justify;\"><\/div>\n<div class=\"article__text \">\n<p style=\"text-align: justify;\"><b>Mariangela Jaguraba &#8211; Vatican News<\/b><\/p>\n<p><iframe loading=\"lazy\" title=\"Papa: A ternura de uma m\u00e3e \u00e9 o s\u00edmbolo da ternura de Deus\" width=\"696\" height=\"392\" src=\"https:\/\/www.youtube.com\/embed\/NeVMOpW1bbs?feature=oembed\" frameborder=\"0\" allow=\"accelerometer; autoplay; clipboard-write; encrypted-media; gyroscope; picture-in-picture\" allowfullscreen><\/iframe><\/p>\n<p style=\"text-align: justify;\">Na catequese da Audi\u00eancia Geral desta quarta-feira (21\/10), o Papa Francisco prosseguiu com a segunda parte do tema \u201cA ora\u00e7\u00e3o dos Salmos\u201d.<\/p>\n<p style=\"text-align: justify;\">Francisco iniciou, dizendo aos fi\u00e9is presentes na Sala Paulo VI, que devemos mudar a maneira de realizar a Audi\u00eancia Geral por causa do coronav\u00edrus. \u201cVoc\u00eas est\u00e3o separados, com prote\u00e7\u00e3o, usando m\u00e1scaras, e eu estou aqui um pouco distante. N\u00e3o posso fazer como antes me aproximar de voc\u00eas, pois toda vez que eu me aproximo, voc\u00eas de juntam e se perde a dist\u00e2ncia de seguran\u00e7a e tem perigo para voc\u00eas de cont\u00e1gio. Portanto, nos saudaremos de longe, mas saibam que estou pr\u00f3ximo a voc\u00eas com o cora\u00e7\u00e3o\u201d, frisou.<\/p>\n<div style=\"text-align: justify;\">\n<div class=\"article__embed article__embed--unwrap article__embed--dark\">\n<div class=\"article__innerTitle\">Ou\u00e7a e compartilhe<\/div>\n<div>\n<!--[if lt IE 9]><script>document.createElement('audio');<\/script><![endif]-->\n<audio class=\"wp-audio-shortcode\" id=\"audio-63577-1\" preload=\"none\" style=\"width: 100%;\" controls=\"controls\"><source type=\"audio\/mpeg\" src=\"https:\/\/media.vaticannews.va\/media\/audio\/s1\/2020\/10\/21\/14\/135758752_F135758752.mp3?_=1\" \/><a href=\"https:\/\/media.vaticannews.va\/media\/audio\/s1\/2020\/10\/21\/14\/135758752_F135758752.mp3\">https:\/\/media.vaticannews.va\/media\/audio\/s1\/2020\/10\/21\/14\/135758752_F135758752.mp3<\/a><\/audio>\n<\/div>\n<\/div>\n<\/div>\n<p style=\"text-align: justify;\">A seguir, o Papa agradeceu o testemunho de uma m\u00e3e que acudia e amamentava seu filho que chorava durante a Audi\u00eancia Geral: \u201cDeus faz assim conosco, como essa m\u00e3e que com ternura procurava acalmar a crian\u00e7a. S\u00e3o imagens muito bonitas! Quando uma crian\u00e7a chora na Igreja, devemos sentir que ali tem a ternura de uma m\u00e3e que \u00e9 o s\u00edmbolo da ternura de Deus conosco. Nunca calar uma crian\u00e7a que chora na Igreja, porque \u00e9 a voz que atrai a ternura de Deus. Obrigado pelo seu testemunho\u201d, disse ainda Francisco.<\/p>\n<h2 style=\"text-align: justify;\">O Salt\u00e9rio apresenta a ora\u00e7\u00e3o como a realidade fundamental da vida<\/h2>\n<p style=\"text-align: justify;\">\u201cHoje completamos a catequese sobre a\u00a0<i>ora\u00e7\u00e3o dos Salmos.\u00a0<\/i>Primeiramente,<i>\u00a0<\/i>notamos que nos Salmos aparece frequentemente uma figura negativa, a do \u201c\u00edmpio\u201d, ou seja, aquele ou aquela que vive como se Deus n\u00e3o existisse. \u00c9 a pessoa sem nenhuma \u00a0refer\u00eancia ao transcendente, sem nenhum impedimento \u00e0 sua arrog\u00e2ncia, que n\u00e3o teme o julgamento sobre o que pensa e o que faz\u201d, frisou o Papa.<\/p>\n<p style=\"text-align: justify;\"><i>Por esta raz\u00e3o, o Salt\u00e9rio apresenta a ora\u00e7\u00e3o como a realidade fundamental da vida. A refer\u00eancia ao absoluto e ao transcendente &#8211; a que os mestres da ascese denominam o \u201ctemor sagrado de Deus\u201d &#8211; \u00e9 o que nos torna plenamente humanos, \u00e9 o limite que nos salva de n\u00f3s mesmos, impedindo que nos aventuremos nesta vida de modo predat\u00f3rio e voraz. A ora\u00e7\u00e3o \u00e9 a salva\u00e7\u00e3o do ser humano!<\/i><\/p>\n<p style=\"text-align: justify;\">Segundo o Pont\u00edfice, \u201cexiste tamb\u00e9m uma ora\u00e7\u00e3o falsa, uma prece feita apenas para ser admirado pelos outros. As pessoas que v\u00e3o \u00e0 missa s\u00f3 para mostrar que v\u00e3o \u00e0 missa, que s\u00e3o cat\u00f3licos, ou para mostrar a \u00faltima roupa que compraram, para se mostrar socialmente, v\u00e3o a uma ora\u00e7\u00e3o falsa. Jesus advertiu fortemente a este respeito. Mas quando o verdadeiro esp\u00edrito de ora\u00e7\u00e3o \u00e9 acolhido com sinceridade e entra no cora\u00e7\u00e3o, ent\u00e3o nos faz contemplar a realidade com o olhar do pr\u00f3prio Deus\u201d.<\/p>\n<p style=\"text-align: justify;\"><i>Quando rezamos, tudo adquire \u201cprofundidade\u201d. Isso \u00e9 algo curioso. Na ora\u00e7\u00e3o, talvez come\u00e7amos com uma coisa sutil que na ora\u00e7\u00e3o adquire espessura, adquire peso. Deus pega a ora\u00e7\u00e3o pela m\u00e3o e a transforma. O pior servi\u00e7o que pode ser prestado, a Deus e tamb\u00e9m ao homem, \u00e9 rezar com t\u00e9dio, de maneira habitual. Rezar como um Papagaio. N\u00e3o! Reza-se com o cora\u00e7\u00e3o. A ora\u00e7\u00e3o \u00e9 o centro da vida. Se houver ora\u00e7\u00e3o, o irm\u00e3o, a irm\u00e3, tamb\u00e9m se torna importante. Alias, at\u00e9 mesmo os inimigos. Um antigo ditado dos primeiros monges crist\u00e3os reza: \u00abAben\u00e7oado \u00e9 o monge que, depois de Deus, considera todos os homens como Deus\u00bb. Quem adora a Deus, ama os seus filhos. Quem respeita a Deus, respeita os seres humanos.<\/i><\/p>\n<h2 style=\"text-align: justify;\">A ora\u00e7\u00e3o responsabiliza cada um de n\u00f3s<\/h2>\n<p style=\"text-align: justify;\">Para Francisco, \u201ca ora\u00e7\u00e3o n\u00e3o \u00e9 um calmante para aliviar as ansiedades da vida; ou, contudo, uma prece desse tipo n\u00e3o \u00e9 certamente crist\u00e3. Ao contr\u00e1rio, a ora\u00e7\u00e3o responsabiliza cada um de n\u00f3s. Vemos isto claramente no \u201cPai-Nosso\u201d, que Jesus ensinou aos seus disc\u00edpulos\u201d.<\/p>\n<p style=\"text-align: justify;\">\u201cPara aprender este modo de rezar, o Salt\u00e9rio \u00e9 uma grande escola\u201d, ressaltou o Papa. \u201cVimos que os Salmos nem sempre usam palavras requintadas e am\u00e1veis, e muitas vezes t\u00eam as cicatrizes da exist\u00eancia. No entanto, todas estas ora\u00e7\u00f5es foram utilizadas primeiro no Templo de Jerusal\u00e9m e depois nas sinagogas; at\u00e9 as mais \u00edntimas e pessoais.\u201d<\/p>\n<p style=\"text-align: justify;\"><i>Inclusive os salmos na primeira pessoa do singular, que confidenciam os pensamentos e os problemas mais \u00edntimos de um indiv\u00edduo, s\u00e3o patrim\u00f4nio coletivo, o ponto de serem recitados por todos e para todos. A ora\u00e7\u00e3o dos crist\u00e3os tem este \u201crespiro\u201d, esta \u201ctens\u00e3o\u201d espiritual que mant\u00e9m unidos o templo e o mundo. A prece pode come\u00e7ar na penumbra de uma nave, mas depois acaba a sua corrida pelas ruas da cidade. E vice-versa, pode germinar durante os afazeres di\u00e1rios e encontrar o seu cumprimento na liturgia. As portas das igrejas n\u00e3o s\u00e3o barreiras, mas \u201cmembranas\u201d perme\u00e1veis, dispon\u00edveis para acolher o clamor de todos.<\/i><\/p>\n<p style=\"text-align: justify;\">De acordo com o Papa, \u201co mundo est\u00e1 sempre presente na ora\u00e7\u00e3o do Salt\u00e9rio. Os Salmos, por exemplo, d\u00e3o voz \u00e0 promessa divina de salva\u00e7\u00e3o dos mais fr\u00e1geis. Por exemplo: \u00abPor causa da afli\u00e7\u00e3o dos humildes e dos gemidos dos pobres, levantar-me-ei &#8211; diz o Senhor &#8211; para lhes dar a salva\u00e7\u00e3o que desejam\u00bb. Ou alertam para o perigo das riquezas mundanas, porque diz \u00abo homem que vive na opul\u00eancia e n\u00e3o reflete \u00e9 semelhante ao gado que se abate\u00bb. Ou, ainda, abrem o horizonte ao olhar de Deus sobre a hist\u00f3ria: \u00abO Senhor desfaz os planos das na\u00e7\u00f5es pag\u00e3s, reduz a nada os projetos dos povos. S\u00f3 os des\u00edgnios do Senhor permanecem eternamente, os pensamentos do seu cora\u00e7\u00e3o por todas as gera\u00e7\u00f5es\u00bb\u201d.<\/p>\n<h2 style=\"text-align: justify;\">N\u00e3o cair na tenta\u00e7\u00e3o da \u201cimpiedade&#8221;<\/h2>\n<p style=\"text-align: justify;\">Onde est\u00e1 Deus, deve estar tamb\u00e9m o homem. A Sagrada Escritura \u00e9 categ\u00f3rica: \u00abMas amamos, porque Deus nos amou primeiro. Ele vai sempre antes de n\u00f3s. Ele sempre espera por n\u00f3s porque nos ama primeiro, nos olha primeiro, nos entende primeiro. Ele espera sempre por n\u00f3s. Se algu\u00e9m disser: \u201cAmo a Deus\u201d, mas odeia o seu irm\u00e3o, \u00e9 mentiroso. Porque aquele que n\u00e3o ama o seu irm\u00e3o, a quem v\u00ea, \u00e9 incapaz de amar a Deus, a quem n\u00e3o v\u00ea.<\/p>\n<p style=\"text-align: justify;\"><i>Se voc\u00ea reza muitos Ter\u00e7os por dia, mas depois fala dos outros, tem rancor dentro de si, odeia os outros, isto \u00e9 puro artif\u00edcio, n\u00e3o \u00e9 verdade, n\u00e3o \u00e9 consistente. De Deus recebemos este mandamento: aquele que amar a Deus, ame tamb\u00e9m ao seu irm\u00e3o\u00bb. A Escritura admite o caso de uma pessoa que, mesmo procurando sinceramente a Deus, nunca consegue encontr\u00e1-lo; mas afirma tamb\u00e9m que nunca se pode negar as l\u00e1grimas dos pobres, sob a pena de n\u00e3o encontrar a Deus. Deus n\u00e3o suporta o \u201cate\u00edsmo\u201d daqueles que negam a imagem divina impressa em cada ser humano. Aquele ate\u00edsmo de todos os dias: acredito em Deus, mas com os outros \u00e0 dist\u00e2ncia e me permito odiar os outros. Isto \u00e9 ate\u00edsmo pr\u00e1tico.<\/i><\/p>\n<p style=\"text-align: justify;\">\u201cDeixar de reconhecer a pessoa humana como imagem de Deus \u00e9 um sacril\u00e9gio, uma abomina\u00e7\u00e3o, \u00e9 a pior ofensa que se pode levar ao templo e ao altar\u201d, concluiu o Papa. Que a ora\u00e7\u00e3o dos Salmos nos ajude a n\u00e3o cair na tenta\u00e7\u00e3o da \u201cimpiedade\u201d, ou seja, de viver, e talvez at\u00e9 de rezar como se Deus n\u00e3o existisse, como se os pobres n\u00e3o existissem\u201d, concluiu o Papa.<\/p>\n<div>\n<div class=\"article__embed article__embed--unwrap article__embed--dark\">\n<div class=\"embed-container\" style=\"text-align: justify;\"><iframe id=\"643206508\" src=\"https:\/\/www.youtube.com\/embed\/48hygp07l8U?wmode=opaque&amp;rel=0&amp;autohide=1&amp;showinfo=0&amp;wmode=transparent&amp;modestbranding=1&amp;enablejsapi=1&amp;origin=https:\/\/www.vaticannews.va&amp;start=&amp;end=\" allowfullscreen=\"allowfullscreen\" data-gtm-yt-inspected-7781034_9=\"true\" data-mce-fragment=\"1\"><\/iframe><\/div>\n<div class=\"article__innerTitle\" style=\"text-align: justify;\">Veja o Papa Francisco<\/div>\n<\/div>\n<\/div>\n<\/div>\n","protected":false},"excerpt":{"rendered":"<p>&#8220;Para aprender este modo de rezar, o Salt\u00e9rio \u00e9 uma grande escola. Vimos que os Salmos nem sempre usam palavras requintadas e am\u00e1veis, e muitas vezes t\u00eam as cicatrizes da exist\u00eancia&#8221;, disse Francisco na catequese da Audi\u00eancia Geral. Mariangela Jaguraba &#8211; Vatican News Na catequese da Audi\u00eancia Geral desta quarta-feira (21\/10), o Papa Francisco prosseguiu [&hellip;]<\/p>\n","protected":false},"author":1,"featured_media":63578,"comment_status":"open","ping_status":"closed","sticky":false,"template":"","format":"standard","meta":{"footnotes":""},"categories":[13,3],"tags":[],"class_list":["post-63577","post","type-post","status-publish","format-standard","has-post-thumbnail","hentry","category-featured","category-vaticano"],"_links":{"self":[{"href":"https:\/\/catolicanet.net\/wp-cnet\/wp-json\/wp\/v2\/posts\/63577","targetHints":{"allow":["GET"]}}],"collection":[{"href":"https:\/\/catolicanet.net\/wp-cnet\/wp-json\/wp\/v2\/posts"}],"about":[{"href":"https:\/\/catolicanet.net\/wp-cnet\/wp-json\/wp\/v2\/types\/post"}],"author":[{"embeddable":true,"href":"https:\/\/catolicanet.net\/wp-cnet\/wp-json\/wp\/v2\/users\/1"}],"replies":[{"embeddable":true,"href":"https:\/\/catolicanet.net\/wp-cnet\/wp-json\/wp\/v2\/comments?post=63577"}],"version-history":[{"count":2,"href":"https:\/\/catolicanet.net\/wp-cnet\/wp-json\/wp\/v2\/posts\/63577\/revisions"}],"predecessor-version":[{"id":63580,"href":"https:\/\/catolicanet.net\/wp-cnet\/wp-json\/wp\/v2\/posts\/63577\/revisions\/63580"}],"wp:featuredmedia":[{"embeddable":true,"href":"https:\/\/catolicanet.net\/wp-cnet\/wp-json\/wp\/v2\/media\/63578"}],"wp:attachment":[{"href":"https:\/\/catolicanet.net\/wp-cnet\/wp-json\/wp\/v2\/media?parent=63577"}],"wp:term":[{"taxonomy":"category","embeddable":true,"href":"https:\/\/catolicanet.net\/wp-cnet\/wp-json\/wp\/v2\/categories?post=63577"},{"taxonomy":"post_tag","embeddable":true,"href":"https:\/\/catolicanet.net\/wp-cnet\/wp-json\/wp\/v2\/tags?post=63577"}],"curies":[{"name":"wp","href":"https:\/\/api.w.org\/{rel}","templated":true}]}}