{"id":63573,"date":"2020-10-20T13:10:44","date_gmt":"2020-10-20T16:10:44","guid":{"rendered":"https:\/\/catolicanet.net\/wp-cnet\/?p=63573"},"modified":"2020-10-20T13:10:44","modified_gmt":"2020-10-20T16:10:44","slug":"ser-luz-e-nao-trevas-2","status":"publish","type":"post","link":"https:\/\/catolicanet.net\/wp-cnet\/ser-luz-e-nao-trevas-2\/","title":{"rendered":"SER LUZ E N\u00c3O TREVAS"},"content":{"rendered":"<p style=\"text-align: justify;\"><strong>\u00a0\u00a0\u00a0\u00a0\u00a0\u00a0\u00a0\u00a0\u00a0 \u201cH\u00e1 homens que s\u00e3o como as velas; sacrificam-se, queimando-se para dar luz aos outros\u201d.<\/strong><\/p>\n<p style=\"text-align: justify;\">\u00a0\u00a0\u00a0\u00a0\u00a0\u00a0\u00a0\u00a0\u00a0\u00a0\u00a0\u00a0\u00a0\u00a0\u00a0\u00a0\u00a0\u00a0\u00a0\u00a0\u00a0\u00a0\u00a0\u00a0\u00a0\u00a0\u00a0\u00a0\u00a0\u00a0\u00a0\u00a0\u00a0\u00a0\u00a0\u00a0\u00a0\u00a0\u00a0\u00a0\u00a0\u00a0\u00a0\u00a0\u00a0\u00a0\u00a0\u00a0\u00a0\u00a0\u00a0\u00a0\u00a0\u00a0\u00a0\u00a0\u00a0 \u00a0\u00a0\u00a0\u00a0\u00a0\u00a0\u00a0\u00a0Padre Ant\u00f3nio Vieira (1608-1697)<\/p>\n<p style=\"text-align: justify;\">\u00a0\u00a0\u00a0\u00a0\u00a0\u00a0\u00a0\u00a0\u00a0\u00a0\u00a0\u00a0\u00a0\u00a0\u00a0\u00a0\u00a0\u00a0\u00a0\u00a0\u00a0\u00a0\u00a0\u00a0\u00a0\u00a0\u00a0\u00a0\u00a0\u00a0\u00a0\u00a0\u00a0\u00a0\u00a0\u00a0\u00a0\u00a0\u00a0\u00a0\u00a0\u00a0\u00a0\u00a0\u00a0\u00a0\u00a0\u00a0\u00a0\u00a0 \u00a0\u00a0\u00a0\u00a0\u00a0\u00a0\u00a0\u00a0\u00a0\u00a0\u00a0\u00a0\u00a0\u00a0\u00a0\u00a0\u00cdnclito orador e escritor portugu\u00eas<\/p>\n<p style=\"text-align: justify;\"><img loading=\"lazy\" decoding=\"async\" class=\"wp-image-63574 size-full aligncenter\" src=\"https:\/\/catolicanet.net\/wp-cnet\/wp-content\/uploads\/P.AntonioVieira.jpg\" alt=\"\" width=\"473\" height=\"579\" srcset=\"https:\/\/catolicanet.net\/wp-cnet\/wp-content\/uploads\/P.AntonioVieira.jpg 473w, https:\/\/catolicanet.net\/wp-cnet\/wp-content\/uploads\/P.AntonioVieira-245x300.jpg 245w, https:\/\/catolicanet.net\/wp-cnet\/wp-content\/uploads\/P.AntonioVieira-343x420.jpg 343w\" sizes=\"auto, (max-width: 473px) 100vw, 473px\" \/><\/p>\n<p style=\"text-align: justify;\">\u00a0\u00a0\u00a0\u00a0\u00a0\u00a0\u00a0\u00a0 H\u00e1 2400 anos, o grande fil\u00f3sofo grego Plat\u00e3o (428\/427-348\/347 a.C.), usou a associa\u00e7\u00e3o de luz e erudi\u00e7\u00e3o para escrever o \u2018Mito da Caverna\u2019. Na par\u00e1bola, os seres humanos teriam nascido em uma caverna, presos diante de uma parede que s\u00f3 mostra sombras do mundo exterior, projetadas pelos escassos feixes de luz que adentram a penumbra. S\u00f3 aquele que se libertasse e caminhasse em dire\u00e7\u00e3o \u00e0 claridade de fora teria contato com a realidade tal qual ela \u00e9. Pela alegoria, o ser humano s\u00f3 pode se livrar da ignor\u00e2ncia, representada pela escurid\u00e3o, ao observar e reter a luz da verdade.<\/p>\n<p style=\"text-align: justify;\">\u00a0\u00a0\u00a0\u00a0\u00a0\u00a0\u00a0\u00a0 Os maiores pensadores da hist\u00f3ria das ci\u00eancias e das artes,\u00a0refletiram, direta ou indiretamente, sobre o enigma da luz. Santo Agostinho de Hipona (354-430), associava Deus \u00e0 ilumina\u00e7\u00e3o da raz\u00e3o humana. Escreveu: \u201cA verdade habita no cora\u00e7\u00e3o do homem. E, se n\u00e3o encontras sen\u00e3o a tua natureza sujeita a mudan\u00e7a, vai al\u00e9m de ti mesmo. Em te ultrapassando, por\u00e9m, n\u00e3o te esque\u00e7as que transcendes tua alma que raciocina. Portanto, dirigi-te \u00e0 fonte da pr\u00f3pria luz da raz\u00e3o\u201d. (<em>Confiss\u00f5es<\/em>).<\/p>\n<p style=\"text-align: justify;\">\u00a0\u00a0\u00a0\u00a0\u00a0\u00a0\u00a0 Thomas Edison (1847-1931), f\u00edsico americano, inventou o fon\u00f3grafo e a l\u00e2mpada incandescente, disse: \u201cA intelig\u00eancia, a criatividade, a inven\u00e7\u00e3o e o empreendimento est\u00e3o conectados com a luz e a gl\u00f3ria para o bem comum\u201d.<\/p>\n<p style=\"text-align: justify;\">\u00a0\u00a0\u00a0\u00a0\u00a0\u00a0\u00a0\u00a0 <em>\u201cFiat lux\u201d,<\/em> no latim. \u201cHaja luz\u201d \u00e9 o que, pela narrativa b\u00edblica, decretou Deus no primeiro dia da cria\u00e7\u00e3o. E fez-se a luz, antes mesmo do sol, criado no quarto dia. Deu-se, desde o in\u00edcio de tudo, do G\u00eanesis, a luminosa distin\u00e7\u00e3o entre as trevas e a claridade (Gn 1, 3.4). Na B\u00edblia, a escurid\u00e3o representa o mal, a ignor\u00e2ncia, enquanto seu avesso \u00e9 o bem, a sapi\u00eancia. \u201cAquele que pratica a verdade, o amor e a justi\u00e7a segue a Luz\u201d (Jo 3,21;12,46). Luz \u00e9 sin\u00f4nimo de sabedoria e de vida justa. Se um sujeito \u00e9 iluminado e justo, ele \u00e9 possuidor de habilidades, normalmente intelectual, acima do comum e que seu talento \u00e9 divino e tem como objetivo o bem-estar de toda comunidade.<\/p>\n<p style=\"text-align: justify;\">\u00a0\u00a0\u00a0\u00a0\u00a0\u00a0\u00a0\u00a0\u00a0\u00a0 Deus \u00e9 Luz (1 Jo 1,5). Toda sabedoria para o bem comum procede do Pai das Luzes (Tg 1,5 e 17). O que ama o seu irm\u00e3o permanece na luz, mas o que odeia seu irm\u00e3o est\u00e1 nas trevas e n\u00e3o sabe aonde vai, porque as trevas cegaram os seus olhos (1 Jo 2, 10. 11). Quantas pessoas est\u00e3o na escurid\u00e3o por aceitar o mal, a viol\u00eancia, as drogas, a trai\u00e7\u00e3o, o \u00f3dio, a soberba, o ego\u00edsmo, a difama\u00e7\u00e3o e cal\u00fania do pr\u00f3ximo. O Sistema do Pr\u00edncipe das Trevas tem escravizados, derrotados e destru\u00eddos muitos por n\u00e3o querer viver na Luz do Pr\u00edncipe da Paz.<\/p>\n<p style=\"text-align: justify;\">\u00a0\u00a0\u00a0\u00a0\u00a0\u00a0\u00a0\u00a0 Ser luz \u00e9 caminhar na gra\u00e7a e no conhecimento de Jesus Cristo e iluminar os outros no amor e na verdade do Evangelho de Cristo. Rejeitar radicalmente as trevas do sistema diab\u00f3lico \u00e9 n\u00e3o compactuar com o mundo da escurid\u00e3o, ou seja, da perdi\u00e7\u00e3o. Ser iluminado por Cristo \u00e9 possuir a felicidade da luz eterna. Que brilhe com muita intensidade a luz dos seguidores de Nosso Senhor e Salvador Jesus Cristo!<\/p>\n<p style=\"text-align: justify;\">\n<p style=\"text-align: justify;\">Frei In\u00e1cio Jos\u00e9 do Vale, FCF<\/p>\n<p style=\"text-align: justify;\">Fraternidade Sacerdotal Jesus C\u00e1ritas<\/p>\n<p style=\"text-align: justify;\">Soci\u00f3logo em Ci\u00eancias da Religi\u00e3o<\/p>\n<p style=\"text-align: justify;\">Trabalha como Professor e Psicanalista Cl\u00ednico na<\/p>\n<p style=\"text-align: justify;\">Comunidade de A\u00e7\u00e3o Pastoral &#8211; CAP.<\/p>\n<p style=\"text-align: justify;\"><strong>Autor do livro Terapia Psicanal\u00edtica: Demolindo a Ansiedade, a Depress\u00e3o e a Posse da Sa\u00fade F\u00edsica e Psicol\u00f3gica <\/strong><\/p>\n","protected":false},"excerpt":{"rendered":"<p>\u00a0\u00a0\u00a0\u00a0\u00a0\u00a0\u00a0\u00a0\u00a0 \u201cH\u00e1 homens que s\u00e3o como as velas; sacrificam-se, queimando-se para dar luz aos outros\u201d. \u00a0\u00a0\u00a0\u00a0\u00a0\u00a0\u00a0\u00a0\u00a0\u00a0\u00a0\u00a0\u00a0\u00a0\u00a0\u00a0\u00a0\u00a0\u00a0\u00a0\u00a0\u00a0\u00a0\u00a0\u00a0\u00a0\u00a0\u00a0\u00a0\u00a0\u00a0\u00a0\u00a0\u00a0\u00a0\u00a0\u00a0\u00a0\u00a0\u00a0\u00a0\u00a0\u00a0\u00a0\u00a0\u00a0\u00a0\u00a0\u00a0\u00a0\u00a0\u00a0\u00a0\u00a0\u00a0\u00a0\u00a0 \u00a0\u00a0\u00a0\u00a0\u00a0\u00a0\u00a0\u00a0Padre Ant\u00f3nio Vieira (1608-1697) \u00a0\u00a0\u00a0\u00a0\u00a0\u00a0\u00a0\u00a0\u00a0\u00a0\u00a0\u00a0\u00a0\u00a0\u00a0\u00a0\u00a0\u00a0\u00a0\u00a0\u00a0\u00a0\u00a0\u00a0\u00a0\u00a0\u00a0\u00a0\u00a0\u00a0\u00a0\u00a0\u00a0\u00a0\u00a0\u00a0\u00a0\u00a0\u00a0\u00a0\u00a0\u00a0\u00a0\u00a0\u00a0\u00a0\u00a0\u00a0\u00a0\u00a0 \u00a0\u00a0\u00a0\u00a0\u00a0\u00a0\u00a0\u00a0\u00a0\u00a0\u00a0\u00a0\u00a0\u00a0\u00a0\u00a0\u00cdnclito orador e escritor portugu\u00eas \u00a0\u00a0\u00a0\u00a0\u00a0\u00a0\u00a0\u00a0 H\u00e1 2400 anos, o grande fil\u00f3sofo grego Plat\u00e3o (428\/427-348\/347 a.C.), usou a associa\u00e7\u00e3o de luz e erudi\u00e7\u00e3o para escrever o \u2018Mito da Caverna\u2019. Na par\u00e1bola, os seres humanos [&hellip;]<\/p>\n","protected":false},"author":16,"featured_media":55822,"comment_status":"open","ping_status":"closed","sticky":false,"template":"","format":"standard","meta":{"footnotes":""},"categories":[9],"tags":[],"class_list":["post-63573","post","type-post","status-publish","format-standard","has-post-thumbnail","hentry","category-artigos"],"_links":{"self":[{"href":"https:\/\/catolicanet.net\/wp-cnet\/wp-json\/wp\/v2\/posts\/63573","targetHints":{"allow":["GET"]}}],"collection":[{"href":"https:\/\/catolicanet.net\/wp-cnet\/wp-json\/wp\/v2\/posts"}],"about":[{"href":"https:\/\/catolicanet.net\/wp-cnet\/wp-json\/wp\/v2\/types\/post"}],"author":[{"embeddable":true,"href":"https:\/\/catolicanet.net\/wp-cnet\/wp-json\/wp\/v2\/users\/16"}],"replies":[{"embeddable":true,"href":"https:\/\/catolicanet.net\/wp-cnet\/wp-json\/wp\/v2\/comments?post=63573"}],"version-history":[{"count":1,"href":"https:\/\/catolicanet.net\/wp-cnet\/wp-json\/wp\/v2\/posts\/63573\/revisions"}],"predecessor-version":[{"id":63575,"href":"https:\/\/catolicanet.net\/wp-cnet\/wp-json\/wp\/v2\/posts\/63573\/revisions\/63575"}],"wp:featuredmedia":[{"embeddable":true,"href":"https:\/\/catolicanet.net\/wp-cnet\/wp-json\/wp\/v2\/media\/55822"}],"wp:attachment":[{"href":"https:\/\/catolicanet.net\/wp-cnet\/wp-json\/wp\/v2\/media?parent=63573"}],"wp:term":[{"taxonomy":"category","embeddable":true,"href":"https:\/\/catolicanet.net\/wp-cnet\/wp-json\/wp\/v2\/categories?post=63573"},{"taxonomy":"post_tag","embeddable":true,"href":"https:\/\/catolicanet.net\/wp-cnet\/wp-json\/wp\/v2\/tags?post=63573"}],"curies":[{"name":"wp","href":"https:\/\/api.w.org\/{rel}","templated":true}]}}