{"id":63570,"date":"2020-10-20T10:03:08","date_gmt":"2020-10-20T13:03:08","guid":{"rendered":"https:\/\/catolicanet.net\/wp-cnet\/?p=63570"},"modified":"2020-10-20T13:04:20","modified_gmt":"2020-10-20T16:04:20","slug":"oracao-contra-o-coronavirus-um-dos-termos-mais-procurados-no-google","status":"publish","type":"post","link":"https:\/\/catolicanet.net\/wp-cnet\/oracao-contra-o-coronavirus-um-dos-termos-mais-procurados-no-google\/","title":{"rendered":"&#8220;Ora\u00e7\u00e3o contra o coronav\u00edrus&#8221;: um dos termos mais procurados no Google"},"content":{"rendered":"<h2 class=\"subtitle\" style=\"text-align: justify;\">Um estudo mostra que 68% da popula\u00e7\u00e3o mundial recorreu \u00e0 f\u00e9 para enfrentar a adversidade da pandemia<\/h2>\n<p style=\"text-align: justify;\"><span class=\"s1\">O termo \u201cora\u00e7\u00e3o contra o coronav\u00edrus\u201d \u00e9 um dos mais procurados de todos os tempos no Google. \u00c9 o que mostra uma pesquisa com dados di\u00e1rios das buscas feitas em 95 pa\u00edses na plataforma de pesquisa.<\/span><\/p>\n<p style=\"text-align: justify;\"><span class=\"s1\">A professora Jeanet Sinding Bentzen, da Universidade de Copenhague \u00e9 uma das coordenadoras do\u00a0<a href=\"https:\/\/cepr.org\/sites\/default\/files\/news\/CovidEconomics20.pdf#Paper2\" target=\"_blank\" rel=\"noopener noreferrer\">estudo<\/a>. Ela descobriu, de fato, que o aumento no n\u00famero de consultas sobre a \u201cora\u00e7\u00e3o contra o coronav\u00edrus\u201d era um fen\u00f4meno global.<\/span><\/p>\n<p style=\"text-align: justify;\"><span class=\"s1\">Assim, pode-se dizer que as pesquisas no Google refletem o interesse das pessoas em tempo real. Em mar\u00e7o de 2020, quando a OMS declarou a pandemia, as pesquisas pela palavra \u201cora\u00e7\u00e3o\u201d registraram o n\u00edvel mais alto j\u00e1 registrado. Superou as consultas por termos ligados a eventos religiosos importantes, como Natal e P\u00e1scoa, por exemplo.<\/span><\/p>\n<p style=\"text-align: justify;\"><span class=\"s1\">De fato, as buscas aumentaram em todos os cantos do planeta, inclusive no norte da Europa, onde poucas pessoas recorriam \u00e0 ora\u00e7\u00e3o antes da exist\u00eancia do v\u00edrus. O interesse atingiu, portanto, em todos os continentes e em todas as denomina\u00e7\u00f5es religiosas.<\/span><\/p>\n<p style=\"text-align: justify;\"><span class=\"s1\">O aumento maior, entretanto, aconteceu na Am\u00e9rica do Sul e na \u00c1frica. Como se sabe, essas s\u00e3o algumas das regi\u00f5es mais religiosas do mundo.<\/span><\/p>\n<p style=\"text-align: justify;\"><span class=\"s1\">Al\u00e9m disso, o estudo mostrou que o aumento pelo termo \u201cn\u00e3o aconteceu simplesmente como substituo dos servi\u00e7os das igrejas f\u00edsicas, que fecharam as portas para evitar a propaga\u00e7\u00e3o do v\u00edrus. O aumento se deve, pois, a uma demanda intensificada pela religi\u00e3o: rezamos para enfrentar a adversidade\u201d.\u00a0<\/span><\/p>\n<div id=\"article-desk-content-p6-ad_2020_10_20_oracao-contra-o-coronavirus-um-dos-termos-mais-buscados-no-google\" class=\"css-y9mcup\" style=\"text-align: justify;\" data-google-query-id=\"CLWHkerFw-wCFU0DuQYdP4IEfQ\">\n<div id=\"google_ads_iframe_64500793\/PT_DESK_ARTICLE_WELCOME_1X1_1__container__\"><\/div>\n<\/div>\n<p style=\"text-align: justify;\"><span class=\"s1\">Deste modo, conclui-se que momentos dif\u00edceis como o que o mundo est\u00e1 atravessando provocam um despertar da consci\u00eancia. As fortes experi\u00eancias s\u00e3o capazes de abrir a mente e o cora\u00e7\u00e3o a Deus,\u00a0 em busca da paz interior, consolo e explica\u00e7\u00e3o. Os resultados, ent\u00e3o, revelam que muitas pessoas em todo o mundo rezam e buscam uma rela\u00e7\u00e3o mais pr\u00f3xima a Deus.<\/span><\/p>\n<h3 class=\"p4\" style=\"text-align: justify;\"><span class=\"s1\">Ora\u00e7\u00e3o e f\u00e9 ao redor do mundo<\/span><\/h3>\n<p style=\"text-align: justify;\"><span class=\"s1\">Mais da metade da popula\u00e7\u00e3o mundial fez alguma ora\u00e7\u00e3o contra o coronav\u00edrus. A f\u00e9, portanto, atua como um verdadeiro escudo que nos protege em tempos de crise.<\/span><\/p>\n<p style=\"text-align: justify;\"><span class=\"s1\">A partir da perspectiva crist\u00e3, a f\u00e9 tem como base a vulnerabilidade humana. E ali h\u00e1 uma grande for\u00e7a. Deus, em Cristo, assume o sofrimento, o abandono e a morte. Assim, n\u00e3o h\u00e1 nada que podemos experimentar que n\u00e3o tenha sido experimentado por Ele. Isso \u00e9 uma for\u00e7a poderosa de consolo que nos une de modo especial com os que mais amamos nos tempos de dor.<\/span><\/p>\n<p style=\"text-align: justify;\"><span class=\"s1\">Ao mesmo tempo, a f\u00e9 tem componentes positivos que trazem o bem-estar f\u00edsico e espiritual. As transmiss\u00f5es ao vivo da missa, medita\u00e7\u00f5es e atividades virtuais, por exemplo, fizeram com que a Igreja deixasse de ser apenas uma atividade dominical. Ela passou a ser, ent\u00e3o, uma atividade di\u00e1ria para pessoas que antes da pandemia diziam estar muito ocupadas.<\/span><\/p>\n<h3 class=\"p1\" style=\"text-align: justify;\"><span class=\"s1\">O legado das crises<\/span><\/h3>\n<p style=\"text-align: justify;\"><span class=\"s1\">Por outro lado, a evid\u00eancia demonstra que as crises fortaleceram o papel da religi\u00e3o em todo o mundo de forma permanente. Embora esse aumento tenha sido imediato, indica um res\u00edduo que ser\u00e1 transmitido por anos para as futuras gera\u00e7\u00f5es, como aconteceu depois da Segunda Guerra Mundial, por exemplo.\u00a0<\/span><\/p>\n<p style=\"text-align: justify;\"><span class=\"s1\">Em suma, a trag\u00e9dia desperta uma consci\u00eancia que d\u00e1 lugar a um sentido mais profundo de Deus. \u00c9, sem d\u00favida, um convite a explorar o mundo interior, a conectar-se consigo mesmo, a tirar proveito de todo o seu potencial, a a ajudar os outros e abra\u00e7ar a vida com mais esperan\u00e7a. S\u00f3 o tempo mostrar\u00e1 que isso realmente aconteceu durante a crise da Covid-19.<\/span><\/p>\n","protected":false},"excerpt":{"rendered":"<p>Um estudo mostra que 68% da popula\u00e7\u00e3o mundial recorreu \u00e0 f\u00e9 para enfrentar a adversidade da pandemia O termo \u201cora\u00e7\u00e3o contra o coronav\u00edrus\u201d \u00e9 um dos mais procurados de todos os tempos no Google. \u00c9 o que mostra uma pesquisa com dados di\u00e1rios das buscas feitas em 95 pa\u00edses na plataforma de pesquisa. A professora [&hellip;]<\/p>\n","protected":false},"author":1,"featured_media":63571,"comment_status":"open","ping_status":"closed","sticky":false,"template":"","format":"standard","meta":{"footnotes":""},"categories":[4],"tags":[],"class_list":["post-63570","post","type-post","status-publish","format-standard","has-post-thumbnail","hentry","category-cotidiano"],"_links":{"self":[{"href":"https:\/\/catolicanet.net\/wp-cnet\/wp-json\/wp\/v2\/posts\/63570","targetHints":{"allow":["GET"]}}],"collection":[{"href":"https:\/\/catolicanet.net\/wp-cnet\/wp-json\/wp\/v2\/posts"}],"about":[{"href":"https:\/\/catolicanet.net\/wp-cnet\/wp-json\/wp\/v2\/types\/post"}],"author":[{"embeddable":true,"href":"https:\/\/catolicanet.net\/wp-cnet\/wp-json\/wp\/v2\/users\/1"}],"replies":[{"embeddable":true,"href":"https:\/\/catolicanet.net\/wp-cnet\/wp-json\/wp\/v2\/comments?post=63570"}],"version-history":[{"count":1,"href":"https:\/\/catolicanet.net\/wp-cnet\/wp-json\/wp\/v2\/posts\/63570\/revisions"}],"predecessor-version":[{"id":63572,"href":"https:\/\/catolicanet.net\/wp-cnet\/wp-json\/wp\/v2\/posts\/63570\/revisions\/63572"}],"wp:featuredmedia":[{"embeddable":true,"href":"https:\/\/catolicanet.net\/wp-cnet\/wp-json\/wp\/v2\/media\/63571"}],"wp:attachment":[{"href":"https:\/\/catolicanet.net\/wp-cnet\/wp-json\/wp\/v2\/media?parent=63570"}],"wp:term":[{"taxonomy":"category","embeddable":true,"href":"https:\/\/catolicanet.net\/wp-cnet\/wp-json\/wp\/v2\/categories?post=63570"},{"taxonomy":"post_tag","embeddable":true,"href":"https:\/\/catolicanet.net\/wp-cnet\/wp-json\/wp\/v2\/tags?post=63570"}],"curies":[{"name":"wp","href":"https:\/\/api.w.org\/{rel}","templated":true}]}}