{"id":63549,"date":"2020-10-20T09:41:11","date_gmt":"2020-10-20T12:41:11","guid":{"rendered":"https:\/\/catolicanet.net\/wp-cnet\/?p=63549"},"modified":"2020-10-20T12:42:20","modified_gmt":"2020-10-20T15:42:20","slug":"encontro-aponta-acoes-conjuntas-entre-comissoes-da-cnbb-e-repam-brasil-frente-as-ameacas-da-mineracao","status":"publish","type":"post","link":"https:\/\/catolicanet.net\/wp-cnet\/encontro-aponta-acoes-conjuntas-entre-comissoes-da-cnbb-e-repam-brasil-frente-as-ameacas-da-mineracao\/","title":{"rendered":"ENCONTRO APONTA A\u00c7\u00d5ES CONJUNTAS ENTRE COMISS\u00d5ES DA CNBB E REPAM-BRASIL FRENTE AS AMEA\u00c7AS DA MINERA\u00c7\u00c3O"},"content":{"rendered":"<p style=\"text-align: justify;\">Um encontro entre a Comiss\u00e3o Especial para Ecologia Integral e Minera\u00e7\u00e3o (CEEM), a Comiss\u00e3o para a Amaz\u00f4nia e a Rede Eclesial Pan-Amaz\u00f4nica (REPAM-Brasil), realizado no dia 19 de outubro, renovou o compromisso da Igreja em defesa dos direitos das pessoas e da natureza, especialmente na regi\u00e3o amaz\u00f4nica. Reunidos de forma virtual, as comiss\u00f5es da Confer\u00eancia Nacional dos Bispos do Brasil (CNBB) e o organismo definiram tr\u00eas pontos poss\u00edveis para a\u00e7\u00f5es conjuntas para defender a vida e a Amaz\u00f4nia.<\/p>\n<p style=\"text-align: justify;\"><img loading=\"lazy\" decoding=\"async\" class=\"size-medium wp-image-250727 aligncenter lazyloaded\" src=\"https:\/\/eadn-wc02-718006.nxedge.io\/cdn\/wp-content\/uploads\/2020\/10\/CEEM-CEAM-REPAM-19102020-720-405-300x169.png\" sizes=\"auto, (max-width: 300px) 100vw, 300px\" srcset=\"https:\/\/eadn-wc02-718006.nxedge.io\/cdn\/wp-content\/uploads\/2020\/10\/CEEM-CEAM-REPAM-19102020-720-405-300x169.png 300w, https:\/\/eadn-wc02-718006.nxedge.io\/cdn\/wp-content\/uploads\/2020\/10\/CEEM-CEAM-REPAM-19102020-720-405-500x281.png 500w, https:\/\/eadn-wc02-718006.nxedge.io\/cdn\/wp-content\/uploads\/2020\/10\/CEEM-CEAM-REPAM-19102020-720-405.png 720w\" alt=\"\" width=\"300\" height=\"169\" data-srcset=\"https:\/\/eadn-wc02-718006.nxedge.io\/cdn\/wp-content\/uploads\/2020\/10\/CEEM-CEAM-REPAM-19102020-720-405-300x169.png 300w, https:\/\/eadn-wc02-718006.nxedge.io\/cdn\/wp-content\/uploads\/2020\/10\/CEEM-CEAM-REPAM-19102020-720-405-500x281.png 500w, https:\/\/eadn-wc02-718006.nxedge.io\/cdn\/wp-content\/uploads\/2020\/10\/CEEM-CEAM-REPAM-19102020-720-405.png 720w\" data-src=\"https:\/\/eadn-wc02-718006.nxedge.io\/cdn\/wp-content\/uploads\/2020\/10\/CEEM-CEAM-REPAM-19102020-720-405-300x169.png\" data-sizes=\"(max-width: 300px) 100vw, 300px\" \/><\/p>\n<p style=\"text-align: justify;\">Padre D\u00e1rio Bossi, mission\u00e1rio comboniano e assessor da CEEM, escreveu sobre o encontro, destacando as inspira\u00e7\u00f5es para as reflex\u00f5es, os desafios observados diante da realidade da minera\u00e7\u00e3o no Brasil, as a\u00e7\u00f5es das comiss\u00f5es e da Repam-Brasil neste contexto e, por fim, o caminho poss\u00edvel de a\u00e7\u00f5es conjuntas.<\/p>\n<p style=\"text-align: justify;\">Os mais poderosos nunca ficam satisfeitos com os lucros que obt\u00eam, e os recursos do poder econ\u00f4mico t\u00eam aumentado muito com o desenvolvimento cient\u00edfico e tecnol\u00f3gico. (\u2026) Se a chamada por Deus exige uma escuta atenta do grito dos pobres e ao mesmo tempo da terra, para n\u00f3s \u00abo grito da Amaz\u00f4nia ao Criador \u00e9 semelhante ao grito do Povo de Deus no Egito (cf. Ex 3, 7). \u00c9 um grito desde a escravid\u00e3o e o abandono, que clama por liberdade\u00bb. (Querida Amaz\u00f4nia, 52)<\/p>\n<p style=\"text-align: justify;\">Essa cita\u00e7\u00e3o, da exorta\u00e7\u00e3o apost\u00f3lica de Papa Francisco que relan\u00e7a o S\u00ednodo da Amaz\u00f4nia para a volta aos territ\u00f3rios, inspirou os trabalhos do dia.<\/p>\n<h4 style=\"text-align: justify;\">Minera\u00e7\u00e3o: uma ferida aberta<\/h4>\n<p style=\"text-align: justify;\">Moema Miranda, assessora da CEEM e da REPAM-Brasil, destacou que o Brasil \u00e9 um pa\u00eds minerado desde o come\u00e7o da col\u00f4nia, onde se afirmou um modelo econ\u00f4mico chamado de \u201cacumula\u00e7\u00e3o primitiva\u201d, ativo ainda hoje.<\/p>\n<p style=\"text-align: justify;\">Mais recentemente, no come\u00e7o dos anos 2000, o chamado \u201cboom das commodities\u201d caracterizou uma segunda onda de coloniza\u00e7\u00e3o no Brasil. Nesse per\u00edodo, em que os pre\u00e7os das mat\u00e9rias primas subiram consideravelmente, aumentou ainda mais a agenda exportadora no Pa\u00eds, e os lucros das empresas mineradoras se agigantaram.<\/p>\n<p style=\"text-align: justify;\">Nos territ\u00f3rios minerados consolidou-se a \u201cmin\u00e9rio-depend\u00eancia\u201d: economias de enclave, quer dizer dominantes e exclusivas para inteiras regi\u00f5es, acabam excluindo a possibilidade de desenvolvimento de alternativas produtivas e prendendo muitas comunidades a esse \u00fanico modelo extrativo-predat\u00f3rio. Quando a minera\u00e7\u00e3o termina de retirar tudo o que era de seu interesse, abandona essas regi\u00f5es; ficam os buracos, o descuido ambiental e a falta de perspectivas.<\/p>\n<p style=\"text-align: justify;\">Essas contradi\u00e7\u00f5es fizeram-se ainda mais evidentes no atual per\u00edodo p\u00f3s-boom da minera\u00e7\u00e3o: os pre\u00e7os dos min\u00e9rios diminu\u00edram, mas as atividades extrativas, em lugar de se reduzirem, aumentaram e limitaram o respeito das leis ambientais e dos direitos trabalhistas, para manter ainda convenientes margens de lucro para as empresas. \u00c9 o per\u00edodo de graves acidentes, verdadeiros crimes ambientais, como o de Mariana e de Brumadinho.<\/p>\n<p style=\"text-align: justify;\">O governo que atualmente det\u00e9m o poder no Brasil radicalizou essa op\u00e7\u00e3o. Em plena pandemia, declarou a minera\u00e7\u00e3o uma atividade essencial. Defende a flexibiliza\u00e7\u00e3o das leis ambientais, promove impunidade nas opera\u00e7\u00f5es ilegais de garimpo e fomenta medidas para que a minera\u00e7\u00e3o avance em \u00e1reas protegidas, como territ\u00f3rios ind\u00edgenas e reservas legais.<\/p>\n<p style=\"text-align: justify;\">Isso seria, para a Amaz\u00f4nia, o golpe final grande vetor de contamina\u00e7\u00e3o e destrui\u00e7\u00e3o<\/p>\n<h4 style=\"text-align: justify;\">Uma Igreja comprometida<\/h4>\n<p style=\"text-align: justify;\">A Comiss\u00e3o para Ecologia Integral e Minera\u00e7\u00e3o foi criada pela CNBB como uma das a\u00e7\u00f5es concretas para assumir no Brasil os desafios e as perspectivas apontadas pela enc\u00edclica Laudato Si\u2019, para o cuidado da casa comum.<\/p>\n<p style=\"text-align: justify;\">Tamb\u00e9m no Conselho Episcopal Latino-Americano (CELAM) os bispos compreenderam a urg\u00eancia de uma a\u00e7\u00e3o nesse sentido, e publicaram uma carta apost\u00f3lica contundente, sobre os perigos do extrativismo predat\u00f3rio (\u201cDisc\u00edpulos mission\u00e1rios cust\u00f3dios da Casa Comum\u201d).<\/p>\n<p style=\"text-align: justify;\">A CEEM se prop\u00f5e acompanhar as comunidades atingidas pela minera\u00e7\u00e3o nas regi\u00f5es mais atingidas do Pa\u00eds; j\u00e1 realizou encontros de estudo e forma\u00e7\u00e3o no Regional Nordeste 5, Maranh\u00e3o e em Minas Gerais.<\/p>\n<p style=\"text-align: justify;\">Tamb\u00e9m oferece assessoria aos bispos em cujas dioceses tem conflitos por minera\u00e7\u00e3o; um mapeamento realizado no ano passado documenta pelo menos 250 conflitos no Brasil, no territ\u00f3rio de 86 dioceses.<\/p>\n<p style=\"text-align: justify;\">Finalmente, atua em n\u00edvel de incid\u00eancia internacional, facilitando articula\u00e7\u00f5es e den\u00fancias nos organismos de defesa dos direitos humanos e mantendo intera\u00e7\u00e3o com o Vaticano e o Dicast\u00e9rio para o Desenvolvimento Humano Integral.<\/p>\n<p style=\"text-align: justify;\">Da mesma maneira, a Comiss\u00e3o Episcopal para a Amaz\u00f4nia e a REPAM-Brasil atuam nesses tr\u00eas n\u00edveis, de acompanhamento dos conflitos mais graves nos territ\u00f3rios, de assessoria aos bispos e de articula\u00e7\u00f5es internacionais.<\/p>\n<p style=\"text-align: justify;\">Algumas das amea\u00e7as mais graves que essas tr\u00eas organiza\u00e7\u00f5es da Igreja enxergam s\u00e3o o projeto de minera\u00e7\u00e3o em Terras Ind\u00edgenas, a expans\u00e3o descontrolada e ilegal do garimpo, a tese do marco temporal na demarca\u00e7\u00e3o das Terras Ind\u00edgenas, que ser\u00e1 julgada no final de outubro pelo STF, no Recurso Extraordin\u00e1rio com repercuss\u00e3o geral denominado \u201ccaso Xokleng\u201d.<\/p>\n<h4 style=\"text-align: justify;\">Caminhos poss\u00edveis<\/h4>\n<p style=\"text-align: justify;\">O encontro definiu algumas possibilidades de a\u00e7\u00e3o conjunta da CEEM, Comiss\u00e3o para a Amaz\u00f4nia e REPAM \u2013 Brasil.<\/p>\n<p style=\"text-align: justify;\">Primeiro, aprofundar uma compreens\u00e3o comum da organiza\u00e7\u00e3o estruturada dos projetos econ\u00f4mico-extrativo-predat\u00f3rios que amea\u00e7am a Amaz\u00f4nia, \u00e0 luz do Documento Final do S\u00ednodo e dos sonhos social e ambiental da exorta\u00e7\u00e3o Querida Amaz\u00f4nia. Para isso, a alian\u00e7a com o mundo universit\u00e1rio e da pesquisa \u00e9 essencial.<\/p>\n<p style=\"text-align: justify;\">Segundo, identificar estrat\u00e9gias de longo prazo, conjuntas, para a defesa da Amaz\u00f4nia. Entre elas, o protagonismo dos povos origin\u00e1rios, que \u201cquando permanecem nos seus territ\u00f3rios, s\u00e3o quem melhor os cuida\u201d (LS 146); a promo\u00e7\u00e3o das formas de economia \u201cde Clara e Francisco\u201d que h\u00e1 tempo se autossustentam e integram no bioma amaz\u00f4nico; a profecia da den\u00fancia de decis\u00f5es pol\u00edticas que destroem a vida nessas regi\u00f5es.<\/p>\n<p style=\"text-align: justify;\">Terceiro, sensibilizar as comunidades crist\u00e3s e assumir com elas a\u00e7\u00f5es concretas e campanhas em defesa e promo\u00e7\u00e3o dos direitos das pessoas e da natureza.<\/p>\n<p style=\"text-align: justify;\">\u201cA cria\u00e7\u00e3o geme e sofre em dores de parto\u201d, concluiu dom Cl\u00e1udio Hummes, presidente da Comiss\u00e3o para a Amaz\u00f4nia. \u201cPodemos sim contribuir, e muito, se estivermos unidos, para que o mundo seja melhor!\u201d<\/p>\n","protected":false},"excerpt":{"rendered":"<p>Um encontro entre a Comiss\u00e3o Especial para Ecologia Integral e Minera\u00e7\u00e3o (CEEM), a Comiss\u00e3o para a Amaz\u00f4nia e a Rede Eclesial Pan-Amaz\u00f4nica (REPAM-Brasil), realizado no dia 19 de outubro, renovou o compromisso da Igreja em defesa dos direitos das pessoas e da natureza, especialmente na regi\u00e3o amaz\u00f4nica. Reunidos de forma virtual, as comiss\u00f5es da Confer\u00eancia [&hellip;]<\/p>\n","protected":false},"author":1,"featured_media":63550,"comment_status":"open","ping_status":"closed","sticky":false,"template":"","format":"standard","meta":{"footnotes":""},"categories":[7],"tags":[],"class_list":["post-63549","post","type-post","status-publish","format-standard","has-post-thumbnail","hentry","category-cnbb"],"_links":{"self":[{"href":"https:\/\/catolicanet.net\/wp-cnet\/wp-json\/wp\/v2\/posts\/63549","targetHints":{"allow":["GET"]}}],"collection":[{"href":"https:\/\/catolicanet.net\/wp-cnet\/wp-json\/wp\/v2\/posts"}],"about":[{"href":"https:\/\/catolicanet.net\/wp-cnet\/wp-json\/wp\/v2\/types\/post"}],"author":[{"embeddable":true,"href":"https:\/\/catolicanet.net\/wp-cnet\/wp-json\/wp\/v2\/users\/1"}],"replies":[{"embeddable":true,"href":"https:\/\/catolicanet.net\/wp-cnet\/wp-json\/wp\/v2\/comments?post=63549"}],"version-history":[{"count":1,"href":"https:\/\/catolicanet.net\/wp-cnet\/wp-json\/wp\/v2\/posts\/63549\/revisions"}],"predecessor-version":[{"id":63551,"href":"https:\/\/catolicanet.net\/wp-cnet\/wp-json\/wp\/v2\/posts\/63549\/revisions\/63551"}],"wp:featuredmedia":[{"embeddable":true,"href":"https:\/\/catolicanet.net\/wp-cnet\/wp-json\/wp\/v2\/media\/63550"}],"wp:attachment":[{"href":"https:\/\/catolicanet.net\/wp-cnet\/wp-json\/wp\/v2\/media?parent=63549"}],"wp:term":[{"taxonomy":"category","embeddable":true,"href":"https:\/\/catolicanet.net\/wp-cnet\/wp-json\/wp\/v2\/categories?post=63549"},{"taxonomy":"post_tag","embeddable":true,"href":"https:\/\/catolicanet.net\/wp-cnet\/wp-json\/wp\/v2\/tags?post=63549"}],"curies":[{"name":"wp","href":"https:\/\/api.w.org\/{rel}","templated":true}]}}