{"id":63546,"date":"2020-10-20T09:39:23","date_gmt":"2020-10-20T12:39:23","guid":{"rendered":"https:\/\/catolicanet.net\/wp-cnet\/?p=63546"},"modified":"2020-10-20T12:40:23","modified_gmt":"2020-10-20T15:40:23","slug":"pacto-pela-vida-e-pelo-brasil-e-o-mundo-do-trabalho-e-tema-do-webinar-especial-nesta-terca-feira-20-de-outubro","status":"publish","type":"post","link":"https:\/\/catolicanet.net\/wp-cnet\/pacto-pela-vida-e-pelo-brasil-e-o-mundo-do-trabalho-e-tema-do-webinar-especial-nesta-terca-feira-20-de-outubro\/","title":{"rendered":"\u201cPACTO PELA VIDA E PELO BRASIL E O MUNDO DO TRABALHO\u201d \u00c9 TEMA DO WEBINAR ESPECIAL NESTA TER\u00c7A-FEIRA, 20 DE OUTUBRO"},"content":{"rendered":"<p style=\"text-align: justify;\">Especialmente nesta ter\u00e7a-feira, 20 de outubro, \u00e0s 20h, a Comiss\u00e3o Episcopal Pastoral para a Cultura e a Educa\u00e7\u00e3o da Confer\u00eancia Nacional dos Bispos do Brasil (CNBB) realiza um webinar que vai o tema \u201cPacto pela Vida e pelo Brasil e o mundo do trabalho\u201d.<\/p>\n<p style=\"text-align: justify;\">O assessor pol\u00edtico da CNBB, padre Paulo Renato Campos recebe para o bate papo o arcebispo de S\u00e3o Paulo e vice-presidente do CELAM, cardeal Odilo Scherer e o presidente da ADCE UNIAPAC Brasil e pres. Do Conselho de adm. do grupo ASMAR, S\u00e9rgio Cavalieri.<\/p>\n<p style=\"text-align: justify;\">O webinar ser\u00e1 \u00e0s 20h, no\u00a0<strong><a href=\"https:\/\/www.youtube.com\/channel\/UCj-Iuy37uTrpOun69BIACWg\/featured\">canal do Youtube da Comiss\u00e3o para Cultura e Educa\u00e7\u00e3o da CNBB<\/a><\/strong>.<\/p>\n<p style=\"text-align: justify;\">Lives de Quarta:<\/p>\n<p style=\"text-align: justify;\">O ciclo de webinars, Semin\u00e1rios em Rede, acontece dentro das \u201cLives de Quarta\u201d, no canal da CEPCE na rede social YouTube. \u201cNa proposta do webinar, os temas das lives ter\u00e3o a contribui\u00e7\u00e3o de mais palestrantes e ser\u00e3o tratados com mais profundidade sob diferentes \u00e2ngulos\u201d, diz o padre Danilo Pinto, respons\u00e1vel pela ger\u00eancia de comunica\u00e7\u00e3o da CEPCE. Outro aspecto relevante \u00e9 que as confer\u00eancias do webinar ficar\u00e3o dispon\u00edveis no YouTube, para aqueles que desejarem assistir posteriormente.<\/p>\n","protected":false},"excerpt":{"rendered":"<p>Especialmente nesta ter\u00e7a-feira, 20 de outubro, \u00e0s 20h, a Comiss\u00e3o Episcopal Pastoral para a Cultura e a Educa\u00e7\u00e3o da Confer\u00eancia Nacional dos Bispos do Brasil (CNBB) realiza um webinar que vai o tema \u201cPacto pela Vida e pelo Brasil e o mundo do trabalho\u201d. O assessor pol\u00edtico da CNBB, padre Paulo Renato Campos recebe para [&hellip;]<\/p>\n","protected":false},"author":1,"featured_media":63547,"comment_status":"open","ping_status":"closed","sticky":false,"template":"","format":"standard","meta":{"footnotes":""},"categories":[7,13],"tags":[],"class_list":["post-63546","post","type-post","status-publish","format-standard","has-post-thumbnail","hentry","category-cnbb","category-featured"],"_links":{"self":[{"href":"https:\/\/catolicanet.net\/wp-cnet\/wp-json\/wp\/v2\/posts\/63546","targetHints":{"allow":["GET"]}}],"collection":[{"href":"https:\/\/catolicanet.net\/wp-cnet\/wp-json\/wp\/v2\/posts"}],"about":[{"href":"https:\/\/catolicanet.net\/wp-cnet\/wp-json\/wp\/v2\/types\/post"}],"author":[{"embeddable":true,"href":"https:\/\/catolicanet.net\/wp-cnet\/wp-json\/wp\/v2\/users\/1"}],"replies":[{"embeddable":true,"href":"https:\/\/catolicanet.net\/wp-cnet\/wp-json\/wp\/v2\/comments?post=63546"}],"version-history":[{"count":1,"href":"https:\/\/catolicanet.net\/wp-cnet\/wp-json\/wp\/v2\/posts\/63546\/revisions"}],"predecessor-version":[{"id":63548,"href":"https:\/\/catolicanet.net\/wp-cnet\/wp-json\/wp\/v2\/posts\/63546\/revisions\/63548"}],"wp:featuredmedia":[{"embeddable":true,"href":"https:\/\/catolicanet.net\/wp-cnet\/wp-json\/wp\/v2\/media\/63547"}],"wp:attachment":[{"href":"https:\/\/catolicanet.net\/wp-cnet\/wp-json\/wp\/v2\/media?parent=63546"}],"wp:term":[{"taxonomy":"category","embeddable":true,"href":"https:\/\/catolicanet.net\/wp-cnet\/wp-json\/wp\/v2\/categories?post=63546"},{"taxonomy":"post_tag","embeddable":true,"href":"https:\/\/catolicanet.net\/wp-cnet\/wp-json\/wp\/v2\/tags?post=63546"}],"curies":[{"name":"wp","href":"https:\/\/api.w.org\/{rel}","templated":true}]}}