{"id":63514,"date":"2020-10-19T09:32:33","date_gmt":"2020-10-19T12:32:33","guid":{"rendered":"https:\/\/catolicanet.net\/wp-cnet\/?p=63514"},"modified":"2020-10-19T12:33:40","modified_gmt":"2020-10-19T15:33:40","slug":"como-foram-os-ultimos-dias-de-vida-de-carlo-acutis","status":"publish","type":"post","link":"https:\/\/catolicanet.net\/wp-cnet\/como-foram-os-ultimos-dias-de-vida-de-carlo-acutis\/","title":{"rendered":"Como foram os \u00faltimos dias de vida de Carlo Acutis"},"content":{"rendered":"<h2 class=\"subtitle\" style=\"text-align: justify;\">O sacerdote que atendeu Acutis no hospital disse que ele parecia ficar esperando pelos sacramentos e sentia necessidade deles<\/h2>\n<p style=\"text-align: justify;\">Carlo Acutis foi beatificado recentemente na It\u00e1lia. Ele morreu aos 15 anos, v\u00edtima de c\u00e2ncer. N\u00e3o passou muito tempo no hospital. Todavia, deixou uma impress\u00e3o duradoura nos m\u00e9dicos e padres que o atenderam.<\/p>\n<p style=\"text-align: justify;\">\u201cCarlo foi como um meteoro, com uma passagem r\u00e1pida por nossa ala. A leucemia o levou antes que pud\u00e9ssemos conhec\u00ea-lo um pouco mais. No entanto, seus olhos doces permanecem gravados [em nossas mem\u00f3rias]. Seu olhar estava cheio de aten\u00e7\u00e3o \u2026 de coragem, de amor, de forte empatia\u201d, escreveram dois de seus m\u00e9dicos em artigo lido durante um evento ap\u00f3s a beatifica\u00e7\u00e3o.<\/p>\n<h3 style=\"text-align: justify;\">Amor \u00e0 Eucaristia e ao pr\u00f3ximo<\/h3>\n<p style=\"text-align: justify;\">Carlo Acutis era um adolescente cat\u00f3lico que assistia \u00e0 missa diariamente. Ele amava a Eucaristia e usava sua paix\u00e3o pelos computadores, por exemplo, para evangelizar.\u00a0 Morreu em 12 de outubro de 2006.<\/p>\n<p style=\"text-align: justify;\">Os dois m\u00e9dicos \u2013 Andrea Biondi e M\u00f2mcilo Jankovic \u2013 trataram de Acutis no Hospital St. Gerald, nos arredores de Mil\u00e3o. De fato, o jovem morreu uma semana depois de ser diagnosticado com a doen\u00e7a. Ele, no entanto, ofereceu seu sofrimento pelo papa e pela Igreja.<\/p>\n<p style=\"text-align: justify;\">\u201cSua f\u00e9 em Deus, que ele desejou e ainda deseja transmitir aos outros, ao seu pr\u00f3ximo, brilhou atrav\u00e9s dele\u201d, escreveram os m\u00e9dicos. Al\u00e9m disso, os doutores afirmaram: \u201cOs seus olhos gentis\u2026 ensinaram-nos muito: a vida, seja curta ou longa, deve ser vivida intensamente para si, mas tamb\u00e9m -e sobretudo -para os outros.\u201d<\/p>\n<h3 style=\"text-align: justify;\">Carlo Acutis e sua devo\u00e7\u00e3o aos sacramentos<\/h3>\n<p style=\"text-align: justify;\">Al\u00e9m disso, o capel\u00e3o que ungiu o Beato Carlo e lhe trouxe a comunh\u00e3o em seus \u00faltimos dias, pe. Sandro Villa, lembrou sua \u201ccompostura e devo\u00e7\u00e3o\u201d ao receber os sacramentos: \u201cEm uma pequena sala, no final do corredor, me vi na frente de um menino. Seu rosto p\u00e1lido, mas sereno, me surpreendeu \u2013 impens\u00e1vel em uma pessoa gravemente doente, especialmente um adolescente.\u201d<\/p>\n<div id=\"article-desk-content-p6-ad_2020_10_19_como-foram-os-ultimos-dias-de-vida-de-carlo-acutis\" class=\"css-y9mcup\" style=\"text-align: justify;\" data-google-query-id=\"CJzq4ZP9wOwCFdUyuQYdEYENyQ\">\n<div id=\"google_ads_iframe_64500793\/PT_DESK_ARTICLE_WELCOME_1X1_2__container__\"><\/div>\n<\/div>\n<p style=\"text-align: justify;\">A un\u00e7\u00e3o ocorreu, portanto, em 10 de outubro de 2006, um dia antes de o menino entrar em coma devido a uma hemorragia cerebral: \u201cTamb\u00e9m fiquei maravilhado com a compostura e a devo\u00e7\u00e3o com que, embora com dificuldade, recebeu os dois sacramentos\u201d, disse o sacerdote. \u201cEle parecia estar esperando por eles e sentia a necessidade deles\u201d, acrescentou.<\/p>\n","protected":false},"excerpt":{"rendered":"<p>O sacerdote que atendeu Acutis no hospital disse que ele parecia ficar esperando pelos sacramentos e sentia necessidade deles Carlo Acutis foi beatificado recentemente na It\u00e1lia. Ele morreu aos 15 anos, v\u00edtima de c\u00e2ncer. N\u00e3o passou muito tempo no hospital. Todavia, deixou uma impress\u00e3o duradoura nos m\u00e9dicos e padres que o atenderam. \u201cCarlo foi como [&hellip;]<\/p>\n","protected":false},"author":1,"featured_media":63515,"comment_status":"open","ping_status":"closed","sticky":false,"template":"","format":"standard","meta":{"footnotes":""},"categories":[4],"tags":[],"class_list":["post-63514","post","type-post","status-publish","format-standard","has-post-thumbnail","hentry","category-cotidiano"],"_links":{"self":[{"href":"https:\/\/catolicanet.net\/wp-cnet\/wp-json\/wp\/v2\/posts\/63514","targetHints":{"allow":["GET"]}}],"collection":[{"href":"https:\/\/catolicanet.net\/wp-cnet\/wp-json\/wp\/v2\/posts"}],"about":[{"href":"https:\/\/catolicanet.net\/wp-cnet\/wp-json\/wp\/v2\/types\/post"}],"author":[{"embeddable":true,"href":"https:\/\/catolicanet.net\/wp-cnet\/wp-json\/wp\/v2\/users\/1"}],"replies":[{"embeddable":true,"href":"https:\/\/catolicanet.net\/wp-cnet\/wp-json\/wp\/v2\/comments?post=63514"}],"version-history":[{"count":1,"href":"https:\/\/catolicanet.net\/wp-cnet\/wp-json\/wp\/v2\/posts\/63514\/revisions"}],"predecessor-version":[{"id":63516,"href":"https:\/\/catolicanet.net\/wp-cnet\/wp-json\/wp\/v2\/posts\/63514\/revisions\/63516"}],"wp:featuredmedia":[{"embeddable":true,"href":"https:\/\/catolicanet.net\/wp-cnet\/wp-json\/wp\/v2\/media\/63515"}],"wp:attachment":[{"href":"https:\/\/catolicanet.net\/wp-cnet\/wp-json\/wp\/v2\/media?parent=63514"}],"wp:term":[{"taxonomy":"category","embeddable":true,"href":"https:\/\/catolicanet.net\/wp-cnet\/wp-json\/wp\/v2\/categories?post=63514"},{"taxonomy":"post_tag","embeddable":true,"href":"https:\/\/catolicanet.net\/wp-cnet\/wp-json\/wp\/v2\/tags?post=63514"}],"curies":[{"name":"wp","href":"https:\/\/api.w.org\/{rel}","templated":true}]}}