{"id":63511,"date":"2020-10-19T09:31:39","date_gmt":"2020-10-19T12:31:39","guid":{"rendered":"https:\/\/catolicanet.net\/wp-cnet\/?p=63511"},"modified":"2020-10-19T12:32:18","modified_gmt":"2020-10-19T15:32:18","slug":"o-que-e-a-maturidade-na-fe-e-como-alcancar-essa-virtude","status":"publish","type":"post","link":"https:\/\/catolicanet.net\/wp-cnet\/o-que-e-a-maturidade-na-fe-e-como-alcancar-essa-virtude\/","title":{"rendered":"O que \u00e9 a maturidade na f\u00e9 e como alcan\u00e7ar essa virtude"},"content":{"rendered":"<h2 class=\"subtitle\" style=\"text-align: justify;\">A maturidade na f\u00e9, segundo o Padre Reginaldo Manzotti, \u00e9 fruto da maturidade ps\u00edquica, afetiva, f\u00edsica e espiritual<\/h2>\n<p style=\"text-align: justify;\"><span class=\"s1\">A maturidade na f\u00e9 crist\u00e3 \u00e9 colocada de forma muito frequente nos escritos de S\u00e3o Paulo. Ele passou de infantil, imaturo na f\u00e9, para um maduro na f\u00e9. Jeremias tamb\u00e9m passou por esse processo. De espiritualidade infantil, para uma maturidade na f\u00e9. E a B\u00edblia est\u00e1 repleta de exemplos.<\/span><\/p>\n<p style=\"text-align: justify;\"><span class=\"s1\">N\u00e3o podemos achar que j\u00e1 estamos prontos, polidos, e nos colocarmos numa atitude imut\u00e1vel. Frases como: \u201ceu fui sempre assim, eu n\u00e3o mudo\u201d, \u201cdesde crian\u00e7a sou assim e, na minha idade, j\u00e1 n\u00e3o h\u00e1 muito para mudar\u201d est\u00e3o erradas. O itiner\u00e1rio e a maturidade crist\u00e3 s\u00e3o etapas pr\u00f3prias da virtude da prud\u00eancia, que \u00e9 fruto da maturidade ps\u00edquica, afetiva, f\u00edsica e espiritual.<\/span><\/p>\n<p style=\"text-align: justify;\"><span class=\"s1\">A dimens\u00e3o positiva de uma pessoa madura na f\u00e9, que constitui maturidade na vida crist\u00e3, acontece quando ela consegue integrar, trabalhar a sua vida ps\u00edquica, afetiva, emocional, social e espiritual. Negar um desses aspectos \u00e9 forjar uma falsa maturidade.<\/span><\/p>\n<p style=\"text-align: justify;\"><span class=\"s1\">A maturidade na f\u00e9 nos lembra que a pessoa, na grande parte do seu ser, \u00e9 aquilo que ela faz de si mesma, quando ela traz \u00e0 luz da f\u00e9 suas neuroses, e na luz da f\u00e9 n\u00e3o as transfere para a religi\u00e3o.<\/span><\/p>\n<h3 style=\"text-align: justify;\">Maturidade na f\u00e9 e neurose<\/h3>\n<p style=\"text-align: justify;\"><span class=\"s1\">Pessoas fan\u00e1ticas s\u00e3o exemplo de uma neurose espiritual. Pessoas que n\u00e3o conseguem conviver em paz, dentro de um ambiente religioso. Quando n\u00e3o se consegue somar numa pastoral, \u00e9 neurose. H\u00e1 pessoas que s\u00e3o excelentes trabalhando sozinhas. Capazes de carregar um caminh\u00e3o de toras, mas quando se pede para trabalhar junto com os demais, n\u00e3o sabem dividir o peso. Essas caracter\u00edsticas que herdamos, traumas que trazemos, s\u00e3o obst\u00e1culos para a maturidade da f\u00e9.<\/span><\/p>\n<p style=\"text-align: justify;\"><span class=\"s1\">Um dos elementos da maturidade da espiritualidade \u00e9 colocar a raz\u00e3o sobre a paix\u00e3o. O texto da Carta aos Ef\u00e9sios nos ajudar\u00e1 a entender. S\u00e3o Paulo fala:\u00a0<i>\u201cAt\u00e9 que todos n\u00f3s cheguemos \u00e0 unidade da f\u00e9 e do conhecimento do Filho de Deus, at\u00e9 atingirmos o estado de homens feitos, de acordo com a idade matura da plenitude de Cristo a estatura da maturidade de Cristo\u201d<\/i>\u00a0(Ef 4, 13). Portanto, a meta de todo o crist\u00e3o \u00e9 chegar \u00e0 maturidade da pessoa em Cristo.<\/span><\/p>\n<div id=\"article-desk-content-p6-ad_2020_10_19_o-que-e-a-maturidade-na-fe-e-como-alcancar-essa-virtude\" class=\"css-y9mcup\" style=\"text-align: justify;\" data-google-query-id=\"CM2U8vn8wOwCFdkEuQYdEfYH8w\">\n<div id=\"google_ads_iframe_64500793\/PT_DESK_ARTICLE_WELCOME_1X1_1__container__\"><\/div>\n<\/div>\n<p style=\"text-align: justify;\"><span class=\"s1\">Que o Esp\u00edrito Santo nos ilumine, para que sejamos maduros na f\u00e9 e sempre mais apaixonados por Jesus Cristo.<\/span><\/p>\n<p style=\"text-align: justify;\"><em><span class=\"s1\">Deus aben\u00e7oe,<\/span><\/em><\/p>\n<p style=\"text-align: justify;\"><a href=\"https:\/\/www.padrereginaldomanzotti.org.br\/\" target=\"_blank\" rel=\"noopener noreferrer\"><em><span class=\"s1\">Padre Reginaldo Manzotti<\/span><\/em><\/a><\/p>\n","protected":false},"excerpt":{"rendered":"<p>A maturidade na f\u00e9, segundo o Padre Reginaldo Manzotti, \u00e9 fruto da maturidade ps\u00edquica, afetiva, f\u00edsica e espiritual A maturidade na f\u00e9 crist\u00e3 \u00e9 colocada de forma muito frequente nos escritos de S\u00e3o Paulo. Ele passou de infantil, imaturo na f\u00e9, para um maduro na f\u00e9. Jeremias tamb\u00e9m passou por esse processo. De espiritualidade infantil, [&hellip;]<\/p>\n","protected":false},"author":1,"featured_media":63512,"comment_status":"open","ping_status":"closed","sticky":false,"template":"","format":"standard","meta":{"footnotes":""},"categories":[4],"tags":[],"class_list":["post-63511","post","type-post","status-publish","format-standard","has-post-thumbnail","hentry","category-cotidiano"],"_links":{"self":[{"href":"https:\/\/catolicanet.net\/wp-cnet\/wp-json\/wp\/v2\/posts\/63511","targetHints":{"allow":["GET"]}}],"collection":[{"href":"https:\/\/catolicanet.net\/wp-cnet\/wp-json\/wp\/v2\/posts"}],"about":[{"href":"https:\/\/catolicanet.net\/wp-cnet\/wp-json\/wp\/v2\/types\/post"}],"author":[{"embeddable":true,"href":"https:\/\/catolicanet.net\/wp-cnet\/wp-json\/wp\/v2\/users\/1"}],"replies":[{"embeddable":true,"href":"https:\/\/catolicanet.net\/wp-cnet\/wp-json\/wp\/v2\/comments?post=63511"}],"version-history":[{"count":1,"href":"https:\/\/catolicanet.net\/wp-cnet\/wp-json\/wp\/v2\/posts\/63511\/revisions"}],"predecessor-version":[{"id":63513,"href":"https:\/\/catolicanet.net\/wp-cnet\/wp-json\/wp\/v2\/posts\/63511\/revisions\/63513"}],"wp:featuredmedia":[{"embeddable":true,"href":"https:\/\/catolicanet.net\/wp-cnet\/wp-json\/wp\/v2\/media\/63512"}],"wp:attachment":[{"href":"https:\/\/catolicanet.net\/wp-cnet\/wp-json\/wp\/v2\/media?parent=63511"}],"wp:term":[{"taxonomy":"category","embeddable":true,"href":"https:\/\/catolicanet.net\/wp-cnet\/wp-json\/wp\/v2\/categories?post=63511"},{"taxonomy":"post_tag","embeddable":true,"href":"https:\/\/catolicanet.net\/wp-cnet\/wp-json\/wp\/v2\/tags?post=63511"}],"curies":[{"name":"wp","href":"https:\/\/api.w.org\/{rel}","templated":true}]}}