{"id":63502,"date":"2020-10-19T09:26:59","date_gmt":"2020-10-19T12:26:59","guid":{"rendered":"https:\/\/catolicanet.net\/wp-cnet\/?p=63502"},"modified":"2020-10-19T12:27:57","modified_gmt":"2020-10-19T15:27:57","slug":"cnbb-por-meio-da-edicoes-cnbb-lanca-a-publicacao-da-enciclica-fratelli-tutti-em-live-na-segunda-19-de-outubro","status":"publish","type":"post","link":"https:\/\/catolicanet.net\/wp-cnet\/cnbb-por-meio-da-edicoes-cnbb-lanca-a-publicacao-da-enciclica-fratelli-tutti-em-live-na-segunda-19-de-outubro\/","title":{"rendered":"CNBB, POR MEIO DA EDI\u00c7\u00d5ES CNBB, LAN\u00c7A A PUBLICA\u00c7\u00c3O DA ENC\u00cdCLICA FRATELLI TUTTI EM LIVE NA SEGUNDA, 19 DE OUTUBRO"},"content":{"rendered":"<p style=\"text-align: justify;\">A Confer\u00eancia Nacional dos Bispos do Brasil (CNBB), por meio da sua editora, a Edi\u00e7\u00f5es CNBB, ir\u00e1 realizar na pr\u00f3xima segunda-feira, dia 19 de outubro, uma live em formato de bate-papo que abordar\u00e1 como tema o lan\u00e7amento, em portugu\u00eas do Brasil, da nova Carta Enc\u00edclica do Papa Francisco: Fratelli Tutti.<\/p>\n<p style=\"text-align: justify;\">O objetivo dessa roda de conversa\u00a0 ser\u00e1 o est\u00edmulo \u00e0 leitura, bem como a reflex\u00e3o e dissemina\u00e7\u00e3o da mensagem universal que o Santo Padre promoveu em sua mais nova Enc\u00edclica que j\u00e1 est\u00e1 dispon\u00edvel para compra na Edi\u00e7\u00f5es CNBB.<\/p>\n<p style=\"text-align: justify;\">Os assuntos que ser\u00e3o abordados nesse bate-papo virtual s\u00e3o diversos, como: a ideia geral da Carta Enc\u00edclica, sua dimens\u00e3o civilizacional, seus pontos centrais em rela\u00e7\u00e3o a pol\u00edtica social, econ\u00f4mica, o meio-ambiente, o ecumenismo, e sua conex\u00e3o com a Campanha da Fraternidade Ecum\u00eanica de 2021, bem como o documento nos norteia sobre casos atuais sobre a Amaz\u00f4nia, o cen\u00e1rio pand\u00eamico e o di\u00e1logo entre culturas e religi\u00f5es a n\u00edvel mundial.<\/p>\n<p style=\"text-align: justify;\">A live ser\u00e1 transmitida diretamente da sede da CNBB e ter\u00e1 a participa\u00e7\u00e3o do bispo auxiliar do Rio de Janeiro e secret\u00e1rio-geral da entidade, dom Joel Portella Amado, que tamb\u00e9m preside a Edi\u00e7\u00f5es CNBB, da coordenadora da Comiss\u00e3o Episcopal Especial para a Amaz\u00f4nia, irm\u00e3 Maria Irene Lopes dos Santos, do subsecret\u00e1rio de pastoral e assessor da Comiss\u00e3o Episcopal para o Ecumenismo, padre Marcus Barbosa Guimar\u00e3es, do coordenador de Campanhas da CNBB, padre Patriky Samuel Batista, e do assessor pol\u00edtico da CNBB, padre Paulo Renato.<\/p>\n<p style=\"text-align: justify;\">A roda de conversa contar\u00e1 com dois ambientes, um para os convidados ficarem bem \u00e0 vontade para o bate-papo descontra\u00eddo entre irm\u00e3os, e outro que ser\u00e1 composto por uma bancada, onde o apresentador far\u00e1 intera\u00e7\u00f5es com o p\u00fablico ao vivo e promover\u00e1 as promo\u00e7\u00f5es e sorteios para os internautas que estiverem online.<br \/>\nPromo\u00e7\u00f5es e sorteios:<\/p>\n<p style=\"text-align: justify;\">A live ter\u00e1 in\u00edcio \u00e0s 15h da segunda-feira, 19 de outubro, e ter\u00e1 uma dura\u00e7\u00e3o m\u00e9dia de 1 hora. Durante este per\u00edodo de transmiss\u00e3o, quem estiver interessado na nova carta enc\u00edclica do Papa Francisco: Fratelli Tutti, poder\u00e1 compr\u00e1-la com desconto e brinde especial por meio do site da Edi\u00e7\u00f5es CNBB (<a href=\"https:\/\/www.edicoescnbb.com.br\/\">www.edi\u00e7\u00f5escnbb.com.br<\/a>).<\/p>\n<p style=\"text-align: justify;\">O internauta que estiver participando da live ao vivo tamb\u00e9m ter\u00e1 a oportunidade de ser contemplado com exemplares da nova Enc\u00edclica por meio de sorteio.<\/p>\n<p style=\"text-align: justify;\"><strong>Servi\u00e7o:<\/strong><br \/>\n<strong>Onde:<\/strong>\u00a0Sede CNBB<br \/>\n<strong>Quando:<\/strong>\u00a0Segunda-feira, 19 de outubro<br \/>\n<strong>Hor\u00e1rio:<\/strong>\u00a015h<br \/>\n<strong>Como assistir:<br \/>\n<\/strong>No perfil da Edi\u00e7\u00f5es CNBB no Facebook (<a href=\"https:\/\/www.facebook.com\/edicoes.cnbb\/\">@edicoescnbb<\/a>) e em seu canal no YouTube\u00a0<a href=\"https:\/\/www.youtube.com\/user\/CNBBEDICOES\">(CNBBEdi\u00e7\u00f5es)<\/a><\/p>\n<p style=\"text-align: justify;\"><strong>Mais informa\u00e7\u00f5es:<\/strong><br \/>\nContato: Willian Diniz \u2013 Coordenador de Marketing da Edi\u00e7\u00f5es CNBB (11) 96061-1385.<\/p>\n","protected":false},"excerpt":{"rendered":"<p>A Confer\u00eancia Nacional dos Bispos do Brasil (CNBB), por meio da sua editora, a Edi\u00e7\u00f5es CNBB, ir\u00e1 realizar na pr\u00f3xima segunda-feira, dia 19 de outubro, uma live em formato de bate-papo que abordar\u00e1 como tema o lan\u00e7amento, em portugu\u00eas do Brasil, da nova Carta Enc\u00edclica do Papa Francisco: Fratelli Tutti. O objetivo dessa roda de [&hellip;]<\/p>\n","protected":false},"author":1,"featured_media":63503,"comment_status":"open","ping_status":"closed","sticky":false,"template":"","format":"standard","meta":{"footnotes":""},"categories":[7,13],"tags":[],"class_list":["post-63502","post","type-post","status-publish","format-standard","has-post-thumbnail","hentry","category-cnbb","category-featured"],"_links":{"self":[{"href":"https:\/\/catolicanet.net\/wp-cnet\/wp-json\/wp\/v2\/posts\/63502","targetHints":{"allow":["GET"]}}],"collection":[{"href":"https:\/\/catolicanet.net\/wp-cnet\/wp-json\/wp\/v2\/posts"}],"about":[{"href":"https:\/\/catolicanet.net\/wp-cnet\/wp-json\/wp\/v2\/types\/post"}],"author":[{"embeddable":true,"href":"https:\/\/catolicanet.net\/wp-cnet\/wp-json\/wp\/v2\/users\/1"}],"replies":[{"embeddable":true,"href":"https:\/\/catolicanet.net\/wp-cnet\/wp-json\/wp\/v2\/comments?post=63502"}],"version-history":[{"count":1,"href":"https:\/\/catolicanet.net\/wp-cnet\/wp-json\/wp\/v2\/posts\/63502\/revisions"}],"predecessor-version":[{"id":63504,"href":"https:\/\/catolicanet.net\/wp-cnet\/wp-json\/wp\/v2\/posts\/63502\/revisions\/63504"}],"wp:featuredmedia":[{"embeddable":true,"href":"https:\/\/catolicanet.net\/wp-cnet\/wp-json\/wp\/v2\/media\/63503"}],"wp:attachment":[{"href":"https:\/\/catolicanet.net\/wp-cnet\/wp-json\/wp\/v2\/media?parent=63502"}],"wp:term":[{"taxonomy":"category","embeddable":true,"href":"https:\/\/catolicanet.net\/wp-cnet\/wp-json\/wp\/v2\/categories?post=63502"},{"taxonomy":"post_tag","embeddable":true,"href":"https:\/\/catolicanet.net\/wp-cnet\/wp-json\/wp\/v2\/tags?post=63502"}],"curies":[{"name":"wp","href":"https:\/\/api.w.org\/{rel}","templated":true}]}}