{"id":63487,"date":"2020-10-19T09:16:41","date_gmt":"2020-10-19T12:16:41","guid":{"rendered":"https:\/\/catolicanet.net\/wp-cnet\/?p=63487"},"modified":"2020-10-19T12:17:46","modified_gmt":"2020-10-19T15:17:46","slug":"padre-maccalli-comovido-agradece-as-palavras-do-papa","status":"publish","type":"post","link":"https:\/\/catolicanet.net\/wp-cnet\/padre-maccalli-comovido-agradece-as-palavras-do-papa\/","title":{"rendered":"Padre Maccalli comovido agradece as palavras do Papa"},"content":{"rendered":"<figure class=\"article__image\" style=\"text-align: justify;\"><span class=\"didascalia_img\">Padre Maccalli na sua miss\u00e3o em N\u00edger\u00a0 (ANSA)<\/span><\/figure>\n<div class=\"article__meta\">\n<div class=\"article__subTitle\" style=\"text-align: justify;\">&#8220;Estou convencido que a ora\u00e7\u00e3o em conjunto \u00e9 o fio indispens\u00e1vel para tecer a tela da paz e da fraternidade&#8221;. O mission\u00e1rio italiano, sequestrado no N\u00edger h\u00e1 dois anos e libertado em 8 de outubro em Mali, dirigiu palavras de sincero agradecimento ao Papa Francisco que o saudou no Angelus, no Dia Mundial das Miss\u00f5es.<\/div>\n<div class=\"title__separator\" style=\"text-align: justify;\"><\/div>\n<div class=\"article__text \">\n<p style=\"text-align: justify;\"><b>Benedetta Capelli e Gabriella Ceraso &#8211; Vatican News<\/b><\/p>\n<p style=\"text-align: justify;\">\u201cUma salva de palmas para o padre Maccalli\u201d. Nas sauda\u00e7\u00f5es no final do Angelus de domingo (18) o Papa Francisco pediu aos presentes na Pra\u00e7a S\u00e3o Pedro, para expressar a alegria da Igreja ap\u00f3s a liberta\u00e7\u00e3o do mission\u00e1rio italiano, sequestrado no N\u00edger em 17 de setembro de 2018 e libertado em Mali dez dias aatr\u00e1s.<\/p>\n<p style=\"text-align: justify;\">\u201cQuero agradecer a Deus pela t\u00e3o esperada liberta\u00e7\u00e3o do Padre Pierluigi Macalli \u2013 fa\u00e7amos um grande aplauso &#8211; que foi sequestrado h\u00e1 dois anos no N\u00edger. Tamb\u00e9m nos alegramos porque com ele\u00a0foram libertados\u00a0tr\u00eas outros ref\u00e9ns. Continuemos a rezar pelos mission\u00e1rios e catequistas e tamb\u00e9m por aqueles que s\u00e3o perseguidos ou sequestrados em v\u00e1rias partes do mundo\u201d.<\/p>\n<h2 style=\"text-align: justify;\"><b>Mission\u00e1rios armados com a n\u00e3o-viol\u00eancia<\/b><\/h2>\n<p style=\"text-align: justify;\">Surpresa e emo\u00e7\u00e3o s\u00e3o os sentimentos manifestados pelo padre Pierluigi que n\u00e3o esperava as palavras de Francisco exatamente no Dia Mundial das Miss\u00f5es, quando recordou os muitos &#8220;tecel\u00f5es de fraternidade&#8221; espalhados pelo mundo para levar a \u00e1gua fresca do Evangelho. O sacerdote recorda tamb\u00e9m da irm\u00e3 Gloria Narv\u00e1ez, religiosa colombiana sequestrada pelos jihadistas em Mali em 2017, e pede ora\u00e7\u00f5es por ela e pela sua liberta\u00e7\u00e3o. \u201cN\u00e3o tinha nada mais do que a ora\u00e7\u00e3o\u201d: assim recorda a seu per\u00edodo de pris\u00e3o ao Vatican News:<\/p>\n<p style=\"text-align: justify;\"><b>Entrevista com o padre Maccalli<\/b><\/p>\n<p style=\"text-align: justify;\"><b>Pe. Maccalli:<\/b>\u00a0Fiquei surpreso e comovido, porque eu tamb\u00e9m estava acompanhando a transmiss\u00e3o ao vivo, estava com minha irm\u00e3 ao meu lado. Ela me abra\u00e7ou. Foi realmente um momento muito forte, como foram fortes os abra\u00e7os que recebi desde o primeiro dia em que cheguei em Roma, da minha fam\u00edlia e depois do pa\u00eds e agora do Papa e de toda a Igreja. Realmente n\u00e3o tenho palavras para agradecer a todos pela mem\u00f3ria, pela ora\u00e7\u00e3o, pelo apoio: voc\u00eas foram minha for\u00e7a, realmente, eu sempre esperei, sempre acreditei que mais cedo ou mais tarde tudo iria acabar, e eu poderia abra\u00e7ar novamente minha fam\u00edlia. Realmente, obrigado.<\/p>\n<p style=\"text-align: justify;\"><i>Hoje celebramos o Dia Mundial das Miss\u00f5es. Sua experi\u00eancia de pris\u00e3o, dois longos e dif\u00edceis anos, por\u00e9m sustentados por essa grande motiva\u00e7\u00e3o que \u00e9 o tema de hoje: &#8220;Ser tecel\u00f5es de fraternidade&#8221;&#8230;<\/i><\/p>\n<p style=\"text-align: justify;\"><b>Pe. Maccalli:\u00a0<\/b>Foi uma longa e intermin\u00e1vel espera. Ainda n\u00e3o consegui reorganizar meus pensamentos, meus sentimentos, estou ainda em fase de pouso, desculpe-me, mas esta experi\u00eancia foi muito forte para mim. Pensei que tinham me roubado dois anos de miss\u00e3o, ao inv\u00e9s disso percebi que foram dois anos frut\u00edferos, porque a miss\u00e3o \u00e9 Missio Dei e est\u00e1 em boas m\u00e3os, nas m\u00e3os de Deus. \u00c9 claro que eu tive esta experi\u00eancia que chamo de deportado de guerra, senti \u00f3dio e desprezo na minha pele, porque eu era o inimigo a combater. Mas este per\u00edodo de pris\u00e3o me permitiu sentir em comunh\u00e3o com todas as v\u00edtimas inocentes da viol\u00eancia e da guerra: n\u00f3s mission\u00e1rios somos frequentemente alvos f\u00e1ceis de vingan\u00e7a e persegui\u00e7\u00e3o em muitas partes do mundo. Somos v\u00edtimas inocentes e testemunhas de um poss\u00edvel mundo de fraternidade universal. Somos perigosos, eu diria, porque armados com a n\u00e3o-viol\u00eancia acreditamos que Shalom triunfar\u00e1 sobre o mal, acreditamos que &#8220;a justi\u00e7a e a paz se beijar\u00e3o e a verdade e o amor se encontrar\u00e3o&#8221;. Por isso, com nossas vidas, e para alguns tamb\u00e9m com o mart\u00edrio, quebramos a rede de viol\u00eancia oferecendo perd\u00e3o a todos, como eu o ofereci \u00e0queles que me vigiavam e me mantiveram preso.<\/p>\n<p style=\"text-align: justify;\">Dizia para mim mesmo, olhando aqueles jovens com as Kalashnikov nas m\u00e3os: &#8220;Eles n\u00e3o sabem o que fazem&#8221;. Estou convencido e acredito firmemente, depois destes dois anos, que a ora\u00e7\u00e3o e a ora\u00e7\u00e3o em conjunto &#8211; que ouvi e testemunhei dos grupos mission\u00e1rios, da diocese que todos os dias 17 do m\u00eas se reuniram para uma vig\u00edlia e uma marcha de ora\u00e7\u00e3o &#8211; a ora\u00e7\u00e3o em conjunto \u00e9 o fio indispens\u00e1vel para tecer a tela da paz e da fraternidade. E minha ora\u00e7\u00e3o, daquele lugar perdido no Saara, foi minha for\u00e7a, eu n\u00e3o tinha mais nada. Fui sequestrado de pijama, fiz um ter\u00e7o de n\u00f3s com o tecido e rezava todos os dias, de manh\u00e3 e \u00e0 noite, confiando-me a Nossa Senhora desatadora de n\u00f3s. Por isso, creio que constru\u00edmos juntos esta tela de fraternidade: n\u00f3s mission\u00e1rios de fronteira e voc\u00eas comunidades que nos enviaram e nos apoiam com a ora\u00e7\u00e3o, com muito carinho e com a caridade. Permitam-me agradecer a todos, atrav\u00e9s das ondas da R\u00e1dio Vaticano que me fez companhia nos \u00faltimos quatro meses. Recebemos um pequeno r\u00e1dio no dia 20 de maio, exatamente, da provid\u00eancia, no dia do meu anivers\u00e1rio. Claro que eu teria preferido que eles nos tivessem dado a not\u00edcia da liberta\u00e7\u00e3o pela qual tivemos que esperar, mas todas as noites eu ouvia a R\u00e1dio Vaticano e, especialmente aos s\u00e1bados, me dava aquela motiva\u00e7\u00e3o espiritual do Evangelho que eu n\u00e3o tinha \u00e0 m\u00e3o.<\/p>\n<\/div>\n<\/div>\n","protected":false},"excerpt":{"rendered":"<p>Padre Maccalli na sua miss\u00e3o em N\u00edger\u00a0 (ANSA) &#8220;Estou convencido que a ora\u00e7\u00e3o em conjunto \u00e9 o fio indispens\u00e1vel para tecer a tela da paz e da fraternidade&#8221;. O mission\u00e1rio italiano, sequestrado no N\u00edger h\u00e1 dois anos e libertado em 8 de outubro em Mali, dirigiu palavras de sincero agradecimento ao Papa Francisco que o [&hellip;]<\/p>\n","protected":false},"author":1,"featured_media":63488,"comment_status":"open","ping_status":"closed","sticky":false,"template":"","format":"standard","meta":{"footnotes":""},"categories":[3],"tags":[],"class_list":["post-63487","post","type-post","status-publish","format-standard","has-post-thumbnail","hentry","category-vaticano"],"_links":{"self":[{"href":"https:\/\/catolicanet.net\/wp-cnet\/wp-json\/wp\/v2\/posts\/63487","targetHints":{"allow":["GET"]}}],"collection":[{"href":"https:\/\/catolicanet.net\/wp-cnet\/wp-json\/wp\/v2\/posts"}],"about":[{"href":"https:\/\/catolicanet.net\/wp-cnet\/wp-json\/wp\/v2\/types\/post"}],"author":[{"embeddable":true,"href":"https:\/\/catolicanet.net\/wp-cnet\/wp-json\/wp\/v2\/users\/1"}],"replies":[{"embeddable":true,"href":"https:\/\/catolicanet.net\/wp-cnet\/wp-json\/wp\/v2\/comments?post=63487"}],"version-history":[{"count":1,"href":"https:\/\/catolicanet.net\/wp-cnet\/wp-json\/wp\/v2\/posts\/63487\/revisions"}],"predecessor-version":[{"id":63489,"href":"https:\/\/catolicanet.net\/wp-cnet\/wp-json\/wp\/v2\/posts\/63487\/revisions\/63489"}],"wp:featuredmedia":[{"embeddable":true,"href":"https:\/\/catolicanet.net\/wp-cnet\/wp-json\/wp\/v2\/media\/63488"}],"wp:attachment":[{"href":"https:\/\/catolicanet.net\/wp-cnet\/wp-json\/wp\/v2\/media?parent=63487"}],"wp:term":[{"taxonomy":"category","embeddable":true,"href":"https:\/\/catolicanet.net\/wp-cnet\/wp-json\/wp\/v2\/categories?post=63487"},{"taxonomy":"post_tag","embeddable":true,"href":"https:\/\/catolicanet.net\/wp-cnet\/wp-json\/wp\/v2\/tags?post=63487"}],"curies":[{"name":"wp","href":"https:\/\/api.w.org\/{rel}","templated":true}]}}