{"id":63484,"date":"2020-10-19T09:14:50","date_gmt":"2020-10-19T12:14:50","guid":{"rendered":"https:\/\/catolicanet.net\/wp-cnet\/?p=63484"},"modified":"2020-10-19T12:16:16","modified_gmt":"2020-10-19T15:16:16","slug":"francisco-participa-de-encontro-inter-religioso-de-oracao-pela-paz","status":"publish","type":"post","link":"https:\/\/catolicanet.net\/wp-cnet\/francisco-participa-de-encontro-inter-religioso-de-oracao-pela-paz\/","title":{"rendered":"Francisco participa de encontro inter-religioso de Ora\u00e7\u00e3o pela Paz"},"content":{"rendered":"<figure class=\"article__image\" style=\"text-align: justify;\"><span class=\"didascalia_img\">Papa Francisco em ora\u00e7\u00e3o\u00a0<\/span><\/figure>\n<div class=\"article__meta\">\n<div class=\"article__subTitle\" style=\"text-align: justify;\">A Comunidade de Santo Eg\u00eddio desde o encontro de Assis em 1986 realiza este encontro inter-religioso anual, neste ano na sua 34\u00aa edi\u00e7\u00e3o. Neste ano o tema ser\u00e1: &#8220;Ningu\u00e9m se salva sozinho &#8211; paz e fraternidade&#8221;. Estar\u00e3o presentes os l\u00edderes de v\u00e1rias religi\u00f5es que rezar\u00e3o pelas v\u00edtimas da guerra e da pandemia.<\/div>\n<div class=\"title__separator\" style=\"text-align: justify;\"><\/div>\n<div class=\"article__text \">\n<p style=\"text-align: justify;\"><b>Vatican News<\/b><\/p>\n<p style=\"text-align: justify;\">\u00a0Na pr\u00f3xima ter\u00e7a-feira, 20 de outubro, o Papa Francisco participar\u00e1 do encontro de Ora\u00e7\u00e3o pela Paz no Esp\u00edrito de Assis, intitulado &#8220;Ningu\u00e9m se salva sozinho &#8211; Paz e Fraternidade&#8221;, promovido pela Comunidade de Santo Eg\u00eddio. Em comunicado, o diretor da Sala de Imprensa do Vaticano, Matteo Bruni, informa que Francisco, conforme anunciado pela Prefeitura da Casa Pontif\u00edcia, participar\u00e1 de um momento de ora\u00e7\u00e3o ecum\u00eanica com outras denomina\u00e7\u00f5es crist\u00e3s na Bas\u00edlica de Santa Maria em Aracoeli, Roma, e da cerim\u00f4nia subsequente com representantes das grandes religi\u00f5es do mundo na Pra\u00e7a da Prefeitura de Roma, Campidoglio.<\/p>\n<h2 style=\"text-align: justify;\"><b>Um minuto de sil\u00eancio para as v\u00edtimas da guerra e da pandemia<\/b><\/h2>\n<p style=\"text-align: justify;\">Os l\u00edderes religiosos far\u00e3o suas ora\u00e7\u00f5es em lugares separados pouco depois das 16 horas (hor\u00e1rio europeu). Na Bas\u00edlica de Aracoeli o Papa Francisco e outros crist\u00e3os rezar\u00e3o com o Patriarca de Constantinopla Bartolomeu I e representantes das v\u00e1rias igrejas ortodoxas e protestantes; os judeus far\u00e3o suas ora\u00e7\u00f5es na Sinagoga, mu\u00e7ulmanos nos Museus Capitolinos, assim como budistas e representantes das religi\u00f5es orientais. Depois de cerca uma hora todos se encontrar\u00e3o na Pra\u00e7a da Prefeitura, Campidoglio, com a presen\u00e7a do Presidente da Rep\u00fablica Italiana Sergio Mattarella para o in\u00edcio da cerim\u00f4nia e de v\u00e1rios discursos. No final, da cerim\u00f4nia ser\u00e1 realizado um minuto de sil\u00eancio em mem\u00f3ria das v\u00edtimas da pandemia e de todas as guerras e, por fim, juntos, os l\u00edderes religiosos acender\u00e3o o candelabro da paz.<\/p>\n<\/div>\n<\/div>\n","protected":false},"excerpt":{"rendered":"<p>Papa Francisco em ora\u00e7\u00e3o\u00a0 A Comunidade de Santo Eg\u00eddio desde o encontro de Assis em 1986 realiza este encontro inter-religioso anual, neste ano na sua 34\u00aa edi\u00e7\u00e3o. Neste ano o tema ser\u00e1: &#8220;Ningu\u00e9m se salva sozinho &#8211; paz e fraternidade&#8221;. Estar\u00e3o presentes os l\u00edderes de v\u00e1rias religi\u00f5es que rezar\u00e3o pelas v\u00edtimas da guerra e da [&hellip;]<\/p>\n","protected":false},"author":1,"featured_media":63485,"comment_status":"open","ping_status":"closed","sticky":false,"template":"","format":"standard","meta":{"footnotes":""},"categories":[3],"tags":[],"class_list":["post-63484","post","type-post","status-publish","format-standard","has-post-thumbnail","hentry","category-vaticano"],"_links":{"self":[{"href":"https:\/\/catolicanet.net\/wp-cnet\/wp-json\/wp\/v2\/posts\/63484","targetHints":{"allow":["GET"]}}],"collection":[{"href":"https:\/\/catolicanet.net\/wp-cnet\/wp-json\/wp\/v2\/posts"}],"about":[{"href":"https:\/\/catolicanet.net\/wp-cnet\/wp-json\/wp\/v2\/types\/post"}],"author":[{"embeddable":true,"href":"https:\/\/catolicanet.net\/wp-cnet\/wp-json\/wp\/v2\/users\/1"}],"replies":[{"embeddable":true,"href":"https:\/\/catolicanet.net\/wp-cnet\/wp-json\/wp\/v2\/comments?post=63484"}],"version-history":[{"count":1,"href":"https:\/\/catolicanet.net\/wp-cnet\/wp-json\/wp\/v2\/posts\/63484\/revisions"}],"predecessor-version":[{"id":63486,"href":"https:\/\/catolicanet.net\/wp-cnet\/wp-json\/wp\/v2\/posts\/63484\/revisions\/63486"}],"wp:featuredmedia":[{"embeddable":true,"href":"https:\/\/catolicanet.net\/wp-cnet\/wp-json\/wp\/v2\/media\/63485"}],"wp:attachment":[{"href":"https:\/\/catolicanet.net\/wp-cnet\/wp-json\/wp\/v2\/media?parent=63484"}],"wp:term":[{"taxonomy":"category","embeddable":true,"href":"https:\/\/catolicanet.net\/wp-cnet\/wp-json\/wp\/v2\/categories?post=63484"},{"taxonomy":"post_tag","embeddable":true,"href":"https:\/\/catolicanet.net\/wp-cnet\/wp-json\/wp\/v2\/tags?post=63484"}],"curies":[{"name":"wp","href":"https:\/\/api.w.org\/{rel}","templated":true}]}}