{"id":6346,"date":"2015-08-11T14:00:29","date_gmt":"2015-08-11T17:00:29","guid":{"rendered":"http:\/\/catolicanet.net\/wp-cnet\/taize-lencontro-por-uma-nova-solidariedader-comeca-em-portugues\/"},"modified":"2017-04-11T09:03:29","modified_gmt":"2017-04-11T12:03:29","slug":"taize-lencontro-por-uma-nova-solidariedader-comeca-em-portugues","status":"publish","type":"post","link":"https:\/\/catolicanet.net\/wp-cnet\/taize-lencontro-por-uma-nova-solidariedader-comeca-em-portugues\/","title":{"rendered":"Taiz\u00e9: \u00abEncontro por uma nova solidariedade\u00bb come\u00e7a em portugu\u00eas"},"content":{"rendered":"<p style=\"text-align: justify;\"><img decoding=\"async\" src=\"http:\/\/catolicanet.com.br\/images\/stories\/geral\/1taize.jpg\" border=\"0\" align=\"left\" \/> Foi com um c\u00e2ntico em portugu\u00eas que se iniciou, esta manh\u00e3, o primeiro tempo de ora\u00e7\u00e3o do encontro \u201cPor uma Nova Solidariedade\u201d, que a comunidade mon\u00e1stica de Taiz\u00e9 promove at\u00e9 domingo na pequena aldeia da Borgonha (Fran\u00e7a).<\/p>\n<p>As cerca de quatro mil vozes presentes esta semana na colina entoaram \u201cCantarei ao Senhor enquanto viver, louvarei o meu Deus enquanto existir, nele encontro a minha alegria\u201d.<\/p>\n<p>Esta semana especial em Taiz\u00e9 assinala tr\u00eas datas importantes: o nascimento do fundador, o irm\u00e3o Roger, h\u00e1 100 anos, os 75 anos da sua chegada a Taiz\u00e9, em 1940, e os dez anos da sua morte.<\/p>\n<p>Centena e meia de debates e ateli\u00eas aprofundam o tema da solidariedade em diferentes \u00e1reas \u2013 economia e pol\u00edtica, espiritualidade e vida interior, arte e cultura, di\u00e1logo inter-religioso, ecologia e justi\u00e7a, migra\u00e7\u00f5es e sa\u00fade, por exemplo.<\/p>\n<p>Esta \u00e9 uma semana diferente, mas desde Maio que a comunidade prop\u00f5e diferentes iniciativas para assinalar este ano de anivers\u00e1rios.<\/p>\n<p>A primeira delas foi a comemora\u00e7\u00e3o do anivers\u00e1rio natal\u00edcio do irm\u00e3o Roger, que reuniu muitas pessoas das vizinhan\u00e7as de Taiz\u00e9 numa ora\u00e7\u00e3o e num conv\u00edvio com os monges da comunidade.<\/p>\n<p>No in\u00edcio de Julho, cerca de 350 jovens monges e monjas, cat\u00f3licos, protestantes e ortodoxos origin\u00e1rios de 52 pa\u00edses debateram e refletiram sobre a atualidade da sua voca\u00e7\u00e3o; e daqui a tr\u00eas semanas, ter\u00e1 lugar um col\u00f3quio sobre o pensamento teol\u00f3gico do irm\u00e3o Roger, para o qual contribuir\u00e3o essencialmente te\u00f3logos com menos de 40 anos.<\/p>\n<p>Tamb\u00e9m pela primeira vez desde h\u00e1 d\u00e9cadas, os irm\u00e3os da comunidade que vivem em pequenas fraternidades nos diferentes continentes est\u00e3o em Taiz\u00e9.<\/p>\n<p>A centena de monges re\u00fane-se, assim, durante alguns dias, e estes irm\u00e3os \u2013 em comunidades situadas em pa\u00edses como o Brasil, o Qu\u00eania ou o Bangladesh.<\/p>\n<p>Para este Ver\u00e3o diferente em Taiz\u00e9, o irm\u00e3o Alois, pior da comunidade desde h\u00e1 dez anos, preparou uma mensagem especial: \u201cA humanidade atravessa um per\u00edodo de transi\u00e7\u00e3o dif\u00edcil e de destino incerto\u201d, escreve.<\/p>\n<p>No texto, dispon\u00edvel no s\u00edtio de Taiz\u00e9 na internet, o sucessor do irm\u00e3o Roger acrescenta: \u201cH\u00e1 pessoas que fixam o seu olhar nos aspectos negativos, ao ponto de perderem a esperan\u00e7a.\u201d<\/p>\n<p>E acrescenta alguns dos problemas que a humanidade vive: \u201cmovimentos de popula\u00e7\u00f5es, desastres ambientais, desigualdades, desemprego em massa, viol\u00eancias&#8230;\u201d<\/p>\n<p>A mensagem prop\u00f5e, no entanto, um olhar de esperan\u00e7a sobre a realidade: \u201cOutros sabem ver novas manifesta\u00e7\u00f5es de vida: fr\u00e1geis ainda, mas muitas vezes levadas por uma criatividade incr\u00edvel, mostram que o ser humano n\u00e3o foi feito para o desespero. As crises podem libertar energias de que n\u00e3o se suspeitava e podem juntar vontades.\u201d<\/p>\n<p>S\u00e3o exemplos de energias libertadas que estes dias ser\u00e3o debatidas em Taiz\u00e9.<\/p>\n<p>Seis euro deputados, uma centena de respons\u00e1veis de diferentes igrejas \u2013 entre os quais o patriarca de Lisboa, D. Manuel Clemente \u2013, membros de organiza\u00e7\u00f5es de solidariedade ou de promo\u00e7\u00e3o dos direitos humanos est\u00e3o entre as dezenas de convidados que animam os ateli\u00eas propostos at\u00e9 domingo.<\/p>\n<p>Na tarde desse dia, quando se completam precisamente dez anos sobre a morte do irm\u00e3o Roger, uma ora\u00e7\u00e3o ao ar livre reunir\u00e1 perto de sete mil pessoas. Ser\u00e1 esse o momento culminante desta semana e deste ano anivers\u00e1rio.<\/p>\n<p>\u201cDeus de compaix\u00e3o, agradecemos-te pela vida do irm\u00e3o Roger\u201d, escreve o irm\u00e3o Alois, na carta citada. \u201cNum mundo tantas vezes dilacerado pela viol\u00eancia, ele quis criar uma comunidade que fosse par\u00e1bola de comunh\u00e3o.\u201d<\/p>\n<p>A proposta de Taiz\u00e9 e do irm\u00e3o Alois para o pr\u00f3ximo ano \u00e9 a da miseric\u00f3rdia: \u201cRedescubramos a bondade de Deus e a bondade humana; elas s\u00e3o mais profundas do que o mal! Atrav\u00e9s delas, atingimos o cora\u00e7\u00e3o da mensagem de Cristo. Foi neste esp\u00edrito de Evangelho que o Papa Francisco lan\u00e7ou um ano da miseric\u00f3rdia: todos s\u00e3o chamados a refletir, atrav\u00e9s da sua vida, o perd\u00e3o e a compaix\u00e3o sem limite de Deus.\u201d<\/p>\n<p>A arte tamb\u00e9m tenta concretizar esta mensagem: \u00e0 porta da Igreja da Reconcilia\u00e7\u00e3o, o centro da vida de Taiz\u00e9, dois grandes pain\u00e9is estavam hoje a ser colocados, com as palavras \u201calegria, simplicidade, miseric\u00f3rdia\u201d, escritas em diversas l\u00ednguas.<\/p>\n<p>E, pela primeira vez na arte dos \u00edcones, um \u00edcone de Jesus misericordioso, que representa as diferentes cenas da par\u00e1bola do bom samaritano, est\u00e1 tamb\u00e9m no lugar de honra, no altar da Igreja da Reconcilia\u00e7\u00e3o.<\/p>\n<p>Na sua carta, o irm\u00e3o Alois conclui: \u201c\u00c9s tu mesmo posto \u00e0 prova? Cristo olha para ti com bondade. Ele cuida de ti como de toda a humanidade. O seu rosto de amor \u00e9-te por vezes revelado atrav\u00e9s de uma pessoa desprezada, tal como este estrangeiro, o Samaritano.\u201d<\/p>\n<p style=\"text-align: justify;\">Fonte: Agencia Ecclesia<\/p>\n","protected":false},"excerpt":{"rendered":"<p>Foi com um c\u00e2ntico em portugu\u00eas que se iniciou, esta manh\u00e3, o primeiro tempo de ora\u00e7\u00e3o do encontro \u201cPor uma Nova Solidariedade\u201d, que a comunidade mon\u00e1stica de Taiz\u00e9 promove at\u00e9 domingo na pequena aldeia da Borgonha (Fran\u00e7a). As cerca de quatro mil vozes presentes esta semana na colina entoaram \u201cCantarei ao Senhor enquanto viver, louvarei [&hellip;]<\/p>\n","protected":false},"author":1,"featured_media":0,"comment_status":"closed","ping_status":"closed","sticky":false,"template":"","format":"standard","meta":{"footnotes":""},"categories":[4],"tags":[],"class_list":["post-6346","post","type-post","status-publish","format-standard","hentry","category-cotidiano"],"_links":{"self":[{"href":"https:\/\/catolicanet.net\/wp-cnet\/wp-json\/wp\/v2\/posts\/6346","targetHints":{"allow":["GET"]}}],"collection":[{"href":"https:\/\/catolicanet.net\/wp-cnet\/wp-json\/wp\/v2\/posts"}],"about":[{"href":"https:\/\/catolicanet.net\/wp-cnet\/wp-json\/wp\/v2\/types\/post"}],"author":[{"embeddable":true,"href":"https:\/\/catolicanet.net\/wp-cnet\/wp-json\/wp\/v2\/users\/1"}],"replies":[{"embeddable":true,"href":"https:\/\/catolicanet.net\/wp-cnet\/wp-json\/wp\/v2\/comments?post=6346"}],"version-history":[{"count":1,"href":"https:\/\/catolicanet.net\/wp-cnet\/wp-json\/wp\/v2\/posts\/6346\/revisions"}],"predecessor-version":[{"id":11144,"href":"https:\/\/catolicanet.net\/wp-cnet\/wp-json\/wp\/v2\/posts\/6346\/revisions\/11144"}],"wp:attachment":[{"href":"https:\/\/catolicanet.net\/wp-cnet\/wp-json\/wp\/v2\/media?parent=6346"}],"wp:term":[{"taxonomy":"category","embeddable":true,"href":"https:\/\/catolicanet.net\/wp-cnet\/wp-json\/wp\/v2\/categories?post=6346"},{"taxonomy":"post_tag","embeddable":true,"href":"https:\/\/catolicanet.net\/wp-cnet\/wp-json\/wp\/v2\/tags?post=6346"}],"curies":[{"name":"wp","href":"https:\/\/api.w.org\/{rel}","templated":true}]}}