{"id":63434,"date":"2020-10-16T09:36:29","date_gmt":"2020-10-16T12:36:29","guid":{"rendered":"https:\/\/catolicanet.net\/wp-cnet\/?p=63434"},"modified":"2020-10-16T13:37:37","modified_gmt":"2020-10-16T16:37:37","slug":"lancado-o-logotipo-da-jornada-mundial-da-juventude-2023","status":"publish","type":"post","link":"https:\/\/catolicanet.net\/wp-cnet\/lancado-o-logotipo-da-jornada-mundial-da-juventude-2023\/","title":{"rendered":"Lan\u00e7ado o logotipo da Jornada Mundial da Juventude 2023"},"content":{"rendered":"<h2 class=\"subtitle\" style=\"text-align: justify;\">Encontro acontecer\u00e1 em Lisboa, Portugal<\/h2>\n<p style=\"text-align: justify;\">Os organizadores da Jornada Mundial da Juventude de 2023 lan\u00e7aram hoje, 16 de outubro, o logotipo oficial do evento, que acontecer\u00e1 em Lisboa, Portugal.<\/p>\n<p style=\"text-align: justify;\">A data de lan\u00e7amento, ali\u00e1s, n\u00e3o poderia ser mais especial. \u00c9 o dia em que Jo\u00e3o Paulo II, criador da Jornada Mundial da Juventude, foi eleito papa.<\/p>\n<h3 style=\"text-align: justify;\">O novo logotipo da Jornada Mundial da Juventude<\/h3>\n<p style=\"text-align: justify;\">O logotipo foi criado pela designer portuguesa Beatriz Roque Antunes. Ela tem 24 anos, cursou design na Inglaterra, trabalha em uma ag\u00eancia de comunica\u00e7\u00e3o de Lisboa e foi a vencedora do concurso que escolheu a melhor arte para divulgar o encontro.<\/p>\n<p style=\"text-align: justify;\">Segundo a designer, a inspira\u00e7\u00e3o para a pe\u00e7a veio do pr\u00f3prio tema da JMJ 2023: \u201cMaria levantou-se e partiu apressadamente\u201d (Lc 1, 39). Em um\u00a0<a href=\"https:\/\/www.youtube.com\/watch?v=M82sqKQupVI\" target=\"_blank\" rel=\"noopener noreferrer\">v\u00eddeo<\/a>, a autora explicou o que quis transmitir com a imagem: \u201cComo nos diz a passagem que \u00e9 o tema da JMJ Lisboa 2023, Maria n\u00e3o se acomoda e vai visitar a prima. \u00c9 esse o convite aos jovens: que n\u00e3o se acomodem, que fa\u00e7am acontecer, que construam e n\u00e3o deixem o destino do mundo nas m\u00e3os dos outros. Precisamos todos que os jovens tomem o mundo nas suas m\u00e3os\u201d.<\/p>\n<figure class=\"alignnone\" style=\"text-align: justify;\"><img decoding=\"async\" src=\"https:\/\/wp.pt.aleteia.org\/wp-content\/uploads\/sites\/5\/2020\/10\/WYD2023-beatriz-roque-antunes-1.jpg\" alt=\"\" \/><\/p>\n<footer><small>Image provided by the Vatican Press Office<\/small><\/footer><figcaption>Beatriz Roque Antunes venceu o concurso que definiu o logotipo da JMJ 2023<\/figcaption><\/figure>\n<h3 style=\"text-align: justify;\">Os elementos da arte<\/h3>\n<p style=\"text-align: justify;\">Al\u00e9m de transmitir a mensagem-tema da Jornada Mundial da Juventude, o logotipo reflete tamb\u00e9m tra\u00e7os da religiosidade do povo portugu\u00eas. As cores da bandeira de Portugal (verde, vermelho e amarelo), portanto, marcam forte presen\u00e7a.<\/p>\n<figure class=\"alignnone\" style=\"text-align: justify;\"><img decoding=\"async\" src=\"https:\/\/wp.pt.aleteia.org\/wp-content\/uploads\/sites\/5\/2020\/10\/WYD2023-LOGO.jpg\" alt=\"\" \/><\/p>\n<footer><small>Image provided by the Vatican Press Office<\/small><\/footer>\n<\/figure>\n<p style=\"text-align: justify;\">O desenho tem a cruz como elemento principal. Trata-se, portanto, do sinal do amor de Deus pela humanidade.<\/p>\n<div id=\"article-desk-content-p6-ad_2020_10_16_lancado-o-logotipo-da-jornada-mundial-da-juventude-2023\" class=\"css-y9mcup\" style=\"text-align: justify;\" data-google-query-id=\"CLL0xezFuewCFZswuQYd_eoIEQ\">\n<div id=\"google_ads_iframe_64500793\/PT_DESK_ARTICLE_WELCOME_1X1_1__container__\"><\/div>\n<\/div>\n<p style=\"text-align: justify;\">No entanto, a cruz \u00e9 atravessada por um caminho. Isso pode ser interpretado como sendo a estrada que Maria percorreu para visitar Isabel. Pode ser tamb\u00e9m um convite para que os jovens n\u00e3o se acomodem pelo caminho que os levar\u00e1 a construir um mundo melhor, sempre guiados pelo Esp\u00edrito Santo.<\/p>\n<p style=\"text-align: justify;\">Por outro lado, o logotipo faz refer\u00eancia ao Ter\u00e7o. Na verdade, este \u00e9 um grande s\u00edmbolo da espiritualidade dos portugueses e sua imensa devo\u00e7\u00e3o a Nossa Senhora de F\u00e1tima.<\/p>\n<p style=\"text-align: justify;\">Por fim, a imagem do perfil de Maria ainda jovem. Certamente, esse s\u00edmbolo garante a identifica\u00e7\u00e3o com o p\u00fablico do evento e representa bem o tema escolhido para o encontro.<\/p>\n<h3 style=\"text-align: justify;\">Site oficial<\/h3>\n<p style=\"text-align: justify;\">Os organizadores da Jornada Mundial lan\u00e7aram tamb\u00e9m o site oficial do encontro. Ao acessar\u00a0<a href=\"https:\/\/lisboa2023.org\/pt\/\" target=\"_blank\" rel=\"noopener noreferrer\">www.lisboa2023.org<\/a>, o internauta poder\u00e1 ficar por dentro de tudo sobre o evento: organiza\u00e7\u00e3o, datas, programa\u00e7\u00e3o e not\u00edcias sobre o encontro, o pa\u00eds e a cidade-sede.<\/p>\n<p style=\"text-align: justify;\">Portanto, n\u00e3o perca tempo; acesse!<\/p>\n<p style=\"text-align: justify;\">\n","protected":false},"excerpt":{"rendered":"<p>Encontro acontecer\u00e1 em Lisboa, Portugal Os organizadores da Jornada Mundial da Juventude de 2023 lan\u00e7aram hoje, 16 de outubro, o logotipo oficial do evento, que acontecer\u00e1 em Lisboa, Portugal. A data de lan\u00e7amento, ali\u00e1s, n\u00e3o poderia ser mais especial. \u00c9 o dia em que Jo\u00e3o Paulo II, criador da Jornada Mundial da Juventude, foi eleito [&hellip;]<\/p>\n","protected":false},"author":1,"featured_media":63435,"comment_status":"open","ping_status":"closed","sticky":false,"template":"","format":"standard","meta":{"footnotes":""},"categories":[4],"tags":[],"class_list":["post-63434","post","type-post","status-publish","format-standard","has-post-thumbnail","hentry","category-cotidiano"],"_links":{"self":[{"href":"https:\/\/catolicanet.net\/wp-cnet\/wp-json\/wp\/v2\/posts\/63434","targetHints":{"allow":["GET"]}}],"collection":[{"href":"https:\/\/catolicanet.net\/wp-cnet\/wp-json\/wp\/v2\/posts"}],"about":[{"href":"https:\/\/catolicanet.net\/wp-cnet\/wp-json\/wp\/v2\/types\/post"}],"author":[{"embeddable":true,"href":"https:\/\/catolicanet.net\/wp-cnet\/wp-json\/wp\/v2\/users\/1"}],"replies":[{"embeddable":true,"href":"https:\/\/catolicanet.net\/wp-cnet\/wp-json\/wp\/v2\/comments?post=63434"}],"version-history":[{"count":1,"href":"https:\/\/catolicanet.net\/wp-cnet\/wp-json\/wp\/v2\/posts\/63434\/revisions"}],"predecessor-version":[{"id":63436,"href":"https:\/\/catolicanet.net\/wp-cnet\/wp-json\/wp\/v2\/posts\/63434\/revisions\/63436"}],"wp:featuredmedia":[{"embeddable":true,"href":"https:\/\/catolicanet.net\/wp-cnet\/wp-json\/wp\/v2\/media\/63435"}],"wp:attachment":[{"href":"https:\/\/catolicanet.net\/wp-cnet\/wp-json\/wp\/v2\/media?parent=63434"}],"wp:term":[{"taxonomy":"category","embeddable":true,"href":"https:\/\/catolicanet.net\/wp-cnet\/wp-json\/wp\/v2\/categories?post=63434"},{"taxonomy":"post_tag","embeddable":true,"href":"https:\/\/catolicanet.net\/wp-cnet\/wp-json\/wp\/v2\/tags?post=63434"}],"curies":[{"name":"wp","href":"https:\/\/api.w.org\/{rel}","templated":true}]}}